{"id":11534,"date":"2023-09-07T08:56:38","date_gmt":"2023-09-07T13:56:38","guid":{"rendered":"https:\/\/www.amchambaq.com\/?p=11534"},"modified":"2023-09-07T08:56:38","modified_gmt":"2023-09-07T13:56:38","slug":"fed-advierte-que-el-crecimiento-salarial-en-ee-uu-se-desacelerara","status":"publish","type":"post","link":"https:\/\/www.amchambaq.com\/es_co\/fed-advierte-que-el-crecimiento-salarial-en-ee-uu-se-desacelerara\/","title":{"rendered":"Fed advierte que el crecimiento salarial en EE. UU. se desacelerar\u00e1"},"content":{"rendered":"<p>La <b>Reserva Federal (Fed)\u00a0<\/b>estim\u00f3 que durante la segunda mitad del a\u00f1o habr\u00e1 una desaceleraci\u00f3n de los salarios en\u00a0<b>Estados Unidos<\/b>\u00a0por los elevados costos laborales, derivados en gran parte de las subidas de tasas que ha llevado a cabo el regulador para bajar los precios del consumidor.<\/p>\n<p>\u201c<i>El crecimiento salarial se desacelerar\u00e1 ampliamente en el corto plazo<\/i>\u201d, afirm\u00f3 el banco central estadounidense en su libro beige, un documento en el que recoge informaci\u00f3n reciente de la econom\u00eda del pa\u00eds.<\/p>\n<p>\u201c<i>El crecimiento de las presiones sobre los costos laborales fue elevado en la mayor\u00eda de los distritos y a menudo super\u00f3 las expectativas durante la primera mitad del a\u00f1o<\/i>\u201d, se\u00f1al\u00f3 la Fed, que elabora este an\u00e1lisis con informaci\u00f3n que le facilitan las distintas\u00a0<b>Reservas Federales regionales<\/b>.<\/p>\n<p>En este caso, se analizan los datos recogidos en los \u00faltimos dos meses, en los que el crecimiento del empleo \u201c<i>fue moderado<\/i>\u201d en todo el pa\u00eds, se\u00f1ala la Fed, con una desaceleraci\u00f3n de la contrataci\u00f3n. Seg\u00fan los datos oficiales de la\u00a0<b>Oficina de Estad\u00edsticas Laborales (BLS, en ingl\u00e9s)<\/b>, la creaci\u00f3n de empleo en los \u00faltimos meses se ha ralentizado.<\/p>\n<p>En agosto se crearon 187.000 puestos, dato que est\u00e1 por debajo de la media de los \u00faltimos doce meses, 271.000. Adem\u00e1s, la tasa de desempleo subi\u00f3 tres d\u00e9cimas en agosto y se situ\u00f3 en el 3,8%,\u00a0<b>una cifra que sigue siendo baja, aunque la elevada s\u00ed es reflejo de las once subidas consecutivas de tasas de inter\u00e9s desde marzo de 2022.<\/b><\/p>\n<p>Aunque la contrataci\u00f3n se desaceler\u00f3, la mayor\u00eda de los distritos indicaron que persist\u00edan los desequilibrios en el mercado laboral,\u00a0<b>ya que la disponibilidad de trabajadores calificados y el n\u00famero de solicitantes segu\u00edan siendo limitados.<\/b><\/p>\n<p id=\"pnull-m200-3-201\" class=\"parrafo\" spellcheck=\"false\" data-lt-tmp-id=\"lt-268080\" data-gramm=\"false\">La Reserva Federal tambi\u00e9n estim\u00f3 que en la mayor\u00eda de distritos el crecimiento de los precios se desaceler\u00f3, especialmente en los sectores de manufactura y bienes de consumo.<\/p>\n<p>En la mayor\u00eda de regiones el crecimiento fue modesto durante\u00a0<b>julio\u00a0<\/b>y\u00a0<b>agosto\u00a0<\/b>y, aunque el gasto de los consumidores en turismo fue mayor de lo esperado, los otros gastos minoristas continuaron desaceler\u00e1ndose, especialmente los referentes a art\u00edculos no esenciales. Esto sugiere que \u201c<i>los consumidores pueden haber agotado sus ahorros y dependen m\u00e1s de los pr\u00e9stamos para respaldar el gasto<\/i>\u201d.<\/p>\n<div id=\"pnull-m252-4-253\" class=\"highlighted\">\n<div id=\"m257-256-258\" class=\"tiemposBold3\" spellcheck=\"false\" data-lt-tmp-id=\"lt-33558\" data-gramm=\"false\">El papel de los ahorros<\/div>\n<\/div>\n<p id=\"pnull-m266-5-267\" class=\"parrafo\" spellcheck=\"false\" data-lt-tmp-id=\"lt-368286\" data-gramm=\"false\">El crecimiento econ\u00f3mico registr\u00f3 un aumento \u201c<i>modesto<\/i>\u201d en Estados Unidos durante el verano boreal gracias a que los\u00a0<b>consumidores\u00a0<\/b>apelaron a sus diezmados ahorros acumulados durante la pandemia para financiar sus gastos, como el turismo, se\u00f1al\u00f3 la Reserva Federal.<\/p>\n<p spellcheck=\"false\" data-lt-tmp-id=\"lt-368286\" data-gramm=\"false\">En algunas regiones, la informaci\u00f3n sugiere que \u201c<i>los consumidores podr\u00edan haber agotado sus ahorros y se financian m\u00e1s con cr\u00e9ditos<\/i>\u201d. La\u00a0<b>tasa de ahorro<\/b>\u00a0de los hogares en Estados Unidos estall\u00f3 durante la pandemia, gracias a generosas ayudas del Estado federal, estatales y menores gastos por la par\u00e1lisis ligada el distanciamiento social.<\/p>\n","protected":false},"excerpt":{"rendered":"<p>La Reserva Federal (Fed)\u00a0estim\u00f3 que durante la segunda mitad del a\u00f1o habr\u00e1 una desaceleraci\u00f3n de los salarios en\u00a0Estados Unidos\u00a0por los elevados costos laborales, derivados en gran parte de las subidas de tasas que ha llevado a cabo el regulador para bajar los precios del consumidor. \u201cEl crecimiento salarial se desacelerar\u00e1 ampliamente en el corto plazo\u201d,<\/p>\n","protected":false},"author":1,"featured_media":11535,"comment_status":"closed","ping_status":"closed","sticky":false,"template":"","format":"standard","meta":{"footnotes":""},"categories":[342,181],"tags":[],"class_list":["post-11534","post","type-post","status-publish","format-standard","has-post-thumbnail","hentry","category-news","category-noticias"],"views":25,"_links":{"self":[{"href":"https:\/\/www.amchambaq.com\/es_co\/wp-json\/wp\/v2\/posts\/11534","targetHints":{"allow":["GET"]}}],"collection":[{"href":"https:\/\/www.amchambaq.com\/es_co\/wp-json\/wp\/v2\/posts"}],"about":[{"href":"https:\/\/www.amchambaq.com\/es_co\/wp-json\/wp\/v2\/types\/post"}],"author":[{"embeddable":true,"href":"https:\/\/www.amchambaq.com\/es_co\/wp-json\/wp\/v2\/users\/1"}],"replies":[{"embeddable":true,"href":"https:\/\/www.amchambaq.com\/es_co\/wp-json\/wp\/v2\/comments?post=11534"}],"version-history":[{"count":1,"href":"https:\/\/www.amchambaq.com\/es_co\/wp-json\/wp\/v2\/posts\/11534\/revisions"}],"predecessor-version":[{"id":11536,"href":"https:\/\/www.amchambaq.com\/es_co\/wp-json\/wp\/v2\/posts\/11534\/revisions\/11536"}],"wp:featuredmedia":[{"embeddable":true,"href":"https:\/\/www.amchambaq.com\/es_co\/wp-json\/wp\/v2\/media\/11535"}],"wp:attachment":[{"href":"https:\/\/www.amchambaq.com\/es_co\/wp-json\/wp\/v2\/media?parent=11534"}],"wp:term":[{"taxonomy":"category","embeddable":true,"href":"https:\/\/www.amchambaq.com\/es_co\/wp-json\/wp\/v2\/categories?post=11534"},{"taxonomy":"post_tag","embeddable":true,"href":"https:\/\/www.amchambaq.com\/es_co\/wp-json\/wp\/v2\/tags?post=11534"}],"curies":[{"name":"wp","href":"https:\/\/api.w.org\/{rel}","templated":true}]}}