{"id":11491,"date":"2023-08-25T11:06:27","date_gmt":"2023-08-25T16:06:27","guid":{"rendered":"https:\/\/www.amchambaq.com\/?p=11491"},"modified":"2023-08-25T11:06:27","modified_gmt":"2023-08-25T16:06:27","slug":"mipymes-recibiran-130-millones-para-obtener-certificaciones-para-exportar","status":"publish","type":"post","link":"https:\/\/www.amchambaq.com\/es_co\/mipymes-recibiran-130-millones-para-obtener-certificaciones-para-exportar\/","title":{"rendered":"Mipymes recibir\u00e1n $130 millones para obtener certificaciones para exportar"},"content":{"rendered":"<p>Con una inversi\u00f3n de $960 millones, el\u00a0<strong>Ministerio de Comercio<\/strong>, a trav\u00e9s de\u00a0<strong>Colombia Productiva<\/strong>, puso a disposici\u00f3n de los empresarios del pa\u00eds la nueva convocatoria Calidad para la Internacionalizaci\u00f3n, con la que se brindar\u00e1 cofinanciaci\u00f3n a proyectos de empresas que busquen obtener\u00a0<strong>certificaciones\u00a0<\/strong>de calidad internacionales, necesarias para exportar.<\/p>\n<p>En la convocatoria podr\u00e1n participar micro, peque\u00f1as y medianas\u00a0<strong>empresas\u00a0<\/strong>de los sectores de\u00a0<strong>agroalimentos<\/strong>, sistemas,\u00a0<strong>moda<\/strong>, qu\u00edmicos, pl\u00e1sticos, industrias para la\u00a0<strong>construcci\u00f3n<\/strong>, industrias del movimiento,\u00a0<strong>servicios<\/strong>,\u00a0<strong>turismo<\/strong>, BPO, ITO y actividades econ\u00f3micas relacionadas con las apuestas productivas de la\u00a0<strong>Pol\u00edtica de Reindustrializaci\u00f3n<\/strong>: agroindustria y<strong>\u00a0soberan\u00eda alimentaria,<\/strong>\u00a0salud, defensa y vida. Tambi\u00e9n podr\u00e1n participar\u00a0<strong>laboratorios\u00a0<\/strong>que practiquen ensayos de calidad a estos sectores.<\/p>\n<p>El ministro de Comercio,\u00a0<strong>Germ\u00e1n Uma\u00f1a<\/strong>, explic\u00f3 que \u201cdiversificar la canasta exportable colombiana es fundamental para avanzar en el objetivo que nos hemos planteado desde el Gobierno nacional y en la Pol\u00edtica de Reindustrializaci\u00f3n que construimos con los sectores p\u00fablico y privado para transitar hacia una econom\u00eda del conocimiento, productiva y sostenible.<\/p>\n<p>Las empresas y\u00a0<strong>laboratorios\u00a0<\/strong>que resulten beneficiados recibir\u00e1n hasta $130 millones de cofinanciaci\u00f3n no reembolsable, es decir, hasta el 70 % del costo de los proyectos que tengan que implementar para obtener las certificaciones internacionales.<\/p>\n<p><strong>Aurelio Mej\u00eda<\/strong>, gerente general de\u00a0<strong>Colombia Productiva<\/strong>, se\u00f1al\u00f3 que \u201clas\u00a0<strong>mipymes\u00a0<\/strong>colombianas tienen el reto de cumplir est\u00e1ndares de calidad que les permitan acceder a mercados internacionales. Seg\u00fan el\u00a0<strong>DANE<\/strong>, 3,1 % de las industrias tiene certificaciones de calidad de producto y solo el 6,3 %, de proceso. Uno de los principales objetivos de esta convocatoria es que m\u00e1s empresas cuenten con estas certificaciones y adopten la cultura de la calidad para que tengan una oferta de mayor valor agregado y se alisten para exportar\u201d.<\/p>\n<p>Las empresas o laboratorios que resulten beneficiados podr\u00e1n invertir los recursos de cofinanciaci\u00f3n en la contrataci\u00f3n servicios de asistencia t\u00e9cnica para adecuar sus procesos, formaci\u00f3n (cursos o diplomados) relacionados con la certificaci\u00f3n o acreditaci\u00f3n que requieran, as\u00ed como servicios de ensayos de laboratorio o de organismos evaluadores y acreditadores.<\/p>\n","protected":false},"excerpt":{"rendered":"<p>Con una inversi\u00f3n de $960 millones, el\u00a0Ministerio de Comercio, a trav\u00e9s de\u00a0Colombia Productiva, puso a disposici\u00f3n de los empresarios del pa\u00eds la nueva convocatoria Calidad para la Internacionalizaci\u00f3n, con la que se brindar\u00e1 cofinanciaci\u00f3n a proyectos de empresas que busquen obtener\u00a0certificaciones\u00a0de calidad internacionales, necesarias para exportar. En la convocatoria podr\u00e1n participar micro, peque\u00f1as y medianas\u00a0empresas\u00a0de<\/p>\n","protected":false},"author":1,"featured_media":11492,"comment_status":"closed","ping_status":"closed","sticky":false,"template":"","format":"standard","meta":{"footnotes":""},"categories":[342,181],"tags":[],"class_list":["post-11491","post","type-post","status-publish","format-standard","has-post-thumbnail","hentry","category-news","category-noticias"],"views":40,"_links":{"self":[{"href":"https:\/\/www.amchambaq.com\/es_co\/wp-json\/wp\/v2\/posts\/11491","targetHints":{"allow":["GET"]}}],"collection":[{"href":"https:\/\/www.amchambaq.com\/es_co\/wp-json\/wp\/v2\/posts"}],"about":[{"href":"https:\/\/www.amchambaq.com\/es_co\/wp-json\/wp\/v2\/types\/post"}],"author":[{"embeddable":true,"href":"https:\/\/www.amchambaq.com\/es_co\/wp-json\/wp\/v2\/users\/1"}],"replies":[{"embeddable":true,"href":"https:\/\/www.amchambaq.com\/es_co\/wp-json\/wp\/v2\/comments?post=11491"}],"version-history":[{"count":1,"href":"https:\/\/www.amchambaq.com\/es_co\/wp-json\/wp\/v2\/posts\/11491\/revisions"}],"predecessor-version":[{"id":11493,"href":"https:\/\/www.amchambaq.com\/es_co\/wp-json\/wp\/v2\/posts\/11491\/revisions\/11493"}],"wp:featuredmedia":[{"embeddable":true,"href":"https:\/\/www.amchambaq.com\/es_co\/wp-json\/wp\/v2\/media\/11492"}],"wp:attachment":[{"href":"https:\/\/www.amchambaq.com\/es_co\/wp-json\/wp\/v2\/media?parent=11491"}],"wp:term":[{"taxonomy":"category","embeddable":true,"href":"https:\/\/www.amchambaq.com\/es_co\/wp-json\/wp\/v2\/categories?post=11491"},{"taxonomy":"post_tag","embeddable":true,"href":"https:\/\/www.amchambaq.com\/es_co\/wp-json\/wp\/v2\/tags?post=11491"}],"curies":[{"name":"wp","href":"https:\/\/api.w.org\/{rel}","templated":true}]}}