{"id":11479,"date":"2023-08-22T08:14:27","date_gmt":"2023-08-22T13:14:27","guid":{"rendered":"https:\/\/www.amchambaq.com\/?p=11479"},"modified":"2023-08-22T08:14:27","modified_gmt":"2023-08-22T13:14:27","slug":"la-competitividad-es-clave-para-impulsar-la-economia-de-la-region-caribe","status":"publish","type":"post","link":"https:\/\/www.amchambaq.com\/es_co\/la-competitividad-es-clave-para-impulsar-la-economia-de-la-region-caribe\/","title":{"rendered":"La competitividad es clave para impulsar la econom\u00eda de la regi\u00f3n Caribe"},"content":{"rendered":"<p>Es clave impulsar la competitividad de todos los departamentos del\u00a0<strong>Caribe<\/strong>, especialmente en los m\u00e1s rezagados, con el objetivo de impulsar la econom\u00eda conjunta, asegur\u00f3 un informe de Fundesarrollo que trata sobre la actual situaci\u00f3n macroecon\u00f3mica de la\u00a0<strong>regi\u00f3n Caribe.<\/strong><\/p>\n<p>El\u00a0<strong>Indicador Mensual de la Actividad Econ\u00f3mica (IMAE)<\/strong>, publicado por el\u00a0<strong>Banco de la Rep\u00fablica<\/strong>, registr\u00f3 un crecimiento anual para la regi\u00f3n Caribe de 1,4 %, durante el primer trimestre del 2023, en l\u00ednea con el desempe\u00f1o econ\u00f3mico nacional, como consecuencia de la desaceleraci\u00f3n en su capacidad productiva, principalmente por deterioros persistentes en las<strong>\u00a0actividades agropecuarias<\/strong>\u00a0y comerciales.<\/p>\n<p>A excepci\u00f3n del resto de sectores econ\u00f3micos, la<strong>\u00a0industria manufacturera<\/strong>, acompa\u00f1ada de las exportaciones y el movimiento de carga terrestre, jalonaron el crecimiento del IMAE para la\u00a0<strong>Costa Caribe.<\/strong><\/p>\n<p>De acuerdo con el<strong>\u00a0\u00cdndice Departamental de Competitividad (IDC)<\/strong>\u00a0de 2023, la<strong>\u00a0regi\u00f3n Caribe\u00a0<\/strong>promedi\u00f3 un puntaje de 4,6, siendo el Atl\u00e1ntico el territorio con mejores condiciones y La Guajira el de la menor puntuaci\u00f3n. As\u00ed mismo, solo 2 de los 7 departamentos del Caribe se ubicaron en posiciones principales dentro de los 33 analizados,\u00a0<strong>Atl\u00e1ntico\u00a0<\/strong>(3) y\u00a0<strong>Bol\u00edvar\u00a0<\/strong>(11), mientras que el resto ostentan posiciones inferiores.<\/p>\n<p>\u201cEstos resultados evidencian una heterogeneidad importante entre los departamentos de la regi\u00f3n\u201d, recalc\u00f3<strong>\u00a0Oriana \u00c1lvarez Vos<\/strong>, directora de\u00a0<strong>Fundesarrollo<\/strong>.<\/p>\n<p>El an\u00e1lisis se\u00f1al\u00f3 que la seguridad alimentaria se ha fortalecido. En el primer trimestre de 2023, el 67,2 % de los hogares de este territorio consumieron 3 o m\u00e1s comidas al d\u00eda. Durante el mismo periodo de 2022, este porcentaje fue de 59,8 %.<\/p>\n<p>Sin embargo, entre las ciudades de la regi\u00f3n existen brechas importantes. Mientras que en\u00a0<strong>Barranquilla<\/strong>, que fue la mejor posicionada del Caribe, esta medida ascendi\u00f3 a 87,6 %, en Cartagena, que registr\u00f3 el menor porcentaje, fue de 50,6 %.<\/p>\n<div class=\"field-item odd\">\n<div class=\"entity entity-paragraphs-item paragraphs-item-descripcion\">\n<div class=\"content\">\n<div class=\"field field-name-field-descripcion field-type-text-long field-label-hidden\">\n<div class=\"field-items\">\n<div class=\"field-item even\">\n<p>\u201cUna soluci\u00f3n es generar iniciativas territoriales para el acceso a alimentos mediante subsidios hacia las familias m\u00e1s vulnerables de cada zona\u201d, dijo \u00c1lvarez.<\/p>\n<\/div>\n<\/div>\n<\/div>\n<\/div>\n<\/div>\n<\/div>\n<div class=\"field-item even\">\n<div class=\"content-titulo\">\n<div class=\"titulo\"><strong>El trabajo informal sigue siendo un reto<\/strong><\/div>\n<\/div>\n<\/div>\n<div class=\"field-item odd\">\n<div class=\"entity entity-paragraphs-item paragraphs-item-descripcion\">\n<div class=\"content\">\n<div class=\"field field-name-field-descripcion field-type-text-long field-label-hidden\">\n<div class=\"field-items\">\n<div class=\"field-item even\">\n<p>La tasa de informalidad contin\u00faa siendo un reto importante. En el periodo de an\u00e1lisis, en promedio el 62,5 % de los empleos del Caribe se registraron como informales.<\/p>\n<p>Para\u00a0<strong>Fundesarrollo\u00a0<\/strong>es importante reforzar los programas de formaci\u00f3n para el trabajo, as\u00ed como tambi\u00e9n reducir los costos de la formalizaci\u00f3n para las empresas.<\/p>\n<p>Tomado de: EL HERALDO<\/p>\n<\/div>\n<\/div>\n<\/div>\n<\/div>\n<\/div>\n<\/div>\n","protected":false},"excerpt":{"rendered":"<p>Es clave impulsar la competitividad de todos los departamentos del\u00a0Caribe, especialmente en los m\u00e1s rezagados, con el objetivo de impulsar la econom\u00eda conjunta, asegur\u00f3 un informe de Fundesarrollo que trata sobre la actual situaci\u00f3n macroecon\u00f3mica de la\u00a0regi\u00f3n Caribe. El\u00a0Indicador Mensual de la Actividad Econ\u00f3mica (IMAE), publicado por el\u00a0Banco de la Rep\u00fablica, registr\u00f3 un crecimiento anual<\/p>\n","protected":false},"author":1,"featured_media":11480,"comment_status":"closed","ping_status":"closed","sticky":false,"template":"","format":"standard","meta":{"footnotes":""},"categories":[342,181],"tags":[],"class_list":["post-11479","post","type-post","status-publish","format-standard","has-post-thumbnail","hentry","category-news","category-noticias"],"views":38,"_links":{"self":[{"href":"https:\/\/www.amchambaq.com\/es_co\/wp-json\/wp\/v2\/posts\/11479","targetHints":{"allow":["GET"]}}],"collection":[{"href":"https:\/\/www.amchambaq.com\/es_co\/wp-json\/wp\/v2\/posts"}],"about":[{"href":"https:\/\/www.amchambaq.com\/es_co\/wp-json\/wp\/v2\/types\/post"}],"author":[{"embeddable":true,"href":"https:\/\/www.amchambaq.com\/es_co\/wp-json\/wp\/v2\/users\/1"}],"replies":[{"embeddable":true,"href":"https:\/\/www.amchambaq.com\/es_co\/wp-json\/wp\/v2\/comments?post=11479"}],"version-history":[{"count":1,"href":"https:\/\/www.amchambaq.com\/es_co\/wp-json\/wp\/v2\/posts\/11479\/revisions"}],"predecessor-version":[{"id":11481,"href":"https:\/\/www.amchambaq.com\/es_co\/wp-json\/wp\/v2\/posts\/11479\/revisions\/11481"}],"wp:featuredmedia":[{"embeddable":true,"href":"https:\/\/www.amchambaq.com\/es_co\/wp-json\/wp\/v2\/media\/11480"}],"wp:attachment":[{"href":"https:\/\/www.amchambaq.com\/es_co\/wp-json\/wp\/v2\/media?parent=11479"}],"wp:term":[{"taxonomy":"category","embeddable":true,"href":"https:\/\/www.amchambaq.com\/es_co\/wp-json\/wp\/v2\/categories?post=11479"},{"taxonomy":"post_tag","embeddable":true,"href":"https:\/\/www.amchambaq.com\/es_co\/wp-json\/wp\/v2\/tags?post=11479"}],"curies":[{"name":"wp","href":"https:\/\/api.w.org\/{rel}","templated":true}]}}