{"id":11469,"date":"2023-08-18T11:28:19","date_gmt":"2023-08-18T16:28:19","guid":{"rendered":"https:\/\/www.amchambaq.com\/?p=11469"},"modified":"2023-08-18T11:28:19","modified_gmt":"2023-08-18T16:28:19","slug":"mincomercio-dijo-que-el-gobierno-no-pidio-renegociacion-del-tlc","status":"publish","type":"post","link":"https:\/\/www.amchambaq.com\/es_co\/mincomercio-dijo-que-el-gobierno-no-pidio-renegociacion-del-tlc\/","title":{"rendered":"Mincomercio dijo que el Gobierno no pidi\u00f3 renegociaci\u00f3n del TLC"},"content":{"rendered":"<p>El<strong>\u00a0ministro de Comercio<\/strong>,\u00a0<strong>Germ\u00e1n Uma\u00f1a<\/strong>, manifest\u00f3 que el Gobierno en ning\u00fan momento pidi\u00f3 una renegociaci\u00f3n del\u00a0<strong>Tratado de Libre Comercio (TLC)\u00a0<\/strong>con\u00a0<strong>Estados Unidos<\/strong>, sino de una revisi\u00f3n del acuerdo que concluir\u00e1 en el mes de noviembre.<\/p>\n<p>As\u00ed lo manifest\u00f3 el jefe de la cartera de\u00a0<strong>Comercio\u00a0<\/strong>tras las declaraciones del presidente\u00a0<strong>Gustavo Petro<\/strong>\u00a0ante una posible renegociaci\u00f3n del\u00a0<strong>TLC\u00a0<\/strong>que generaron pol\u00e9mica a nivel nacional.<\/p>\n<p>\u201cPor ahora, no estamos pidiendo como\u00a0<strong>Gobierno\u00a0<\/strong>colombiano, aunque lo podr\u00eda hacer el presidente, sin necesidad de consultar al Congreso\u201d, expres\u00f3 el ministro de Comercio en el Congreso Empresarial Colombiano de la\u00a0<strong>Andi\u00a0<\/strong>celebrado en\u00a0<strong>Cartagena<\/strong>.<\/p>\n<p>Es de recordar que diferentes\u00a0<strong>gremios\u00a0<\/strong>dijeron que una renegociaci\u00f3n del Tratado de Libre Comercio (TLC) requiere de la voluntad de los dos Gobiernos y en el caso de Estados Unidos, tambi\u00e9n se necesita aprobaci\u00f3n de su\u00a0<strong>Congreso<\/strong>.<\/p>\n<p>\u201cSi Colombia desea renegociar el Tratado con Estados Unidos, es importante que el pa\u00eds conozca con precisi\u00f3n cu\u00e1les son los temas que quiere cambiar y tener en cuenta que un aumento en los aranceles a productos que hoy importamos desde EE.UU. podr\u00eda generar incremento de precios y ser un nuevo golpe en la lucha contra la inflaci\u00f3n\u201d, resalt\u00f3\u00a0<strong>Mar\u00eda Claudia Lacouture<\/strong>, presidenta de la C\u00e1mara de Comercio Colombo Americana (<strong>AmCham Colombia<\/strong>).<\/p>\n","protected":false},"excerpt":{"rendered":"<p>El\u00a0ministro de Comercio,\u00a0Germ\u00e1n Uma\u00f1a, manifest\u00f3 que el Gobierno en ning\u00fan momento pidi\u00f3 una renegociaci\u00f3n del\u00a0Tratado de Libre Comercio (TLC)\u00a0con\u00a0Estados Unidos, sino de una revisi\u00f3n del acuerdo que concluir\u00e1 en el mes de noviembre. As\u00ed lo manifest\u00f3 el jefe de la cartera de\u00a0Comercio\u00a0tras las declaraciones del presidente\u00a0Gustavo Petro\u00a0ante una posible renegociaci\u00f3n del\u00a0TLC\u00a0que generaron pol\u00e9mica a nivel<\/p>\n","protected":false},"author":1,"featured_media":11470,"comment_status":"closed","ping_status":"closed","sticky":false,"template":"","format":"standard","meta":{"footnotes":""},"categories":[342,181],"tags":[],"class_list":["post-11469","post","type-post","status-publish","format-standard","has-post-thumbnail","hentry","category-news","category-noticias"],"views":26,"_links":{"self":[{"href":"https:\/\/www.amchambaq.com\/es_co\/wp-json\/wp\/v2\/posts\/11469","targetHints":{"allow":["GET"]}}],"collection":[{"href":"https:\/\/www.amchambaq.com\/es_co\/wp-json\/wp\/v2\/posts"}],"about":[{"href":"https:\/\/www.amchambaq.com\/es_co\/wp-json\/wp\/v2\/types\/post"}],"author":[{"embeddable":true,"href":"https:\/\/www.amchambaq.com\/es_co\/wp-json\/wp\/v2\/users\/1"}],"replies":[{"embeddable":true,"href":"https:\/\/www.amchambaq.com\/es_co\/wp-json\/wp\/v2\/comments?post=11469"}],"version-history":[{"count":1,"href":"https:\/\/www.amchambaq.com\/es_co\/wp-json\/wp\/v2\/posts\/11469\/revisions"}],"predecessor-version":[{"id":11471,"href":"https:\/\/www.amchambaq.com\/es_co\/wp-json\/wp\/v2\/posts\/11469\/revisions\/11471"}],"wp:featuredmedia":[{"embeddable":true,"href":"https:\/\/www.amchambaq.com\/es_co\/wp-json\/wp\/v2\/media\/11470"}],"wp:attachment":[{"href":"https:\/\/www.amchambaq.com\/es_co\/wp-json\/wp\/v2\/media?parent=11469"}],"wp:term":[{"taxonomy":"category","embeddable":true,"href":"https:\/\/www.amchambaq.com\/es_co\/wp-json\/wp\/v2\/categories?post=11469"},{"taxonomy":"post_tag","embeddable":true,"href":"https:\/\/www.amchambaq.com\/es_co\/wp-json\/wp\/v2\/tags?post=11469"}],"curies":[{"name":"wp","href":"https:\/\/api.w.org\/{rel}","templated":true}]}}