{"id":11438,"date":"2023-08-04T10:51:47","date_gmt":"2023-08-04T15:51:47","guid":{"rendered":"https:\/\/www.amchambaq.com\/?p=11438"},"modified":"2023-08-04T10:51:47","modified_gmt":"2023-08-04T15:51:47","slug":"impulsan-crecimiento-exportador-del-atlantico-en-mision-de-inversiones","status":"publish","type":"post","link":"https:\/\/www.amchambaq.com\/es_co\/impulsan-crecimiento-exportador-del-atlantico-en-mision-de-inversiones\/","title":{"rendered":"Impulsan crecimiento exportador del Atl\u00e1ntico en misi\u00f3n de inversiones"},"content":{"rendered":"<p>En busca de nuevas oportunidades de\u00a0<strong>inversi\u00f3n\u00a0<\/strong>para\u00a0<strong>Barranquilla\u00a0<\/strong>y el\u00a0<strong>Atl\u00e1ntico<\/strong>,\u00a0<strong>ProBarranquilla\u00a0<\/strong>lider\u00f3 una misi\u00f3n nacional en\u00a0<strong>Bogot\u00e1\u00a0<\/strong>y\u00a0<strong>Medell\u00edn\u00a0<\/strong>para visibilizar la propuesta de valor del territorio como plataforma exportadora.<\/p>\n<p>unto a una delegaci\u00f3n compuesta por\u00a0<strong>Zona Franca de Barranquilla<\/strong>, Zona Franca Zofia,\u00a0<strong>Zona Franca La Cayena<\/strong>,\u00a0<strong>Puerto de Barranquilla<\/strong>\u00a0y el cl\u00faster log\u00edstico Coremar, durante cuatro d\u00edas se desarrollaron 14 reuniones uno a uno con empresas de la industria de\u00a0<strong>manufacturas\u00a0<\/strong>pesadas, principalmente en los sectores de metalmec\u00e1nica, autopartes y materiales para la\u00a0<strong>construcci\u00f3n<\/strong>.<\/p>\n<p>Teniendo en cuenta que en 2022, cerca del 25 % de la\u00a0<strong>inversi\u00f3n\u00a0<\/strong>que se recibe en el departamento fue de origen nacional, el foco de la misi\u00f3n fue visitar empresas con potencial de fortalecer su capacidad exportadora aprovechando las ventajas competitivas del departamento.\u201cEl\u00a0<strong>Atl\u00e1ntico\u00a0<\/strong>es atractivo para la instalaci\u00f3n de compa\u00f1\u00edas interesadas en llegar a mercados internacionales, aprovechando la ubicaci\u00f3n estrat\u00e9gica del departamento, su infraestructura log\u00edstica y portuaria que facilita el comercio exterior, el talento humano calificado disponible, el tejido empresarial s\u00f3lido y la calidad de vida. Estos atributos nos posicionan como un polo de desarrollo industrial en la regio\u0301n\u201d afirma\u00a0<strong>Mar\u00eda Alejandra Henriquez<\/strong>, Gerente de Inversiones de ProBarranquilla.<\/p>\n<p>La ubicaci\u00f3n estrat\u00e9gica, a 4 d\u00edas de tr\u00e1nsito mar\u00edtimo entre\u00a0<strong>Barranquilla\u00a0<\/strong>y la costa este de\u00a0<strong>Estados Unidos<\/strong>, con frecuencias portuarias semanales a\u00a0<strong>Centroam\u00e9rica<\/strong>, Islas del Caribe y\u00a0<strong>Norteam\u00e9rica\u00a0<\/strong>nos permite el acceso a un mercado de 1,500 millones de consumidores en m\u00e1s de 60 pa\u00edses que tienen acuerdos comerciales con Colombia donde se resaltan Estados Unidos, Brasil y M\u00e9xico como los principales pa\u00edses receptores de exportaciones desde el Atl\u00e1ntico.<\/p>\n<p>De igual forma,\u00a0<strong>Barranquilla\u00a0<\/strong>y el Atl\u00e1ntico son centro industrial y log\u00edstico del\u00a0<strong>Caribe<\/strong>, gracias a su infraestructura de negocios compuesta por 4 zonas francas, m\u00e1s de 25 parques industriales y 10 terminales portuarias que posibilitan al inversionista encontrar el lugar ideal para sus operaciones.<\/p>\n","protected":false},"excerpt":{"rendered":"<p>En busca de nuevas oportunidades de\u00a0inversi\u00f3n\u00a0para\u00a0Barranquilla\u00a0y el\u00a0Atl\u00e1ntico,\u00a0ProBarranquilla\u00a0lider\u00f3 una misi\u00f3n nacional en\u00a0Bogot\u00e1\u00a0y\u00a0Medell\u00edn\u00a0para visibilizar la propuesta de valor del territorio como plataforma exportadora. unto a una delegaci\u00f3n compuesta por\u00a0Zona Franca de Barranquilla, Zona Franca Zofia,\u00a0Zona Franca La Cayena,\u00a0Puerto de Barranquilla\u00a0y el cl\u00faster log\u00edstico Coremar, durante cuatro d\u00edas se desarrollaron 14 reuniones uno a uno con empresas de<\/p>\n","protected":false},"author":1,"featured_media":11439,"comment_status":"closed","ping_status":"closed","sticky":false,"template":"","format":"standard","meta":{"footnotes":""},"categories":[342,181],"tags":[],"class_list":["post-11438","post","type-post","status-publish","format-standard","has-post-thumbnail","hentry","category-news","category-noticias"],"views":44,"_links":{"self":[{"href":"https:\/\/www.amchambaq.com\/es_co\/wp-json\/wp\/v2\/posts\/11438","targetHints":{"allow":["GET"]}}],"collection":[{"href":"https:\/\/www.amchambaq.com\/es_co\/wp-json\/wp\/v2\/posts"}],"about":[{"href":"https:\/\/www.amchambaq.com\/es_co\/wp-json\/wp\/v2\/types\/post"}],"author":[{"embeddable":true,"href":"https:\/\/www.amchambaq.com\/es_co\/wp-json\/wp\/v2\/users\/1"}],"replies":[{"embeddable":true,"href":"https:\/\/www.amchambaq.com\/es_co\/wp-json\/wp\/v2\/comments?post=11438"}],"version-history":[{"count":1,"href":"https:\/\/www.amchambaq.com\/es_co\/wp-json\/wp\/v2\/posts\/11438\/revisions"}],"predecessor-version":[{"id":11440,"href":"https:\/\/www.amchambaq.com\/es_co\/wp-json\/wp\/v2\/posts\/11438\/revisions\/11440"}],"wp:featuredmedia":[{"embeddable":true,"href":"https:\/\/www.amchambaq.com\/es_co\/wp-json\/wp\/v2\/media\/11439"}],"wp:attachment":[{"href":"https:\/\/www.amchambaq.com\/es_co\/wp-json\/wp\/v2\/media?parent=11438"}],"wp:term":[{"taxonomy":"category","embeddable":true,"href":"https:\/\/www.amchambaq.com\/es_co\/wp-json\/wp\/v2\/categories?post=11438"},{"taxonomy":"post_tag","embeddable":true,"href":"https:\/\/www.amchambaq.com\/es_co\/wp-json\/wp\/v2\/tags?post=11438"}],"curies":[{"name":"wp","href":"https:\/\/api.w.org\/{rel}","templated":true}]}}