{"id":11418,"date":"2023-07-28T09:06:21","date_gmt":"2023-07-28T14:06:21","guid":{"rendered":"https:\/\/www.amchambaq.com\/?p=11418"},"modified":"2023-07-28T09:06:21","modified_gmt":"2023-07-28T14:06:21","slug":"la-economia-estadounidense-crecio-el-06-en-el-segundo-trimestre-del-ano","status":"publish","type":"post","link":"https:\/\/www.amchambaq.com\/es_co\/la-economia-estadounidense-crecio-el-06-en-el-segundo-trimestre-del-ano\/","title":{"rendered":"La econom\u00eda estadounidense creci\u00f3 el 0,6 % en el segundo trimestre del a\u00f1o"},"content":{"rendered":"<p>La\u00a0<strong>econom\u00eda estadounidense<\/strong>\u00a0registr\u00f3 en el segundo trimestre del a\u00f1o un crecimiento del 0,6 % con respecto al trimestre anterior, seg\u00fan el primer c\u00e1lculo del Producto Interior Bruto del pa\u00eds publicado este jueves por la\u00a0<strong>Oficina de Estad\u00edsticas Econ\u00f3micas.<\/strong><\/p>\n<p>El ritmo anual de crecimiento entre abril y junio fue del 2,4 %, de acuerdo a esta estad\u00edstica.<\/p>\n<p>Seg\u00fan estos datos, el crecimiento de la primera econom\u00eda del mundo se ha acelerado, ya que en el primer trimestre fue de medio punto en t\u00e9rminos intertrimestrales y del 2 % en ritmo anual.<\/p>\n<p><strong>Estados Unidos\u00a0<\/strong>muestra as\u00ed la resiliencia de su econom\u00eda a pesar de las subidas consecutivas de tipos de inter\u00e9s en el \u00faltimo a\u00f1o para reducir la inflaci\u00f3n, una pol\u00edtica monetaria restrictiva que tampoco parece haber afectado al\u00a0<strong>mercado laboral.<\/strong><\/p>\n<p>Los datos se conocen dos d\u00edas despu\u00e9s de que el\u00a0<strong>Fondo Monetario Internacional (FMI)<\/strong>\u00a0elevara en dos d\u00e9cimas, hasta el 1,8 %, su previsi\u00f3n de crecimiento para Estados Unidos este a\u00f1o.<\/p>\n<p>Adem\u00e1s, se publican un d\u00eda despu\u00e9s de que la\u00a0<strong>Reserva Federal<\/strong>\u00a0anunciara una nueva subida de un cuarto de punto de los tipos de inter\u00e9s tras la pausa de junio, colocando la horquilla el 5,25 % y el 5,5 %, su m\u00e1ximo nivel desde 2001.<\/p>\n<p>En la rueda de prensa en la que explic\u00f3 esta nueva subida de tipos, el presidente de la Fed,\u00a0<strong>Jerome Powell,<\/strong>\u00a0destac\u00f3 la fortaleza de la econom\u00eda estadounidense, aunque tambi\u00e9n record\u00f3 que la inflaci\u00f3n sigue siendo elevada.<\/p>\n<p>En junio, la tasa de<strong>\u00a0inflaci\u00f3n<\/strong>\u00a0cay\u00f3 hasta el 3 %, aunque la inflaci\u00f3n subyacente, la que excluye los alimentos frescos y la energ\u00eda y en la que m\u00e1s se fija la\u00a0<strong>Fed<\/strong>, estaba a\u00fan en una tasa elevada, del 4,8 %.<\/p>\n<p>Lo que est\u00e1 claro es que las subidas de tipos no han provocado un enfriamiento de la econom\u00eda como se esperaba, al menos en lo que se refiere al consumo de los hogares, que es la principal raz\u00f3n del aumento del PIB en el segundo trimestre del a\u00f1o, aunque s\u00ed parece que ya van haciendo mella en otros componentes como la inversi\u00f3n residencial, que se reduce.<\/p>\n<p>As\u00ed, la oficina de Estad\u00edstica Econ\u00f3micas atribuye el crecimiento del segundo trimestre al aumento del consumo de los hogares, tanto en bienes como en servicios, as\u00ed como de la inversi\u00f3n no residencial.<\/p>\n<p>Frente a estas subidas, bajaron la inversi\u00f3n residencial, las exportaciones y las importaciones.<\/p>\n<p>En sus previsiones del pasado martes, el FMI justificaba la mejora de su previsi\u00f3n para Estados Unidos este a\u00f1o en la fortaleza del consumo a pesar de las subidas de tipos, aunque s\u00ed auguraba que la pol\u00edtica monetaria restrictiva acabar\u00eda not\u00e1ndose y por eso calcula una desaceleraci\u00f3n en 2024, con un crecimiento del 1 %.<\/p>\n<p>El mercado laboral sigue estando fuerte a pesar de la ralentizaci\u00f3n de la creaci\u00f3n de empleo registrada en junio -209.000 empleos netos, 130.000 menos que el mes anterior-, un mes en el que la tasa de desempleo baj\u00f3 una d\u00e9cima, hasta el 3,6 %.<\/p>\n","protected":false},"excerpt":{"rendered":"<p>La\u00a0econom\u00eda estadounidense\u00a0registr\u00f3 en el segundo trimestre del a\u00f1o un crecimiento del 0,6 % con respecto al trimestre anterior, seg\u00fan el primer c\u00e1lculo del Producto Interior Bruto del pa\u00eds publicado este jueves por la\u00a0Oficina de Estad\u00edsticas Econ\u00f3micas. El ritmo anual de crecimiento entre abril y junio fue del 2,4 %, de acuerdo a esta estad\u00edstica. Seg\u00fan<\/p>\n","protected":false},"author":1,"featured_media":11419,"comment_status":"closed","ping_status":"closed","sticky":false,"template":"","format":"standard","meta":{"footnotes":""},"categories":[342,181],"tags":[],"class_list":["post-11418","post","type-post","status-publish","format-standard","has-post-thumbnail","hentry","category-news","category-noticias"],"views":36,"_links":{"self":[{"href":"https:\/\/www.amchambaq.com\/es_co\/wp-json\/wp\/v2\/posts\/11418","targetHints":{"allow":["GET"]}}],"collection":[{"href":"https:\/\/www.amchambaq.com\/es_co\/wp-json\/wp\/v2\/posts"}],"about":[{"href":"https:\/\/www.amchambaq.com\/es_co\/wp-json\/wp\/v2\/types\/post"}],"author":[{"embeddable":true,"href":"https:\/\/www.amchambaq.com\/es_co\/wp-json\/wp\/v2\/users\/1"}],"replies":[{"embeddable":true,"href":"https:\/\/www.amchambaq.com\/es_co\/wp-json\/wp\/v2\/comments?post=11418"}],"version-history":[{"count":1,"href":"https:\/\/www.amchambaq.com\/es_co\/wp-json\/wp\/v2\/posts\/11418\/revisions"}],"predecessor-version":[{"id":11420,"href":"https:\/\/www.amchambaq.com\/es_co\/wp-json\/wp\/v2\/posts\/11418\/revisions\/11420"}],"wp:featuredmedia":[{"embeddable":true,"href":"https:\/\/www.amchambaq.com\/es_co\/wp-json\/wp\/v2\/media\/11419"}],"wp:attachment":[{"href":"https:\/\/www.amchambaq.com\/es_co\/wp-json\/wp\/v2\/media?parent=11418"}],"wp:term":[{"taxonomy":"category","embeddable":true,"href":"https:\/\/www.amchambaq.com\/es_co\/wp-json\/wp\/v2\/categories?post=11418"},{"taxonomy":"post_tag","embeddable":true,"href":"https:\/\/www.amchambaq.com\/es_co\/wp-json\/wp\/v2\/tags?post=11418"}],"curies":[{"name":"wp","href":"https:\/\/api.w.org\/{rel}","templated":true}]}}