{"id":11415,"date":"2023-07-28T08:45:16","date_gmt":"2023-07-28T13:45:16","guid":{"rendered":"https:\/\/www.amchambaq.com\/?p=11415"},"modified":"2023-07-28T08:45:16","modified_gmt":"2023-07-28T13:45:16","slug":"atlantico-con-el-mayor-crecimiento-economico-en-el-primer-trimestre","status":"publish","type":"post","link":"https:\/\/www.amchambaq.com\/es_co\/atlantico-con-el-mayor-crecimiento-economico-en-el-primer-trimestre\/","title":{"rendered":"Atl\u00e1ntico, con el mayor crecimiento econ\u00f3mico en el primer trimestre"},"content":{"rendered":"<div id=\"body\" class=\"content-article size-m\">\n<p>El departamento del\u00a0<strong>Atl\u00e1ntico\u00a0<\/strong>fue el que lider\u00f3 el crecimiento de la\u00a0<strong>actividad econ\u00f3mica<\/strong>\u00a0del primer trimestre en el pa\u00eds.<\/p>\n<\/div>\n<div id=\"paragraphs\" class=\"content-article paragraphs size-m\">\n<div class=\"field-collection-container clearfix\">\n<div class=\"field field-name-field-contenido-articulos-2 field-type-field-collection field-label-hidden\">\n<div class=\"field-item even\">\n<div class=\"field-collection-view clearfix view-mode-full field-collection-view-final\">\n<div>\n<div class=\"content\">\n<div class=\"paragraphs-items paragraphs-items-field-campos paragraphs-items-field-campos-full paragraphs-items-full\">\n<div class=\"field field-name-field-campos field-type-paragraphs field-label-hidden\">\n<div class=\"field-item even\">\n<div id=\"relacionado-body\">\n<div class=\"box-title\">\n<p>Seg\u00fan el Departamento Administrativo Nacional de Estad\u00edstica (<strong>Dane<\/strong>), el\u00a0<strong>Atl\u00e1ntico\u00a0<\/strong>present\u00f3 un crecimiento anual de 3,4 % frente al mismo periodo del a\u00f1o pasado. Esto significa que el departamento se encuentra 0,6 puntos porcentuales por encima del crecimiento nacional de 2023 que fue de 2,9 %.<\/p>\n<p>Seg\u00fan el Indicador Trimestral de Actividad Econ\u00f3mica Departamental (ITAED) del Dane, el Atl\u00e1ntico lidera el pulso de la econom\u00eda regional, seguido de\u00a0<strong>Antioquia\u00a0<\/strong>con un crecimiento de 3,3 %;\u00a0<strong>Santander\u00a0<\/strong>(3,1 %) y\u00a0<strong>Bogot\u00e1\u00a0<\/strong>con 3,1 %.<\/p>\n<p>Sobre estos indicadores, Luis Humberto Mart\u00ednez, secretario econ\u00f3mico del Atl\u00e1ntico, resalt\u00f3 que el departamento se ha fortalecido en los ejes de turismo y agricultura, lo que ha generado un amplio crecimiento en temas como la productividad y empleo.<\/p>\n<p>\u201cCon la implementaci\u00f3n de agronegocios, ha comenzado a marcar en el tema de agricultura unas diferencia significativa con lo que ten\u00edamos anteriormente y con lo que estamos haciendo ahora. Esto se traduce en generaci\u00f3n de empleo, mejora en los ingresos econ\u00f3micos de las familias, en el que m\u00e1s de 300 hogares est\u00e1n vinculados de manera directa con el tema de siembra a partir de la rehabilitaci\u00f3n de los sistemas de riego\u201d, expres\u00f3 el funcionario en di\u00e1logo con EL HERALDO.<\/p>\n<p>Agreg\u00f3 que en el tema del turismo se ha trabajado en la implementaci\u00f3n de nuevas infraestructuras para reorganizar las playas, lo que ha hecho que el departamento se consolide como destino tur\u00edstico de deportes n\u00e1uticos. Adem\u00e1s se ha fortalecido el sector hotelero para atraer a todo tipo de turistas.<\/p>\n<p>A su vez, Manuel Fern\u00e1ndez Ariza, presidente de la C\u00e1mara de Comercio de Barranquilla (CCB), dijo que este resultado se explica por el buen comportamiento del sector terciario (comercio y servicios), el cual creci\u00f3 un 4,5 % anual en el primer trimestre de 2023.<\/p>\n<p>\u201cDesde la C\u00e1mara de Comercio de Barranquilla destacamos la buena din\u00e1mica en las actividades inmobiliarias, las actividades de la salud y actividades profesionales, que consiguieron crecer en su renovaci\u00f3n de matr\u00edcula mercantil durante el primer trimestre del a\u00f1o\u201d, resalt\u00f3 el presidente de la CCB.<\/p>\n<p>El I<strong>ndicador Trimestral de Actividad Econ\u00f3mica Departamental (ITAED)<\/strong>\u00a0es un \u00edndice sint\u00e9tico trimestral, cuyo fin es proporcionar un panorama general de la situaci\u00f3n y evoluci\u00f3n macroecon\u00f3mica de los departamentos del pa\u00eds; el cual es construido a partir de un conjunto heterog\u00e9neo de indicadores representativos de las actividades econ\u00f3micas en cada departamento.<\/p>\n<p>Este\u00a0<strong>indicador\u00a0<\/strong>permite medir la tendencia econ\u00f3mica a lo largo del tiempo, a trav\u00e9s de un an\u00e1lisis coherente por medio de los datos de la serie original del valor agregado, generados a partir de la informaci\u00f3n b\u00e1sica preliminar de las actividades econ\u00f3micas agropecuarias, mineras, industriales, comerciales y de servicios.<\/p>\n<p>\u201cResulta imprescindible empezar a obtener estos indicadores a nivel departamental, ya que brindar\u00e1n informaci\u00f3n de corto plazo que permita tener un panorama de la evoluci\u00f3n econ\u00f3mica en cada uno de los departamentos, proporcionando insumos para la toma de decisiones\u201d, resalt\u00f3\u00a0<strong>Piedad Urdinola<\/strong>, directora del Dane.<\/p>\n<p>En ese sentido, agreg\u00f3 que se busca satisfacer la necesidad de disponer de datos que permitan examinar el desempe\u00f1o trimestral de los departamentos de\u00a0<strong>Colombia<\/strong>.<\/p>\n<\/div>\n<\/div>\n<\/div>\n<\/div>\n<\/div>\n<\/div>\n<\/div>\n<\/div>\n<\/div>\n<\/div>\n<\/div>\n<\/div>\n","protected":false},"excerpt":{"rendered":"<p>El departamento del\u00a0Atl\u00e1ntico\u00a0fue el que lider\u00f3 el crecimiento de la\u00a0actividad econ\u00f3mica\u00a0del primer trimestre en el pa\u00eds. Seg\u00fan el Departamento Administrativo Nacional de Estad\u00edstica (Dane), el\u00a0Atl\u00e1ntico\u00a0present\u00f3 un crecimiento anual de 3,4 % frente al mismo periodo del a\u00f1o pasado. Esto significa que el departamento se encuentra 0,6 puntos porcentuales por encima del crecimiento nacional de 2023<\/p>\n","protected":false},"author":1,"featured_media":11416,"comment_status":"closed","ping_status":"closed","sticky":false,"template":"","format":"standard","meta":{"footnotes":""},"categories":[342,181],"tags":[],"class_list":["post-11415","post","type-post","status-publish","format-standard","has-post-thumbnail","hentry","category-news","category-noticias"],"views":51,"_links":{"self":[{"href":"https:\/\/www.amchambaq.com\/es_co\/wp-json\/wp\/v2\/posts\/11415","targetHints":{"allow":["GET"]}}],"collection":[{"href":"https:\/\/www.amchambaq.com\/es_co\/wp-json\/wp\/v2\/posts"}],"about":[{"href":"https:\/\/www.amchambaq.com\/es_co\/wp-json\/wp\/v2\/types\/post"}],"author":[{"embeddable":true,"href":"https:\/\/www.amchambaq.com\/es_co\/wp-json\/wp\/v2\/users\/1"}],"replies":[{"embeddable":true,"href":"https:\/\/www.amchambaq.com\/es_co\/wp-json\/wp\/v2\/comments?post=11415"}],"version-history":[{"count":1,"href":"https:\/\/www.amchambaq.com\/es_co\/wp-json\/wp\/v2\/posts\/11415\/revisions"}],"predecessor-version":[{"id":11417,"href":"https:\/\/www.amchambaq.com\/es_co\/wp-json\/wp\/v2\/posts\/11415\/revisions\/11417"}],"wp:featuredmedia":[{"embeddable":true,"href":"https:\/\/www.amchambaq.com\/es_co\/wp-json\/wp\/v2\/media\/11416"}],"wp:attachment":[{"href":"https:\/\/www.amchambaq.com\/es_co\/wp-json\/wp\/v2\/media?parent=11415"}],"wp:term":[{"taxonomy":"category","embeddable":true,"href":"https:\/\/www.amchambaq.com\/es_co\/wp-json\/wp\/v2\/categories?post=11415"},{"taxonomy":"post_tag","embeddable":true,"href":"https:\/\/www.amchambaq.com\/es_co\/wp-json\/wp\/v2\/tags?post=11415"}],"curies":[{"name":"wp","href":"https:\/\/api.w.org\/{rel}","templated":true}]}}