{"id":11395,"date":"2023-07-24T08:48:32","date_gmt":"2023-07-24T13:48:32","guid":{"rendered":"https:\/\/www.amchambaq.com\/?p=11395"},"modified":"2023-07-24T08:48:32","modified_gmt":"2023-07-24T13:48:32","slug":"exportaciones-desde-las-zonas-francas-colombianas-crecieron-en-16","status":"publish","type":"post","link":"https:\/\/www.amchambaq.com\/es_co\/exportaciones-desde-las-zonas-francas-colombianas-crecieron-en-16\/","title":{"rendered":"Exportaciones desde las zonas francas colombianas crecieron en 1,6 %"},"content":{"rendered":"<p>Las exportaciones por las zonas francas de\u00a0<strong>Colombia\u00a0<\/strong>crecieron en mayo en 1,6 % frente al mismo mes del a\u00f1o pasado, pasando de<strong>\u00a0\u200b<\/strong>USD346,1 millones en mayo 2022 a USD351,4 millones en igual mes de 2023.<\/p>\n<p>Por su parte, las exportaciones de las\u00a0<strong>Zonas Francas Permanentes Especiales<\/strong>\u00a0(ZFPE) cayeron en un\u00a012,7%, lo que contribuy\u00f3 negativamente con 8\u00a0puntos porcentuales a la variaci\u00f3n total de las exportaciones (1,6%).<\/p>\n<p>En contraste,\u00a0las exportaciones de las\u00a0<strong>Zonas Francas Permanentes\u00a0<\/strong>(ZFP) aumentaron en 26 % con una contribuci\u00f3n positiva de 9,6 puntos porcentuales.<\/p>\n<p>De acuerdo con la informaci\u00f3n entregada por el Departamento Administrativo Nacional de Estad\u00edstica (DANE) las\u00a0<strong>zonas francas permanentes\u00a0Parque Central\u00a0<\/strong>y Zona Franca de\u00a0Barranquilla en conjunto contribuyeron positivamente con 4,8 puntos porcentuales a la variaci\u00f3n nacional del mes.<\/p>\n<div class=\"field-item odd\">\n<div class=\"entity entity-paragraphs-item paragraphs-item-descripcion\">\n<div class=\"content\">\n<div class=\"field field-name-field-descripcion field-type-text-long field-label-hidden\">\n<div class=\"field-items\">\n<div class=\"field-item even\">\n<p>A su vez, las zonas francas\u00a0<strong>Candelaria y Cencauca<\/strong>\u00a0(Parque Industrial Caloto) aportaron en conjunto 0,8 puntos porcentuales negativos a la variaci\u00f3n total.<\/p>\n<p>Seg\u00fan el tipo de operaci\u00f3n, el aumento de las exportaciones de mayo de 2023 (1,6%) se explic\u00f3 principalmente por las salidas\u00a0de bienes procesados o transformados por un usuario industrial de zona franca, que aportaron 1,5 puntos porcentuales positivos a la variaci\u00f3n total de las\u00a0<strong>exportaciones<\/strong>.<\/p>\n<p>Al analizar los destinos de las exportaciones desde las zonas francas, se observa que los principales son\u00a0Estados Unidos, Puerto Rico y Ecuador, mientras que\u00a0las ventas externas de mercanc\u00edas con destino a Panam\u00e1 y Pa\u00edses Bajos presentaron reducciones significativas frente al a\u00f1o pasado.<\/p>\n<\/div>\n<\/div>\n<\/div>\n<\/div>\n<\/div>\n<\/div>\n<div class=\"field-item even\">\n<div class=\"content-imagen\">\n<div class=\"image\" data-bg-desk=\"https:\/\/www.elheraldo.co\/sites\/default\/files\/styles\/width_1180\/public\/zonas_francas_mayo_2023.jpg?itok=FK2KNu_K\" data-bg-mob=\"https:\/\/www.elheraldo.co\/sites\/default\/files\/styles\/414x780\/public\/zonas_francas_mayo_2023.jpg?itok=tWNuhle0\"><picture><source srcset=\"https:\/\/www.elheraldo.co\/sites\/default\/files\/styles\/width_820\/public\/zonas_francas_mayo_2023.jpg?itok=Z7fvDoJd\" media=\"(min-width: 1180px)\" \/><source srcset=\"https:\/\/www.elheraldo.co\/sites\/default\/files\/styles\/width_768\/public\/zonas_francas_mayo_2023.jpg?itok=YJ3SKtv5\" media=\"(min-width: 768px)\" \/><source srcset=\"https:\/\/www.elheraldo.co\/sites\/default\/files\/styles\/width_414\/public\/zonas_francas_mayo_2023.jpg?itok=YdrcOaI_\" media=\"(max-width: 767px)\" \/><\/picture><\/div>\n<div data-bg-desk=\"https:\/\/www.elheraldo.co\/sites\/default\/files\/styles\/width_1180\/public\/zonas_francas_mayo_2023.jpg?itok=FK2KNu_K\" data-bg-mob=\"https:\/\/www.elheraldo.co\/sites\/default\/files\/styles\/414x780\/public\/zonas_francas_mayo_2023.jpg?itok=tWNuhle0\">\n<div class=\"field-item odd\">\n<div class=\"entity entity-paragraphs-item paragraphs-item-descripcion\">\n<div class=\"content\">\n<div class=\"field field-name-field-descripcion field-type-text-long field-label-hidden\">\n<div class=\"field-items\">\n<div class=\"field-item even\">\n<p>En cuanto a las importaciones desde las zonas francas, se\u00a0<strong>encuentra\u00a0<\/strong>que pasaron USD256,0 millones en mayo de 2022 a USD186,5 millones CIF en el mismo mes de 2023, lo que representa\u00a0una ca\u00edda del\u00a027,1%.<\/p>\n<p>Este comportamiento se explica por las operaciones de las zonas francas\u00a0<strong>permanentes\u00a0<\/strong>que tuvieron una reducci\u00f3n\u00a0 del 28,9%) y por las zonas francas permanentes especiales\u00a0con una contracci\u00f3n de 25,5 %.<\/p>\n<p>Esta ca\u00edda se\u00a0explic\u00f3\u00a0<strong>principalmente\u00a0<\/strong>por el menor ingreso temporal desde el resto del mundo de materias primas, insumos, bienes intermedios, partes y piezas para ser transformadas.<\/p>\n<\/div>\n<\/div>\n<\/div>\n<\/div>\n<\/div>\n<\/div>\n<div class=\"field-item even\">\n<div id=\"relacionado-body\">\n<div class=\"box-title\">Tomado de: EL HERALDO<\/div>\n<\/div>\n<\/div>\n<\/div>\n<\/div>\n<\/div>\n","protected":false},"excerpt":{"rendered":"<p>Las exportaciones por las zonas francas de\u00a0Colombia\u00a0crecieron en mayo en 1,6 % frente al mismo mes del a\u00f1o pasado, pasando de\u00a0\u200bUSD346,1 millones en mayo 2022 a USD351,4 millones en igual mes de 2023. Por su parte, las exportaciones de las\u00a0Zonas Francas Permanentes Especiales\u00a0(ZFPE) cayeron en un\u00a012,7%, lo que contribuy\u00f3 negativamente con 8\u00a0puntos porcentuales a la<\/p>\n","protected":false},"author":1,"featured_media":11396,"comment_status":"closed","ping_status":"closed","sticky":false,"template":"","format":"standard","meta":{"footnotes":""},"categories":[342,181],"tags":[],"class_list":["post-11395","post","type-post","status-publish","format-standard","has-post-thumbnail","hentry","category-news","category-noticias"],"views":55,"_links":{"self":[{"href":"https:\/\/www.amchambaq.com\/es_co\/wp-json\/wp\/v2\/posts\/11395","targetHints":{"allow":["GET"]}}],"collection":[{"href":"https:\/\/www.amchambaq.com\/es_co\/wp-json\/wp\/v2\/posts"}],"about":[{"href":"https:\/\/www.amchambaq.com\/es_co\/wp-json\/wp\/v2\/types\/post"}],"author":[{"embeddable":true,"href":"https:\/\/www.amchambaq.com\/es_co\/wp-json\/wp\/v2\/users\/1"}],"replies":[{"embeddable":true,"href":"https:\/\/www.amchambaq.com\/es_co\/wp-json\/wp\/v2\/comments?post=11395"}],"version-history":[{"count":1,"href":"https:\/\/www.amchambaq.com\/es_co\/wp-json\/wp\/v2\/posts\/11395\/revisions"}],"predecessor-version":[{"id":11397,"href":"https:\/\/www.amchambaq.com\/es_co\/wp-json\/wp\/v2\/posts\/11395\/revisions\/11397"}],"wp:featuredmedia":[{"embeddable":true,"href":"https:\/\/www.amchambaq.com\/es_co\/wp-json\/wp\/v2\/media\/11396"}],"wp:attachment":[{"href":"https:\/\/www.amchambaq.com\/es_co\/wp-json\/wp\/v2\/media?parent=11395"}],"wp:term":[{"taxonomy":"category","embeddable":true,"href":"https:\/\/www.amchambaq.com\/es_co\/wp-json\/wp\/v2\/categories?post=11395"},{"taxonomy":"post_tag","embeddable":true,"href":"https:\/\/www.amchambaq.com\/es_co\/wp-json\/wp\/v2\/tags?post=11395"}],"curies":[{"name":"wp","href":"https:\/\/api.w.org\/{rel}","templated":true}]}}