{"id":11374,"date":"2023-07-17T14:25:57","date_gmt":"2023-07-17T19:25:57","guid":{"rendered":"https:\/\/www.amchambaq.com\/?p=11374"},"modified":"2023-07-17T14:25:57","modified_gmt":"2023-07-17T19:25:57","slug":"la-casa-blanca-conmemorara-el-dia-de-la-independencia-de-colombia-este-jueves","status":"publish","type":"post","link":"https:\/\/www.amchambaq.com\/es_co\/la-casa-blanca-conmemorara-el-dia-de-la-independencia-de-colombia-este-jueves\/","title":{"rendered":"La Casa Blanca conmemorar\u00e1 el D\u00eda de la Independencia de Colombia este jueves"},"content":{"rendered":"<p>Este 20 de julio es un d\u00eda conmemorativo no solo para la naci\u00f3n colombiana, sino para sus\u00a0<strong>aliados internacionales.<\/strong>\u00a0As\u00ed lo reafirma la Casa Blanca, quien tiene previsto realizar este jueves un evento para rememorar la fecha.<\/p>\n<p>De acuerdo con lo comunicado por la<strong>\u00a0Casa Blanca<\/strong>, el evento busca honrar los m\u00e1s de dos siglos de relaciones diplom\u00e1ticas y hablar sobre la agenda que tienen en com\u00fan ambos pa\u00edses. Adem\u00e1s, tiene por objetivo resaltar los v\u00ednculos entre ambas naciones y las contribuciones de Colombia a el\u00a0<strong>pa\u00eds norteamericano.\u00a0<\/strong><\/p>\n<p>La conmemoraci\u00f3n est\u00e1 programada para este jueves<strong>\u00a0a las 8:00 a.m<\/strong>. (hora colombia) y se extender\u00e1 por tres horas. Entre los invitados especiales y panelistas estar\u00e1n\u00a0<strong>el embajador Luis Gilberto Murillo\u00a0<\/strong>y dem\u00e1s funcionarios del capitolio en Estados Unidos.<\/p>\n<p>El acto\u00a0en la Casa Blanca no solo honra la historia y la cultura del pa\u00eds\u00a0<strong>sudamericano<\/strong>, sino que tambi\u00e9n tiene un impacto significativo en la comunidad colombiana en\u00a0<strong>Estados Unidos.<\/strong>\u00a0Este reconocimiento les brinda un sentimiento de orgullo y\u00a0<strong>pertenencia<\/strong>, fortalece su identidad cultural y les permite compartir su herencia con una audiencia m\u00e1s amplia.<\/p>\n","protected":false},"excerpt":{"rendered":"<p>Este 20 de julio es un d\u00eda conmemorativo no solo para la naci\u00f3n colombiana, sino para sus\u00a0aliados internacionales.\u00a0As\u00ed lo reafirma la Casa Blanca, quien tiene previsto realizar este jueves un evento para rememorar la fecha. De acuerdo con lo comunicado por la\u00a0Casa Blanca, el evento busca honrar los m\u00e1s de dos siglos de relaciones diplom\u00e1ticas<\/p>\n","protected":false},"author":1,"featured_media":11375,"comment_status":"closed","ping_status":"closed","sticky":false,"template":"","format":"standard","meta":{"footnotes":""},"categories":[342,181],"tags":[],"class_list":["post-11374","post","type-post","status-publish","format-standard","has-post-thumbnail","hentry","category-news","category-noticias"],"views":35,"_links":{"self":[{"href":"https:\/\/www.amchambaq.com\/es_co\/wp-json\/wp\/v2\/posts\/11374","targetHints":{"allow":["GET"]}}],"collection":[{"href":"https:\/\/www.amchambaq.com\/es_co\/wp-json\/wp\/v2\/posts"}],"about":[{"href":"https:\/\/www.amchambaq.com\/es_co\/wp-json\/wp\/v2\/types\/post"}],"author":[{"embeddable":true,"href":"https:\/\/www.amchambaq.com\/es_co\/wp-json\/wp\/v2\/users\/1"}],"replies":[{"embeddable":true,"href":"https:\/\/www.amchambaq.com\/es_co\/wp-json\/wp\/v2\/comments?post=11374"}],"version-history":[{"count":1,"href":"https:\/\/www.amchambaq.com\/es_co\/wp-json\/wp\/v2\/posts\/11374\/revisions"}],"predecessor-version":[{"id":11376,"href":"https:\/\/www.amchambaq.com\/es_co\/wp-json\/wp\/v2\/posts\/11374\/revisions\/11376"}],"wp:featuredmedia":[{"embeddable":true,"href":"https:\/\/www.amchambaq.com\/es_co\/wp-json\/wp\/v2\/media\/11375"}],"wp:attachment":[{"href":"https:\/\/www.amchambaq.com\/es_co\/wp-json\/wp\/v2\/media?parent=11374"}],"wp:term":[{"taxonomy":"category","embeddable":true,"href":"https:\/\/www.amchambaq.com\/es_co\/wp-json\/wp\/v2\/categories?post=11374"},{"taxonomy":"post_tag","embeddable":true,"href":"https:\/\/www.amchambaq.com\/es_co\/wp-json\/wp\/v2\/tags?post=11374"}],"curies":[{"name":"wp","href":"https:\/\/api.w.org\/{rel}","templated":true}]}}