{"id":11352,"date":"2023-07-14T08:27:17","date_gmt":"2023-07-14T13:27:17","guid":{"rendered":"https:\/\/www.amchambaq.com\/?p=11352"},"modified":"2023-07-14T08:27:17","modified_gmt":"2023-07-14T13:27:17","slug":"zonas-francas-buscan-marco-que-facilite-sus-planes-de-internacionalizacion","status":"publish","type":"post","link":"https:\/\/www.amchambaq.com\/es_co\/zonas-francas-buscan-marco-que-facilite-sus-planes-de-internacionalizacion\/","title":{"rendered":"Zonas francas buscan marco que facilite sus planes de internacionalizaci\u00f3n"},"content":{"rendered":"<div id=\"body\" class=\"content-article size-m\">\n<p>Tras la nuevas disposiciones tributarias que estableci\u00f3 la reciente reforma para las<strong>\u00a0zonas francas de pa\u00eds,<\/strong>\u00a0el sector busca un marco regulatorio que facilite los procesos de internacionalizaci\u00f3n de las empresas que est\u00e1n en este r\u00e9gimen.<\/p>\n<\/div>\n<div id=\"paragraphs\" class=\"content-article paragraphs size-m\">\n<div class=\"field-collection-container clearfix\">\n<div class=\"field field-name-field-contenido-articulos-2 field-type-field-collection field-label-hidden\">\n<div class=\"field-item even\">\n<div class=\"field-collection-view clearfix view-mode-full field-collection-view-final\">\n<div>\n<div class=\"content\">\n<div class=\"paragraphs-items paragraphs-items-field-campos paragraphs-items-field-campos-full paragraphs-items-full\">\n<div class=\"field field-name-field-campos field-type-paragraphs field-label-hidden\">\n<div class=\"field-item even\">\n<div id=\"relacionado-body\">\n<div class=\"box-title\">\n<p>Un sondeo elaborado por al Asociaci\u00f3n Nacional de Empresarios (ANDI)\u00a0<strong>indica que el 48 % de las empresas ubicadas<\/strong>\u00a0en zonas francas exportan y solo un 5 % est\u00e1 en proceso para comenzar a vender al exterior. Identifican barreras para exportar tales como los costos de fletes, la complejidad de los acuerdos internacionales, las barreras arancelarias, desconocimiento del mercado y temas de orden p\u00fablico.<\/p>\n<p>La directora de la C\u00e1mara de\u00a0<strong>Usuarios de Zonas Francas de la Andi,\u00a0<\/strong>Ang\u00e9lica Pe\u00f1a, dijo que mantienen un di\u00e1logo con el Gobierno nacional para la reglamentaci\u00f3n del Art\u00edculo 11 de la Reforma Tributaria que establece las nuevas reglas de juego para las empresas.<\/p>\n<p>Este art\u00edculo se\u00f1ala las compa\u00f1\u00edas que operan bajo el r\u00e9gimen franco podr\u00e1n acceder a una tarifa diferencial del\u00a0<strong>20% del Impuesto<\/strong>\u00a0sobre la renta para exportaciones de bienes y servicios.<\/p>\n<p>\u201cPara que lleguemos all\u00e1 y se<strong>\u00a0cumplan los objetivos<\/strong>\u00a0es importante tener en cuenta varios aspectos, uno es que el tejido empresarial de las\u00a0<strong>zonas francas<\/strong>\u00a0est\u00e1 compuesto en un 90 % por micro, peque\u00f1as y medianas empresas y tenemos unas condiciones estructurales que debemos abordar como pa\u00eds\u201d, sostuvo la ejecutiva.<\/p>\n<p>Entre los temas que se deben tomar en cuenta para que las empresas tengan \u00e9xito en el desarrollo de sus planes de internacionalizaci\u00f3n est\u00e1n los aspectos log\u00edsticos, costos de fletes, el acceso a los aeropuertos y puertos del pa\u00eds, entre otros<\/p>\n<p>\u201cNecesitamos un marco regulatorio que sea amigable a estos\u00a0<strong>objetivos\u00a0<\/strong>y que entienda la internacionalizaci\u00f3n como un proceso que va m\u00e1s all\u00e1 de las exportaciones que incluye inversi\u00f3n extranjera, innovaci\u00f3n, trabajo en sostenibilidad\u201d, detall\u00f3.<\/p>\n<p>Destac\u00f3 que es necesaria una visi\u00f3n de facilitaci\u00f3n y simplificaci\u00f3n para\u00a0<strong>poder impulsar el r\u00e9gimen\u00a0<\/strong>que es clave para atracci\u00f3n de inversi\u00f3n extranjera, desarrollo regional e impulso a sectores como la agroindustria.<\/p>\n<p>A la fecha existen 124 zonas francas en Colombia, que albergan m\u00e1s de 1.000 empresas en donde el 90 % corresponde a mipymes, est\u00e1n ubicadas en 20 de 32 departamentos, tienen una inversi\u00f3n acumulada de $46.3 billones y generan m\u00e1s de 152.000 empleos directos.<\/p>\n<p>Las exportaciones por las zonas francas del pa\u00eds sumaron USD2.787 millones en 2022 y en abril de 2023 se report\u00f3 un crecimiento del 41% frente al mismo periodo del a\u00f1o pasado con una cifra que ya asciende a los USD1.161 millones.<\/p>\n<p>Del total de exportaciones Aproximadamente el 30 % corresponde a no tradicionales, en donde se resaltan productos como aceite en bruto, cementos, barriles, papel.<\/p>\n<p>Tomado de: EL HERALDO<\/p>\n<\/div>\n<\/div>\n<\/div>\n<\/div>\n<\/div>\n<\/div>\n<\/div>\n<\/div>\n<\/div>\n<\/div>\n<\/div>\n<\/div>\n","protected":false},"excerpt":{"rendered":"<p>Tras la nuevas disposiciones tributarias que estableci\u00f3 la reciente reforma para las\u00a0zonas francas de pa\u00eds,\u00a0el sector busca un marco regulatorio que facilite los procesos de internacionalizaci\u00f3n de las empresas que est\u00e1n en este r\u00e9gimen. Un sondeo elaborado por al Asociaci\u00f3n Nacional de Empresarios (ANDI)\u00a0indica que el 48 % de las empresas ubicadas\u00a0en zonas francas exportan<\/p>\n","protected":false},"author":1,"featured_media":11353,"comment_status":"closed","ping_status":"closed","sticky":false,"template":"","format":"standard","meta":{"footnotes":""},"categories":[342,181],"tags":[],"class_list":["post-11352","post","type-post","status-publish","format-standard","has-post-thumbnail","hentry","category-news","category-noticias"],"views":27,"_links":{"self":[{"href":"https:\/\/www.amchambaq.com\/es_co\/wp-json\/wp\/v2\/posts\/11352","targetHints":{"allow":["GET"]}}],"collection":[{"href":"https:\/\/www.amchambaq.com\/es_co\/wp-json\/wp\/v2\/posts"}],"about":[{"href":"https:\/\/www.amchambaq.com\/es_co\/wp-json\/wp\/v2\/types\/post"}],"author":[{"embeddable":true,"href":"https:\/\/www.amchambaq.com\/es_co\/wp-json\/wp\/v2\/users\/1"}],"replies":[{"embeddable":true,"href":"https:\/\/www.amchambaq.com\/es_co\/wp-json\/wp\/v2\/comments?post=11352"}],"version-history":[{"count":1,"href":"https:\/\/www.amchambaq.com\/es_co\/wp-json\/wp\/v2\/posts\/11352\/revisions"}],"predecessor-version":[{"id":11354,"href":"https:\/\/www.amchambaq.com\/es_co\/wp-json\/wp\/v2\/posts\/11352\/revisions\/11354"}],"wp:featuredmedia":[{"embeddable":true,"href":"https:\/\/www.amchambaq.com\/es_co\/wp-json\/wp\/v2\/media\/11353"}],"wp:attachment":[{"href":"https:\/\/www.amchambaq.com\/es_co\/wp-json\/wp\/v2\/media?parent=11352"}],"wp:term":[{"taxonomy":"category","embeddable":true,"href":"https:\/\/www.amchambaq.com\/es_co\/wp-json\/wp\/v2\/categories?post=11352"},{"taxonomy":"post_tag","embeddable":true,"href":"https:\/\/www.amchambaq.com\/es_co\/wp-json\/wp\/v2\/tags?post=11352"}],"curies":[{"name":"wp","href":"https:\/\/api.w.org\/{rel}","templated":true}]}}