{"id":11326,"date":"2023-07-12T10:21:51","date_gmt":"2023-07-12T15:21:51","guid":{"rendered":"https:\/\/www.amchambaq.com\/?p=11326"},"modified":"2023-07-12T10:27:10","modified_gmt":"2023-07-12T15:27:10","slug":"inflacion-de-ee-uu-vuelve-a-niveles-previos-a-la-pandemia-y-se-ubica-en-3","status":"publish","type":"post","link":"https:\/\/www.amchambaq.com\/es_co\/inflacion-de-ee-uu-vuelve-a-niveles-previos-a-la-pandemia-y-se-ubica-en-3\/","title":{"rendered":"Inflaci\u00f3n de EE. UU. vuelve a niveles previos a la pandemia y se ubica en 3 %"},"content":{"rendered":"<p>La\u00a0<strong>tasa de inflaci\u00f3n<\/strong>\u00a0en<strong>\u00a0Estados Unidos\u00a0<\/strong>cay\u00f3 en junio un punto, hasta el\u00a0<strong>3 %<\/strong>, coloc\u00e1ndose en su<strong>\u00a0nivel m\u00e1s bajo\u00a0<\/strong>desde antes de la pandemia y completando as\u00ed un a\u00f1o seguido de bajadas, seg\u00fan la Oficina de Estad\u00edsticas Laborales (<strong>BLS<\/strong>, por sus siglas en ingl\u00e9s).<\/p>\n<p>En t\u00e9rminos mensuales, los\u00a0<strong>precios de consumo<\/strong>\u00a0subieron dos d\u00e9cimas con respecto al mes de mayo.<\/p>\n<p>La<strong>\u00a0inflaci\u00f3n estadounidense\u00a0<\/strong>ha\u00a0<strong>bajado durante 12 meses<\/strong>\u00a0consecutivos desde que en junio de 2022\u00a0<strong>batiera su r\u00e9cord<\/strong>\u00a0de los \u00faltimos 40 a\u00f1os al colocarse en el\u00a0<strong>9,1 %.<\/strong><\/p>\n<p>Las subidas de tipos de inter\u00e9s aprobadas desde entonces por la\u00a0<strong>Reserva Federal<\/strong>, as\u00ed como el\u00a0<strong>abaratamiento de la energ\u00eda<\/strong>, han permitido que la tasa de inflaci\u00f3n en\u00a0<strong>Estados Unidos<\/strong>\u00a0se sit\u00fae ahora en\u00a0<strong>niveles previos<\/strong>\u00a0a la pandemia y en su\u00a0<strong>\u00edndice m\u00e1s bajo<\/strong>\u00a0en dos a\u00f1os.<\/p>\n<p>Precisamente, los\u00a0<strong>precios de la energ\u00eda<\/strong>\u00a0han ca\u00eddo en un a\u00f1o el\u00a0<strong>16,7 %<\/strong>\u00a0seg\u00fan la BLS, mientras que l<strong>os alimentos subieron<\/strong>\u00a0en ese tiempo el<strong>\u00a05,7%.<\/strong><\/p>\n<p>La<strong>\u00a0tasa anual de la inflaci\u00f3n<\/strong>\u00a0subyacente, que mide la<strong>\u00a0subida de precios<\/strong>\u00a0sin contar ni la energ\u00eda ni los alimentos, se coloc\u00f3 en el\u00a0<strong>4,8 %.<\/strong><\/p>\n<p>En t\u00e9rminos mensuales, los<strong>\u00a0<\/strong>precios de la\u00a0<strong>energ\u00eda subieron seis d\u00e9cimas<\/strong>\u00a0y los de los\u00a0<strong>alimentos solo una d\u00e9cima<\/strong>. La subida subyacente fue de solo dos d\u00e9cimas, la menor desde agosto de 2021.<\/p>\n<p>La importante<strong>\u00a0bajada de la inflaci\u00f3n<\/strong>\u00a0ser\u00e1 uno de los datos a tener en cuenta por la\u00a0<strong>Reserva Federal,\u00a0<\/strong>que en dos semanas inicia una nueva reuni\u00f3n de su Comit\u00e9 de Mercado Abierto para decidir sobre los tipos de inter\u00e9s.<\/p>\n<p>Aunque en su reuni\u00f3n anterior no se subieron los tipos, el presidente de la Fed,\u00a0<strong>Jerome Powell,\u00a0<\/strong>advirti\u00f3 de que en esta pr\u00f3xima ocasi\u00f3n se preve\u00eda una\u00a0<strong>nueva subida\u00a0<\/strong>para evitar el\u00a0<strong>sobrecalentamiento de la econom\u00eda<\/strong>.<\/p>\n<p>Conocido el dato de este mi\u00e9rcoles, habr\u00e1 que ver si la Fed cumple con esa idea de subir aunque sea lo m\u00ednimo, los tipos, o los deja en la horquilla actual, entre el\u00a0<strong>5 %<\/strong>\u00a0y el<strong>\u00a05,25 %<\/strong>.<\/p>\n<p>E<strong>l mercado laboral\u00a0<\/strong>sigue siendo fuerte, y en junio se crearon<strong>\u00a0209.000 empleos<\/strong>\u00a0netos, mientras que la tasa de desempleo baj\u00f3 una d\u00e9cima hasta situarse en el\u00a0<strong>3,6 %.<\/strong><\/p>\n<p>El presidente de Estados Unidos,<strong>\u00a0Joe Biden<\/strong>, aprovech\u00f3 esta buena noticia para colocarla entre sus\u00a0<strong>logros econ\u00f3micos,<\/strong>\u00a0entre los resultados de lo que su\u00a0<strong>Gobierno<\/strong>\u00a0est\u00e1 denominando\u00a0<strong>&#8220;Bidenomics&#8221;<\/strong>\u00a0pensando ya en sus mensajes de cara a las elecciones presidenciales de 2024.<\/p>\n<p>Biden dijo en un comunicado que el dato es una clara prueba de que la inflaci\u00f3n cae mientras la\u00a0<strong>econom\u00eda\u00a0<\/strong>sigue estando &#8220;fuerte&#8221; y con el\u00a0<strong>desempleo\u00a0<\/strong>en tasas hist\u00f3ricamente bajas.<\/p>\n<p>&#8220;Nuestros progresos creando<strong>\u00a0empleo\u00a0<\/strong>mientras bajan los costes para las familias no son un accidente, y continuar\u00e9 luchando para que\u00a0<strong>sigan bajando<\/strong>\u00a0esos<strong>\u00a0costos\u00a0<\/strong>cada d\u00eda&#8221;, dijo el mandatario estadounidense.<\/p>\n<p>Tomado de: EL HERALDO<\/p>\n","protected":false},"excerpt":{"rendered":"<p>La\u00a0tasa de inflaci\u00f3n\u00a0en\u00a0Estados Unidos\u00a0cay\u00f3 en junio un punto, hasta el\u00a03 %, coloc\u00e1ndose en su\u00a0nivel m\u00e1s bajo\u00a0desde antes de la pandemia y completando as\u00ed un a\u00f1o seguido de bajadas, seg\u00fan la Oficina de Estad\u00edsticas Laborales (BLS, por sus siglas en ingl\u00e9s). En t\u00e9rminos mensuales, los\u00a0precios de consumo\u00a0subieron dos d\u00e9cimas con respecto al mes de mayo. La\u00a0inflaci\u00f3n<\/p>\n","protected":false},"author":1,"featured_media":11327,"comment_status":"closed","ping_status":"closed","sticky":false,"template":"","format":"standard","meta":{"footnotes":""},"categories":[342,181],"tags":[],"class_list":["post-11326","post","type-post","status-publish","format-standard","has-post-thumbnail","hentry","category-news","category-noticias"],"views":32,"_links":{"self":[{"href":"https:\/\/www.amchambaq.com\/es_co\/wp-json\/wp\/v2\/posts\/11326","targetHints":{"allow":["GET"]}}],"collection":[{"href":"https:\/\/www.amchambaq.com\/es_co\/wp-json\/wp\/v2\/posts"}],"about":[{"href":"https:\/\/www.amchambaq.com\/es_co\/wp-json\/wp\/v2\/types\/post"}],"author":[{"embeddable":true,"href":"https:\/\/www.amchambaq.com\/es_co\/wp-json\/wp\/v2\/users\/1"}],"replies":[{"embeddable":true,"href":"https:\/\/www.amchambaq.com\/es_co\/wp-json\/wp\/v2\/comments?post=11326"}],"version-history":[{"count":1,"href":"https:\/\/www.amchambaq.com\/es_co\/wp-json\/wp\/v2\/posts\/11326\/revisions"}],"predecessor-version":[{"id":11328,"href":"https:\/\/www.amchambaq.com\/es_co\/wp-json\/wp\/v2\/posts\/11326\/revisions\/11328"}],"wp:featuredmedia":[{"embeddable":true,"href":"https:\/\/www.amchambaq.com\/es_co\/wp-json\/wp\/v2\/media\/11327"}],"wp:attachment":[{"href":"https:\/\/www.amchambaq.com\/es_co\/wp-json\/wp\/v2\/media?parent=11326"}],"wp:term":[{"taxonomy":"category","embeddable":true,"href":"https:\/\/www.amchambaq.com\/es_co\/wp-json\/wp\/v2\/categories?post=11326"},{"taxonomy":"post_tag","embeddable":true,"href":"https:\/\/www.amchambaq.com\/es_co\/wp-json\/wp\/v2\/tags?post=11326"}],"curies":[{"name":"wp","href":"https:\/\/api.w.org\/{rel}","templated":true}]}}