{"id":11313,"date":"2023-07-11T10:33:15","date_gmt":"2023-07-11T15:33:15","guid":{"rendered":"https:\/\/www.amchambaq.com\/?p=11313"},"modified":"2023-07-11T10:33:15","modified_gmt":"2023-07-11T15:33:15","slug":"la-mitad-del-banano-que-se-exporta-desde-colombia-sale-del-caribe","status":"publish","type":"post","link":"https:\/\/www.amchambaq.com\/es_co\/la-mitad-del-banano-que-se-exporta-desde-colombia-sale-del-caribe\/","title":{"rendered":"La mitad del banano que se exporta desde Colombia sale del Caribe"},"content":{"rendered":"<p>El <b>sector bananero del caribe colombiano<\/b>\u00a0en los primeros cinco meses del 2023 represent\u00f3 el 50 % del mercado de exportaci\u00f3n nacional. As\u00ed lo confirm\u00f3 la\u00a0<b>Asociaci\u00f3n de Bananeros del Magdalena y la Guajira (Asbama).<\/b><\/p>\n<p>De acuerdo con el gremio, en el periodo de enero a mayo de este a\u00f1o, el pa\u00eds export\u00f3 un total de<b>\u00a0701.430 toneladas de banano a los mercados internacionales<\/b>, lo cual represent\u00f3 una reducci\u00f3n en las exportaciones nacionales del 11 %, frente al dato registrado en el mismo periodo de 2022.<\/p>\n<p>Ahora bien, llevando la mirada hacia la comercializaci\u00f3n internacional del banano del caribe colombiano,\u00a0<b>en este mismo periodo fue de 351.635 toneladas, lo que registr\u00f3 una reducci\u00f3n del 6 % frente al mismo lapso del 2022.<\/b><\/p>\n<p>\u201c<i>Esta disminuci\u00f3n responde a m\u00faltiples factores asociados a los procesos de renovaci\u00f3n de plantaciones por eventos como inundaciones y vendavales presentados a finales del 2022 e inicios del 2023<\/i>\u201d, asegura la asociaci\u00f3n.<\/p>\n<p>Respecto a los pa\u00edses de destino,\u00a0<b>Estados Unidos\u00a0<\/b>se posiciona como el primer pa\u00eds en recibir la fruta de esta regi\u00f3n con un total de 115.442 toneladas en los primeros cinco meses.<\/p>\n<p>Pero el documento refleja que las exportaciones de banano de esta regi\u00f3n han tenido un cambio significativo,\u00a0<b>teniendo en cuenta que el Reino Unido pas\u00f3 al tercer puesto, siendo desplazado por B\u00e9lgica.<\/b><\/p>\n<p>Las ventas externas hacia este \u00faltimo llegaron a 72.077 toneladas, mientras que en el tercer lugar est\u00e1\u00a0<b>Reino Unido<\/b>\u00a0con 65.366 toneladas. En el cuarto y quinto puesto est\u00e1n Alemania y Pa\u00edses Bajos con 34.812 y 13.550 toneladas, respectivamente.<\/p>\n<p>Seg\u00fan\u00a0<b>Jos\u00e9 Francisco Z\u00fa\u00f1iga, presidente de Asbama<\/b>,\u00a0<i>&#8220;el banano representa el tercer rengl\u00f3n de las exportaciones del pa\u00eds; si bien la disminuci\u00f3n en el volumen de fruta exportada en los primeros cinco meses del a\u00f1o es evidente, ya para el segundo semestre empezamos a ver una tendencia al crecimiento, soportada en la exploraci\u00f3n de nuevos mercados<\/i>\u201d.<\/p>\n<p>De igual manera, en el an\u00e1lisis a nivel de comercializadoras se estim\u00f3 que\u00a0<b>Tecbaco\u00a0<\/b>se posicion\u00f3 con la mitad de las exportaciones de la fruta del Caribe, seguido de\u00a0<b>Banasa\u00a0<\/b>que tuvo el 27 % de las ventas internacionales. \u201c<i>Lo anterior deja en evidencia que estas dos empresas con el 77 % de la torta mueven la mayor parte de la agroindustria bananera en el caribe<\/i>\u201d, dicen.<\/p>\n<p>Tomado de: PORTAFOLIO<\/p>\n","protected":false},"excerpt":{"rendered":"<p>El sector bananero del caribe colombiano\u00a0en los primeros cinco meses del 2023 represent\u00f3 el 50 % del mercado de exportaci\u00f3n nacional. As\u00ed lo confirm\u00f3 la\u00a0Asociaci\u00f3n de Bananeros del Magdalena y la Guajira (Asbama). De acuerdo con el gremio, en el periodo de enero a mayo de este a\u00f1o, el pa\u00eds export\u00f3 un total de\u00a0701.430 toneladas<\/p>\n","protected":false},"author":1,"featured_media":11314,"comment_status":"closed","ping_status":"closed","sticky":false,"template":"","format":"standard","meta":{"footnotes":""},"categories":[342,181],"tags":[],"class_list":["post-11313","post","type-post","status-publish","format-standard","has-post-thumbnail","hentry","category-news","category-noticias"],"views":105,"_links":{"self":[{"href":"https:\/\/www.amchambaq.com\/es_co\/wp-json\/wp\/v2\/posts\/11313","targetHints":{"allow":["GET"]}}],"collection":[{"href":"https:\/\/www.amchambaq.com\/es_co\/wp-json\/wp\/v2\/posts"}],"about":[{"href":"https:\/\/www.amchambaq.com\/es_co\/wp-json\/wp\/v2\/types\/post"}],"author":[{"embeddable":true,"href":"https:\/\/www.amchambaq.com\/es_co\/wp-json\/wp\/v2\/users\/1"}],"replies":[{"embeddable":true,"href":"https:\/\/www.amchambaq.com\/es_co\/wp-json\/wp\/v2\/comments?post=11313"}],"version-history":[{"count":1,"href":"https:\/\/www.amchambaq.com\/es_co\/wp-json\/wp\/v2\/posts\/11313\/revisions"}],"predecessor-version":[{"id":11315,"href":"https:\/\/www.amchambaq.com\/es_co\/wp-json\/wp\/v2\/posts\/11313\/revisions\/11315"}],"wp:featuredmedia":[{"embeddable":true,"href":"https:\/\/www.amchambaq.com\/es_co\/wp-json\/wp\/v2\/media\/11314"}],"wp:attachment":[{"href":"https:\/\/www.amchambaq.com\/es_co\/wp-json\/wp\/v2\/media?parent=11313"}],"wp:term":[{"taxonomy":"category","embeddable":true,"href":"https:\/\/www.amchambaq.com\/es_co\/wp-json\/wp\/v2\/categories?post=11313"},{"taxonomy":"post_tag","embeddable":true,"href":"https:\/\/www.amchambaq.com\/es_co\/wp-json\/wp\/v2\/tags?post=11313"}],"curies":[{"name":"wp","href":"https:\/\/api.w.org\/{rel}","templated":true}]}}