{"id":11296,"date":"2023-07-07T10:33:08","date_gmt":"2023-07-07T15:33:08","guid":{"rendered":"https:\/\/www.amchambaq.com\/?p=11296"},"modified":"2023-07-07T10:33:08","modified_gmt":"2023-07-07T15:33:08","slug":"ya-entro-en-vigencia-el-nuevo-regimen-aduanero-estas-son-algunas-claves-del-decreto","status":"publish","type":"post","link":"https:\/\/www.amchambaq.com\/es_co\/ya-entro-en-vigencia-el-nuevo-regimen-aduanero-estas-son-algunas-claves-del-decreto\/","title":{"rendered":"Ya entr\u00f3 en vigencia el nuevo r\u00e9gimen aduanero, estas son algunas claves del decreto"},"content":{"rendered":"<p id=\"viewer-e5n4v\" class=\"xVISr Y9Dpf bCMSCT OZy-3 lnyWN yMZv8w bCMSCT public-DraftStyleDefault-block-depth0 fixed-tab-size public-DraftStyleDefault-text-ltr\"><span class=\"B2EFF public-DraftStyleDefault-ltr\">Se trata del decreto 920 de 2023, con este se modific\u00f3 la tipificaci\u00f3n de sanciones para dar mayor dinamismo al sector log\u00edstico<\/span><\/p>\n<p id=\"viewer-fudat\" class=\"xVISr Y9Dpf bCMSCT OZy-3 lnyWN yMZv8w bCMSCT public-DraftStyleDefault-block-depth0 fixed-tab-size public-DraftStyleDefault-text-ltr\"><span class=\"B2EFF public-DraftStyleDefault-ltr\">La empresa Zona Franca dio a conocer el nuevo r\u00e9gimen sancionatorio de aduanas que se formul\u00f3 en el decreto 920 de 2023. Al evento asistieron representantes de la Dian y de algunos gremios, para socializar las claves del nuevo r\u00e9gimen.<\/span><\/p>\n<p id=\"viewer-89r47\" class=\"xVISr Y9Dpf bCMSCT OZy-3 lnyWN yMZv8w bCMSCT public-DraftStyleDefault-block-depth0 fixed-tab-size public-DraftStyleDefault-text-ltr\"><span class=\"B2EFF public-DraftStyleDefault-ltr\">Cabe resaltar que el nuevo decreto se expidi\u00f3 el pasado 6 de junio y entr\u00f3 en vigencia el 9 de junio. Es decir, en tres d\u00edas los actores del sector log\u00edstico en comercio exterior tuvieron que adaptarse en las nuevas normas. El nuevo r\u00e9gimen modifica el decreto 1165 de 2019. En este se tipifican las sanciones aduaneras en leves, graves y grav\u00edsimas. Con este se prev\u00e9, en parte, reducir las sanciones para as\u00ed eliminar algunas trabas de tr\u00e1mite en las agencias de aduana. Otro de los objetivos del decreto 920 es poder visibilizar el perfil de riesgo de las agencias aduaneras.<\/span><\/p>\n<p id=\"viewer-aeggd\" class=\"xVISr Y9Dpf bCMSCT OZy-3 lnyWN yMZv8w bCMSCT public-DraftStyleDefault-block-depth0 fixed-tab-size public-DraftStyleDefault-text-ltr\"><span class=\"B2EFF public-DraftStyleDefault-ltr\">La visi\u00f3n de los gremios del nuevo decreto<\/span><\/p>\n<p id=\"viewer-3as98\" class=\"xVISr Y9Dpf bCMSCT OZy-3 lnyWN yMZv8w bCMSCT public-DraftStyleDefault-block-depth0 fixed-tab-size public-DraftStyleDefault-text-ltr\"><span class=\"B2EFF public-DraftStyleDefault-ltr\">Algunos l\u00edderes gremiales ya se refirieron al nuevo decreto en vigencia. Miguel Espinosa, presidente ejecutivo de la Federaci\u00f3n Colombiana de Agentes Log\u00edsticos (Fitac), se\u00f1al\u00f3 que &#8220;se siguen cancelando agencias de aduanas por temas de patrimonio, con el nuevo decreto se espera subsanar esta problem\u00e1tica. Sin embargo, cuando analizamos la tipificaci\u00f3n de las sanciones, vemos que en muchas ocasiones quien hace incurrir en la sanci\u00f3n es el importador&#8221;. Espinosa se\u00f1ala que algunos errores en detalles como la transcripci\u00f3n se consideran sanciones leves, y con el nuevo decreto se espera que este tipo de errores se consideren amonestaciones.<\/span><\/p>\n<p id=\"viewer-al2tg\" class=\"xVISr Y9Dpf bCMSCT OZy-3 lnyWN yMZv8w bCMSCT public-DraftStyleDefault-block-depth0 fixed-tab-size public-DraftStyleDefault-text-ltr\"><span class=\"B2EFF public-DraftStyleDefault-ltr\">&#8220;Hubo muy poco tiempo para dar las discusiones profundas. Hoy en d\u00eda a las agencias de aduanas las obligan a prestar servicio. Es importante abrir el di\u00e1logo con la Dian a\u00fan m\u00e1s. Hace falta reconocer que las agencias de aduana son actores fundamentales para la cadena log\u00edstica del pa\u00eds&#8221;, agreg\u00f3 Espinosa.<\/span><\/p>\n<p id=\"viewer-83crc\" class=\"xVISr Y9Dpf bCMSCT OZy-3 lnyWN yMZv8w bCMSCT public-DraftStyleDefault-block-depth0 fixed-tab-size public-DraftStyleDefault-text-ltr\"><span class=\"B2EFF public-DraftStyleDefault-ltr\">Sobre algunos temas positivos que ven los l\u00edderes gremiales en el nuevo decreto, Ang\u00e9lica Pe\u00f1a, directora de la C\u00e1mara de Usuarios de Zonas Francas de la Andi, considera que \u201ces positiva la reducci\u00f3n en el caso de incidencia de las sanciones. En general se ve un esfuerzo de la Dian para buscar un ambiente favorable, en el que no haya un desgaste administrativo y sanciones tan altas\u201d.<\/span><\/p>\n<p id=\"viewer-8s6nv\" class=\"xVISr Y9Dpf bCMSCT OZy-3 lnyWN yMZv8w bCMSCT public-DraftStyleDefault-block-depth0 fixed-tab-size public-DraftStyleDefault-text-ltr\"><span class=\"B2EFF public-DraftStyleDefault-ltr\">Javier D\u00edaz, presidente ejecutivo de Analdex, a\u00f1adi\u00f3 que hay que aclarar si ahora solo va a aplicar el nuevo decreto 920, y coment\u00f3 que en el pa\u00eds a\u00fan hace falta m\u00e1s jurisprudencia sobre el comercio exterior. Aunque dijo que el decreto &#8220;permite avanzar. Esperamos que los cronogramas en temas de modernizaci\u00f3n se cumplan y se pueda cerrar el esquema\u201d. Y agreg\u00f3 que &#8220;proyect\u00e1bamos un r\u00e9gimen un poco m\u00e1s simple, que pudiera darle \u00e9nfasis al cumplimiento voluntario de las obligaciones, a lograr que se sancione lo sustancial y no lo formal&#8221;.<\/span><\/p>\n<p id=\"viewer-t8d6\" class=\"xVISr Y9Dpf bCMSCT OZy-3 lnyWN yMZv8w bCMSCT public-DraftStyleDefault-block-depth0 fixed-tab-size public-DraftStyleDefault-text-ltr\"><span class=\"B2EFF public-DraftStyleDefault-ltr\">Finalmente, Espinosa enfatiz\u00f3 en que \u201cdebe d\u00e1rsele mayor debate al tema de modernizaci\u00f3n. La inclusi\u00f3n del defensor de contribuyente es un punto importante siempre que haya una independencia por parte del accionar de la Defensor\u00eda. Tambi\u00e9n es positivo que se haya incluido el derecho al error y la segunda oportunidad para incluir datos en el RUT. M\u00e1s all\u00e1 de las acciones que se vayan a emprender, es importante abrir los canales de comunicaci\u00f3n ante la administraci\u00f3n\u201d.<\/span><\/p>\n<p id=\"viewer-1kdj2\" class=\"xVISr Y9Dpf bCMSCT OZy-3 lnyWN yMZv8w bCMSCT public-DraftStyleDefault-block-depth0 fixed-tab-size public-DraftStyleDefault-text-ltr\"><span class=\"B2EFF public-DraftStyleDefault-ltr\"><a class=\"TWoY9 itht3\" href=\"https:\/\/www.larepublica.co\/economia\/ya-entro-en-vigencia-el-nuevo-regimen-aduanero-estas-son-algunas-claves-del-decreto-3647726\" target=\"_blank\" rel=\"noopener noreferrer\" data-hook=\"linkViewer\"><u class=\"D-jZk\">Tomado del diario La Republica <\/u><\/a> <\/span><\/p>\n","protected":false},"excerpt":{"rendered":"<p>Se trata del decreto 920 de 2023, con este se modific\u00f3 la tipificaci\u00f3n de sanciones para dar mayor dinamismo al sector log\u00edstico La empresa Zona Franca dio a conocer el nuevo r\u00e9gimen sancionatorio de aduanas que se formul\u00f3 en el decreto 920 de 2023. Al evento asistieron representantes de la Dian y de algunos gremios,<\/p>\n","protected":false},"author":1,"featured_media":11230,"comment_status":"closed","ping_status":"closed","sticky":false,"template":"","format":"standard","meta":{"footnotes":""},"categories":[342,181],"tags":[],"class_list":["post-11296","post","type-post","status-publish","format-standard","has-post-thumbnail","hentry","category-news","category-noticias"],"views":67,"_links":{"self":[{"href":"https:\/\/www.amchambaq.com\/es_co\/wp-json\/wp\/v2\/posts\/11296","targetHints":{"allow":["GET"]}}],"collection":[{"href":"https:\/\/www.amchambaq.com\/es_co\/wp-json\/wp\/v2\/posts"}],"about":[{"href":"https:\/\/www.amchambaq.com\/es_co\/wp-json\/wp\/v2\/types\/post"}],"author":[{"embeddable":true,"href":"https:\/\/www.amchambaq.com\/es_co\/wp-json\/wp\/v2\/users\/1"}],"replies":[{"embeddable":true,"href":"https:\/\/www.amchambaq.com\/es_co\/wp-json\/wp\/v2\/comments?post=11296"}],"version-history":[{"count":1,"href":"https:\/\/www.amchambaq.com\/es_co\/wp-json\/wp\/v2\/posts\/11296\/revisions"}],"predecessor-version":[{"id":11297,"href":"https:\/\/www.amchambaq.com\/es_co\/wp-json\/wp\/v2\/posts\/11296\/revisions\/11297"}],"wp:featuredmedia":[{"embeddable":true,"href":"https:\/\/www.amchambaq.com\/es_co\/wp-json\/wp\/v2\/media\/11230"}],"wp:attachment":[{"href":"https:\/\/www.amchambaq.com\/es_co\/wp-json\/wp\/v2\/media?parent=11296"}],"wp:term":[{"taxonomy":"category","embeddable":true,"href":"https:\/\/www.amchambaq.com\/es_co\/wp-json\/wp\/v2\/categories?post=11296"},{"taxonomy":"post_tag","embeddable":true,"href":"https:\/\/www.amchambaq.com\/es_co\/wp-json\/wp\/v2\/tags?post=11296"}],"curies":[{"name":"wp","href":"https:\/\/api.w.org\/{rel}","templated":true}]}}