{"id":11284,"date":"2023-07-04T15:31:55","date_gmt":"2023-07-04T20:31:55","guid":{"rendered":"https:\/\/www.amchambaq.com\/?p=11284"},"modified":"2023-07-04T15:31:55","modified_gmt":"2023-07-04T20:31:55","slug":"barranquilla-recibe-al-riobus-en-el-gran-malecon","status":"publish","type":"post","link":"https:\/\/www.amchambaq.com\/es_co\/barranquilla-recibe-al-riobus-en-el-gran-malecon\/","title":{"rendered":"Barranquilla recibe al RioB\u00fas en el Gran Malec\u00f3n"},"content":{"rendered":"<p>Los barranquilleros se preparan para recibir este mi\u00e9rcoles al RioB\u00fas, una apuesta hacia la reactivaci\u00f3n del transporte y el turismo por el r\u00edo Magdalena, arteria fluvial por medio de la cual entr\u00f3 el progreso a Barranquilla. Con la llegada de la embarcaci\u00f3n, el alcalde Jaime Pumarejo sigue impulsando proyectos que apuntan al desarrollo sostenible y al aprovechamiento de los recursos naturales.<\/p>\n<p>El anuncio lo hizo el alcalde Jaime Pumarejo, quien explic\u00f3 que, inicialmente, los barranquilleros podr\u00e1n conocer este mi\u00e9rcoles la embarcaci\u00f3n, mientras se definen los procesos operativos y de registro.<\/p>\n<p>El RioB\u00fas va a zarpar de Cartagena por el Canal del Dique y cuando llegue al departamento del Atl\u00e1ntico va a recorrer 12 de sus municipios hasta llegar al Gran Malec\u00f3n alrededor de las 4:00 de la tarde del mi\u00e9rcoles 5 de julio.<\/p>\n<p>Pumarejo destac\u00f3 que este es solo el inicio de una gran iniciativa: \u201cRenace un sue\u00f1o de navegar por el r\u00edo Magdalena, de utilizarlo como transporte fluvial. Hoy estamos lanzando el \u2018Karakal\u00ed\u2019, el primero de los riobuses que surcar\u00e1 las aguas del Magdalena y lo har\u00e1 para transporte y turismo\u201d.<\/p>\n<p>Esta embarcaci\u00f3n tiene tecnolog\u00eda de punta con ingenier\u00eda colombiana, la idea es que el RioB\u00fas pueda llevar -a futuro- a las personas hasta Puerto Mocho, as\u00ed como a Suan y dem\u00e1s municipios ribere\u00f1os del Atl\u00e1ntico y del Magdalena.<\/p>\n<p>Una vez se habiliten los recorridos, el \u2018Karakal\u00ed\u2019, nombre que tendr\u00e1 esta primera embarcaci\u00f3n, tiene proyectado realizar un recorrido de 6,7 kil\u00f3metros desde el muelle de Puerta de Oro y atravesar\u00e1 el canal navegable Los Tramposos hasta llegar a la Intendencia Fluvial. Sin embargo, se prev\u00e9 que a futuro tenga una ruta aproximada de 33 kil\u00f3metros, sin contar los canales navegables.<\/p>\n<p>El \u2018Karakal\u00ed\u2019 fue construido por una empresa colombiana: \u201cEl RioB\u00fas tuvo un proceso. Inicialmente, se presentaron los planos, que fueron aprobados por el Ministerio de Transporte; adicionalmente a eso, una vez se recibi\u00f3 esta aprobaci\u00f3n, duraron seis meses en construcci\u00f3n\u201d, apunt\u00f3 el mandatario.<\/p>\n<p>Entre las especificaciones definidas durante los meses de dise\u00f1o se decidi\u00f3 que tuviera dos motores internos di\u00e9sel, que tienen la capacidad de movilizar 60 pasajeros. Adem\u00e1s, cuenta con aire acondicionado en la cabina de pasajeros, un parqueadero de bicicletas, \u00e1rea de bodegaje, ba\u00f1o y acceso a personas de movilidad reducida.<\/p>\n<p>La embarcaci\u00f3n podr\u00e1 desplazarse a una velocidad promedio entre 20.37 y 31.48 kil\u00f3metros por hora, permitiendo a los usuarios disfrutar de la vista que ofrece el r\u00edo Magdalena, as\u00ed como generar una nueva alternativa de movilidad que conecte a locales y\/o visitantes con esta importante arteria fluvial.<\/p>\n<p>Se prev\u00e9 que este sea el primer ejemplar, por medio del cual los barranquilleros tendr\u00e1n una nueva alternativa de transporte, como tambi\u00e9n un medio tur\u00edstico que va a impactar positivamente la econom\u00eda de la ciudad.<\/p>\n<p>Tomado de: ALCALD\u00cdA DE BARRANQUILLA<\/p>\n","protected":false},"excerpt":{"rendered":"<p>Los barranquilleros se preparan para recibir este mi\u00e9rcoles al RioB\u00fas, una apuesta hacia la reactivaci\u00f3n del transporte y el turismo por el r\u00edo Magdalena, arteria fluvial por medio de la cual entr\u00f3 el progreso a Barranquilla. Con la llegada de la embarcaci\u00f3n, el alcalde Jaime Pumarejo sigue impulsando proyectos que apuntan al desarrollo sostenible y<\/p>\n","protected":false},"author":1,"featured_media":11285,"comment_status":"closed","ping_status":"closed","sticky":false,"template":"","format":"standard","meta":{"footnotes":""},"categories":[342,181],"tags":[],"class_list":["post-11284","post","type-post","status-publish","format-standard","has-post-thumbnail","hentry","category-news","category-noticias"],"views":44,"_links":{"self":[{"href":"https:\/\/www.amchambaq.com\/es_co\/wp-json\/wp\/v2\/posts\/11284","targetHints":{"allow":["GET"]}}],"collection":[{"href":"https:\/\/www.amchambaq.com\/es_co\/wp-json\/wp\/v2\/posts"}],"about":[{"href":"https:\/\/www.amchambaq.com\/es_co\/wp-json\/wp\/v2\/types\/post"}],"author":[{"embeddable":true,"href":"https:\/\/www.amchambaq.com\/es_co\/wp-json\/wp\/v2\/users\/1"}],"replies":[{"embeddable":true,"href":"https:\/\/www.amchambaq.com\/es_co\/wp-json\/wp\/v2\/comments?post=11284"}],"version-history":[{"count":1,"href":"https:\/\/www.amchambaq.com\/es_co\/wp-json\/wp\/v2\/posts\/11284\/revisions"}],"predecessor-version":[{"id":11286,"href":"https:\/\/www.amchambaq.com\/es_co\/wp-json\/wp\/v2\/posts\/11284\/revisions\/11286"}],"wp:featuredmedia":[{"embeddable":true,"href":"https:\/\/www.amchambaq.com\/es_co\/wp-json\/wp\/v2\/media\/11285"}],"wp:attachment":[{"href":"https:\/\/www.amchambaq.com\/es_co\/wp-json\/wp\/v2\/media?parent=11284"}],"wp:term":[{"taxonomy":"category","embeddable":true,"href":"https:\/\/www.amchambaq.com\/es_co\/wp-json\/wp\/v2\/categories?post=11284"},{"taxonomy":"post_tag","embeddable":true,"href":"https:\/\/www.amchambaq.com\/es_co\/wp-json\/wp\/v2\/tags?post=11284"}],"curies":[{"name":"wp","href":"https:\/\/api.w.org\/{rel}","templated":true}]}}