{"id":11278,"date":"2023-07-04T15:23:24","date_gmt":"2023-07-04T20:23:24","guid":{"rendered":"https:\/\/www.amchambaq.com\/?p=11278"},"modified":"2023-07-04T15:23:24","modified_gmt":"2023-07-04T20:23:24","slug":"colombia-tercer-pais-de-america-en-superar-cifras-prepandemia-en-turismo","status":"publish","type":"post","link":"https:\/\/www.amchambaq.com\/es_co\/colombia-tercer-pais-de-america-en-superar-cifras-prepandemia-en-turismo\/","title":{"rendered":"Colombia, tercer pa\u00eds de Am\u00e9rica en superar cifras prepandemia en turismo"},"content":{"rendered":"<p>Colombia es el tercer pa\u00eds a nivel Am\u00e9ricas que ha presentado una\u00a0<strong>recuperaci\u00f3n sobresalient<\/strong>e en t\u00e9rminos de llegadas de turistas internacionales en el primer<strong>\u00a0trimestre de 2023<\/strong>. Incluso, sobrepasa en un 18 % la tasa que se registr\u00f3 en el mismo periodo 2019, un a\u00f1o justo antes de la pandemia.<\/p>\n<p>Esta es una de las conclusiones del \u00faltimo Informe Regional para las<strong>\u00a0Am\u00e9ricas de la Organizaci\u00f3n Mundial de Turismo (OMT),<\/strong>\u00a0que fue presentado la semana pasada en Quito, Ecuador, durante la Comisi\u00f3n Regional organizada por este organismo.<\/p>\n<p>El viceministro de Turismo, Arturo Bravo, particip\u00f3 en representaci\u00f3n del pa\u00eds en este encuentro regional y destac\u00f3 \u00a0que, de acuerdo con este importante \u00f3rgano internacional, \u201cColombia no solo es tercero a nivel Am\u00e9ricas, sino el segundo en\u00a0<strong>Latinoam\u00e9rica<\/strong>, solo superado por El Salvador\u201d.<\/p>\n<p>Agreg\u00f3 que en lo corrido de 2023 las cifras confirman que la recuperaci\u00f3n va por buen camino, si se tienen en cuenta algunos indicadores como la llegada de\u00a0<strong>visitantes\u00a0<\/strong>no residentes o el comportamiento del PIB de alojamiento y servicio de comidas.<\/p>\n<p>Por su parte, la presidenta de ProColombia,\u00a0<strong>Carmen Caballero<\/strong>, se\u00f1al\u00f3 que \u201cesta es una gran noticia para el pa\u00eds, porque se respalda con cifras el gran esfuerzo que hacemos, bajo el liderazgo del Ministerio de Comercio, de promocionar a Colombia como un destino ideal para los viajeros a nivel mundial\u201d.<\/p>\n<p>El informe indica que: \u201c\u00c1frica y las Am\u00e9ricas alcanzaron alrededor del 85 % de los niveles de 2019 en los primeros tres meses de 2023, mientras que las llegadas a Asia y el Pac\u00edfico aumentaron al 54 % de los niveles anteriores a la pandemia\u201d.<\/p>\n<p>Y agrega: \u201cSe espera que el turismo internacional contin\u00fae su recuperaci\u00f3n a lo largo del a\u00f1o respaldado por una fuerte\u00a0<strong>demanda acumulada,<\/strong>\u00a0la recuperaci\u00f3n sostenida de la conectividad a\u00e9rea, as\u00ed como por la reciente reapertura de China y otros mercados y destinos asi\u00e1ticos importantes\u201d.<\/p>\n<div class=\"field-item odd\">\n<div class=\"content-titulo\">\n<div class=\"titulo\"><strong>Cifras al alza<\/strong><\/div>\n<\/div>\n<\/div>\n<div class=\"field-item even\">\n<div class=\"entity entity-paragraphs-item paragraphs-item-descripcion\">\n<div class=\"content\">\n<div class=\"field field-name-field-descripcion field-type-text-long field-label-hidden\">\n<div class=\"field-items\">\n<div class=\"field-item even\">\n<p>De acuerdo con Migraci\u00f3n Colombia, el pa\u00eds\u00a0<strong>cerr\u00f3 2022 con 4,6 millones de viajeros internacionales,<\/strong>\u00a0el mejor a\u00f1o del turismo para el pa\u00eds superando en 1,7 % las cifras alcanzadas en 2019. Y de enero a mayo de 2023 se registraron las 2\u2019249.411 visitantes no residentes en Colombia, lo que representa un crecimiento del 36,7 % respecto al mismo periodo de 2022 y del 20 % frente a 2019.<\/p>\n<p>El DANE indic\u00f3 que en 2022 se registr\u00f3 un gasto tur\u00edstico al interior del pa\u00eds por USD12.912 millones, teniendo un crecimiento de<strong>\u00a052,5 % respecto a 202<\/strong>1. En el mismo a\u00f1o, el gasto en turismo receptor gener\u00f3 USD9.441 millones, participando con el 73,1 % del gasto total.<\/p>\n<p>El turismo interno particip\u00f3 con el 26,9 %<strong>\u00a0(USD3.472 millones).\u00a0<\/strong>Adem\u00e1s, se registr\u00f3 el mayor gasto receptor en Colombia, teniendo un crecimiento anual compuesto del 19,1 % respecto a 2018.<\/p>\n<p>Por otro lado, el Banco de la Rep\u00fablica indic\u00f3 que en 2022 se registraron US$ 7.368,1 millones por\u00a0<strong>concepto\u00a0<\/strong>de pasajeros y viajes, siendo el mayor monto obtenido en divisas en los \u00faltimos a\u00f1os.<\/p>\n<p>Hoy Colombia cuenta con 25\u00a0<strong>aerol\u00edneas internacionales,\u00a0<\/strong>m\u00e1s de 1.150 frecuencias y 215.000 sillas semanales, superando la capacidad prepandemia y dentro del top 3 de pa\u00edses latinos con mayor capacidad a\u00e9rea junto con M\u00e9xico y Brasil.<\/p>\n<p>Y durante 2023, se han anunciado 18 nuevas rutas a\u00e9reas internacionales, incrementando as\u00ed la conectividad de Colombia con siete pa\u00edses en toda Am\u00e9rica y Europa: Brasil, Chile, Ecuador, Estados Unidos, M\u00e9xico, Aruba y Suiza. De estas, ya han entrado en operaci\u00f3n 11 rutas.<\/p>\n<p>En cuanto a las proyecciones de llegadas de viajeros internacionales a Colombia, en el \u00faltimo informe de la consultora de viajes ForwardKeys el pa\u00eds aument\u00f3 en un 34,6 % el n\u00famero de reservas internacionales si se compara con el mismo periodo de 2022, registrando un pron\u00f3stico de 430.549 para el periodo comprendido entre mayo a octubre del presente a\u00f1o.<\/p>\n<p>El informe destaca que Estados Unidos, Espa\u00f1a y Chile tienen m\u00e1s del 48 % de las reservas hacia Colombia. Asimismo, Bogot\u00e1, Medell\u00edn y Cartagena participan con m\u00e1s del 90 % de las reservas internacionales, siendo la capital de Colombia la que concentra casi el 6 0% de las reservas.<\/p>\n<p>Tomado de: EL HERALDO<\/p>\n<\/div>\n<\/div>\n<\/div>\n<\/div>\n<\/div>\n<\/div>\n","protected":false},"excerpt":{"rendered":"<p>Colombia es el tercer pa\u00eds a nivel Am\u00e9ricas que ha presentado una\u00a0recuperaci\u00f3n sobresaliente en t\u00e9rminos de llegadas de turistas internacionales en el primer\u00a0trimestre de 2023. Incluso, sobrepasa en un 18 % la tasa que se registr\u00f3 en el mismo periodo 2019, un a\u00f1o justo antes de la pandemia. Esta es una de las conclusiones del<\/p>\n","protected":false},"author":1,"featured_media":11279,"comment_status":"closed","ping_status":"closed","sticky":false,"template":"","format":"standard","meta":{"footnotes":""},"categories":[342,181],"tags":[],"class_list":["post-11278","post","type-post","status-publish","format-standard","has-post-thumbnail","hentry","category-news","category-noticias"],"views":44,"_links":{"self":[{"href":"https:\/\/www.amchambaq.com\/es_co\/wp-json\/wp\/v2\/posts\/11278","targetHints":{"allow":["GET"]}}],"collection":[{"href":"https:\/\/www.amchambaq.com\/es_co\/wp-json\/wp\/v2\/posts"}],"about":[{"href":"https:\/\/www.amchambaq.com\/es_co\/wp-json\/wp\/v2\/types\/post"}],"author":[{"embeddable":true,"href":"https:\/\/www.amchambaq.com\/es_co\/wp-json\/wp\/v2\/users\/1"}],"replies":[{"embeddable":true,"href":"https:\/\/www.amchambaq.com\/es_co\/wp-json\/wp\/v2\/comments?post=11278"}],"version-history":[{"count":1,"href":"https:\/\/www.amchambaq.com\/es_co\/wp-json\/wp\/v2\/posts\/11278\/revisions"}],"predecessor-version":[{"id":11280,"href":"https:\/\/www.amchambaq.com\/es_co\/wp-json\/wp\/v2\/posts\/11278\/revisions\/11280"}],"wp:featuredmedia":[{"embeddable":true,"href":"https:\/\/www.amchambaq.com\/es_co\/wp-json\/wp\/v2\/media\/11279"}],"wp:attachment":[{"href":"https:\/\/www.amchambaq.com\/es_co\/wp-json\/wp\/v2\/media?parent=11278"}],"wp:term":[{"taxonomy":"category","embeddable":true,"href":"https:\/\/www.amchambaq.com\/es_co\/wp-json\/wp\/v2\/categories?post=11278"},{"taxonomy":"post_tag","embeddable":true,"href":"https:\/\/www.amchambaq.com\/es_co\/wp-json\/wp\/v2\/tags?post=11278"}],"curies":[{"name":"wp","href":"https:\/\/api.w.org\/{rel}","templated":true}]}}