{"id":11270,"date":"2023-06-28T12:22:14","date_gmt":"2023-06-28T17:22:14","guid":{"rendered":"https:\/\/www.amchambaq.com\/?p=11270"},"modified":"2023-06-28T12:22:14","modified_gmt":"2023-06-28T17:22:14","slug":"amcham-colombia-abre-nueva-convocatoria-a-programa-de-internacionalizacion-con-modulo-para-empresas-ubicadas-en-zona-franca","status":"publish","type":"post","link":"https:\/\/www.amchambaq.com\/es_co\/amcham-colombia-abre-nueva-convocatoria-a-programa-de-internacionalizacion-con-modulo-para-empresas-ubicadas-en-zona-franca\/","title":{"rendered":"AmCham Colombia abre nueva convocatoria a Programa de Internacionalizaci\u00f3n con m\u00f3dulo para empresas ubicadas en Zona Franca"},"content":{"rendered":"<p>La C\u00e1mara de Comercio Colombo Americana, AmCham Colombia, abri\u00f3 una nueva convocatoria de su Programa de Internacionalizaci\u00f3n a trav\u00e9s del cual no solo acompa\u00f1ar\u00e1 a los empresarios del pa\u00eds a expandir sus negocios a Estados Unidos, sino tambi\u00e9n ayudar\u00e1 a las compa\u00f1\u00edas ubicadas en Zonas Francas a robustecer sus planes de internacionalizaci\u00f3n para ser presentados ante el Gobierno Nacional y as\u00ed puedan conservar sus beneficios tributarios.<\/p>\n<p>\u201cEste a\u00f1o abrimos una nueva l\u00ednea de nuestro Programa de Internacionalizaci\u00f3n pensada espec\u00edficamente para todas las compa\u00f1\u00edas ubicadas en Zona Franca, teniendo en cuenta que en el marco\u00a0de la reforma tributaria aprobada el a\u00f1o pasado se establece que deber\u00e1n cumplir con un plan de internacionalizaci\u00f3n con visto bueno del Ministerio de Comercio, Industria y Turismo que cumpla con el umbral m\u00ednimo de exportaci\u00f3n para acceder al beneficio de renta del 20%, de lo contrario, estas empresas perder\u00edan el beneficio de menor tarifa del impuesto de rentar y deber\u00e1n pagar la tarifa general, es decir, el 35%\u201d, resalt\u00f3 la presidenta de AmCham Colombia, Mar\u00eda Claudia Lacouture.<\/p>\n<p>Agreg\u00f3 que la segunda l\u00ednea del Programa seguir\u00e1 orientada, como en sus ediciones anteriores, en empresas de todos los tama\u00f1os, sectores y regiones del pa\u00eds, que se encuentran fuera de Zona Franca, que quieran fortalecer sus capacidades y tener todas las herramientas necesarias para una correcta internacionalizaci\u00f3n al mercado estadounidense.<\/p>\n<p>Este a\u00f1o, el Programa tendr\u00e1 una duraci\u00f3n de hasta 16 semanas y contar\u00e1 con el respaldo de la Escuela de Administraci\u00f3n de la Universidad del Rosario y la firma Posse Herrera Ruiz, quienes ser\u00e1n los encargados de acompa\u00f1ar todo el proceso de formaci\u00f3n y fortalecimiento de los empresarios colombianos.<\/p>\n<p>\u201cUna de las ventajas del Programa es su metodolog\u00eda virtual, ya que garantiza que todas empresas dentro del territorio nacional puedan acceder a \u00e9l. Asimismo, las compa\u00f1\u00edas participantes podr\u00e1n contar con un diagn\u00f3stico de su potencial de internacionalizaci\u00f3n, una ruta personalizada de acuerdo con sus industrias, 15 talleres especializados y 4 mentor\u00edas personalizadas\u201d, explic\u00f3 Lacouture.<\/p>\n<p>\u201cInvitamos a todas las empresas del pa\u00eds, dentro y fuera de Zona Franca, a ser parte de nuestro Programa de Internacionalizaci\u00f3n que les brindar\u00e1 las herramientas y el acompa\u00f1amiento de consultores, altamente capacitados y con amplia trayectoria, con el fin que puedan estructurar o robustecer sus planes de internacionalizaci\u00f3n y gozar de todos sus beneficios\u201d, puntualiz\u00f3 la presidenta de AmCham Colombia.<\/p>\n<p>A la fecha, este Programa ha\u00a0ayudado a m\u00e1s de 30 compa\u00f1\u00edas colombianas, de diferentes sectores, a prepararse para exportar a Estados Unidos, construy\u00e9ndoles su ruta de expansi\u00f3n a ese pa\u00eds de la mano de expertos y bajo diferentes modelos de negocio.<\/p>\n<p>Las empresas interesadas en participar en el Programa de Internacionalizaci\u00f3n 2023 de AmCham Colombia pueden conocer m\u00e1s informaci\u00f3n e inscribirse en este link:\u00a0<a title=\"\" href=\"https:\/\/amchamcolombia.co\/es\/eventos-amcham\/programa-de-internacionalizacion-2023\/\" target=\"_blank\" rel=\"noopener\">https:\/\/amchamcolombia.co\/es\/eventos-amcham\/programa-de-internacionalizacion-2023\/<\/a><\/p>\n","protected":false},"excerpt":{"rendered":"<p>La C\u00e1mara de Comercio Colombo Americana, AmCham Colombia, abri\u00f3 una nueva convocatoria de su Programa de Internacionalizaci\u00f3n a trav\u00e9s del cual no solo acompa\u00f1ar\u00e1 a los empresarios del pa\u00eds a expandir sus negocios a Estados Unidos, sino tambi\u00e9n ayudar\u00e1 a las compa\u00f1\u00edas ubicadas en Zonas Francas a robustecer sus planes de internacionalizaci\u00f3n para ser presentados<\/p>\n","protected":false},"author":1,"featured_media":11271,"comment_status":"closed","ping_status":"closed","sticky":false,"template":"","format":"standard","meta":{"footnotes":""},"categories":[342,181],"tags":[],"class_list":["post-11270","post","type-post","status-publish","format-standard","has-post-thumbnail","hentry","category-news","category-noticias"],"views":74,"_links":{"self":[{"href":"https:\/\/www.amchambaq.com\/es_co\/wp-json\/wp\/v2\/posts\/11270","targetHints":{"allow":["GET"]}}],"collection":[{"href":"https:\/\/www.amchambaq.com\/es_co\/wp-json\/wp\/v2\/posts"}],"about":[{"href":"https:\/\/www.amchambaq.com\/es_co\/wp-json\/wp\/v2\/types\/post"}],"author":[{"embeddable":true,"href":"https:\/\/www.amchambaq.com\/es_co\/wp-json\/wp\/v2\/users\/1"}],"replies":[{"embeddable":true,"href":"https:\/\/www.amchambaq.com\/es_co\/wp-json\/wp\/v2\/comments?post=11270"}],"version-history":[{"count":1,"href":"https:\/\/www.amchambaq.com\/es_co\/wp-json\/wp\/v2\/posts\/11270\/revisions"}],"predecessor-version":[{"id":11272,"href":"https:\/\/www.amchambaq.com\/es_co\/wp-json\/wp\/v2\/posts\/11270\/revisions\/11272"}],"wp:featuredmedia":[{"embeddable":true,"href":"https:\/\/www.amchambaq.com\/es_co\/wp-json\/wp\/v2\/media\/11271"}],"wp:attachment":[{"href":"https:\/\/www.amchambaq.com\/es_co\/wp-json\/wp\/v2\/media?parent=11270"}],"wp:term":[{"taxonomy":"category","embeddable":true,"href":"https:\/\/www.amchambaq.com\/es_co\/wp-json\/wp\/v2\/categories?post=11270"},{"taxonomy":"post_tag","embeddable":true,"href":"https:\/\/www.amchambaq.com\/es_co\/wp-json\/wp\/v2\/tags?post=11270"}],"curies":[{"name":"wp","href":"https:\/\/api.w.org\/{rel}","templated":true}]}}