{"id":11216,"date":"2023-06-08T09:32:11","date_gmt":"2023-06-08T14:32:11","guid":{"rendered":"https:\/\/www.amchambaq.com\/?p=11216"},"modified":"2023-06-08T09:32:11","modified_gmt":"2023-06-08T14:32:11","slug":"barranquilla-es-un-modelo-a-seguir-en-aspectos-economicos-y-comerciales","status":"publish","type":"post","link":"https:\/\/www.amchambaq.com\/es_co\/barranquilla-es-un-modelo-a-seguir-en-aspectos-economicos-y-comerciales\/","title":{"rendered":"\u201cBarranquilla es un modelo a seguir en aspectos econ\u00f3micos y comerciales\u201d"},"content":{"rendered":"<p>El crecimiento de Barranquilla ha sido tan\u00a0importante que se ha\u00a0<strong>convertido en un modelo a seguir\u00a0<\/strong>para el resto de ciudades del pa\u00eds, manifest\u00f3 Carolina Soto, excodirectora del Banco de la Rep\u00fablica.<\/p>\n<p>\u201cEsta ciudad ha avanzado en temas importantes y ha sido fortalecido por el\u00a0<strong>Estado<\/strong>, la academia y el empresariado, por lo que ha aprovechado la sinergia y esa suma de fuerzas para sacar adelante una<strong>\u00a0ciudad que hoy en d\u00eda es modelo<\/strong>\u201d, manifest\u00f3 Soto durante el evento ExpoproBarranquilla 2023.<\/p>\n<p>Agreg\u00f3 que Barranquilla tiene un gran potencial de lo que se est\u00e1 viviendo a nivel mundial y es el\u00a0<strong>reacomodo\u00a0<\/strong>de las fuerzas comerciales (nearshoring).<\/p>\n<p>\u201cBarranquilla tiene un gran privilegio por su posici\u00f3n\u00a0<strong>geogr\u00e1fica al tener<\/strong>\u00a0un puerto que funciona de gran manera y que tambi\u00e9n ha servido como un modelo a seguir\u201d, se\u00f1al\u00f3 la excodirectora del Banco de la Rep\u00fablica.<\/p>\n<p>Por su parte, Charles Chapman, presidente del Consejo Directivo de ProBarranquilla,\u00a0<strong>expres\u00f3 que actualmente Barranquilla<\/strong>\u00a0y el Atl\u00e1ntico se ha destacado en crecimiento econ\u00f3mico y empresarial.<\/p>\n<p>\u201cEstamos con buenos indicadores\u00a0<strong>en materia de exportaciones<\/strong>\u00a0y crecimiento del PIB, ahora lo que tenemos que pensar es como crecemos en tama\u00f1o, y que esto se vuelva la gran ciudad del Caribe. Queremos que Barranquilla tenga un lugar muy importante en ese sentido\u201d, sostuvo Chapman.<\/p>\n<p>Resalt\u00f3 que las ciudades de\u00a0<strong>Barranquilla, Cartagena y Santa Marta<\/strong>\u00a0tienen un potencial inmenso. En ese sentido, sostuvo que si unifican sus fortalezas, pueden dar paso al tri\u00e1ngulo de oro del Caribe.<\/p>\n<p>A su vez,<strong>\u00a0Vicky Osorio,<\/strong>\u00a0directora ejecutiva de ProBarranquilla, dijo que es necesario trabajar arduamente para seguir promocionando a la ciudad como un destino enfocado en el turismo de negocios, y que con ello se fortalezca la competitividad y la capacidad del territorio.<\/p>\n<p>\u201cBarranquilla es la primera econom\u00eda de la regi\u00f3n Caribe colombiana y de las principales del pa\u00eds, por lo que somos un territorio id\u00f3neo para la llegada de inversionistas, por lo que debemos trabajar para atraer m\u00e1s inversi\u00f3n y que la ciudad se fortalezca cada vez m\u00e1s\u201d, detall\u00f3 Osorio.<\/p>\n<p>Entre tanto, Bruce Mac Master, presidente de la\u00a0<strong>Asociaci\u00f3n Nacional de Empresarios<\/strong>\u00a0(Andi), indic\u00f3 en su intervenci\u00f3n que Barranquilla se ha posicionado como una regi\u00f3n l\u00edder en atracci\u00f3n de inversi\u00f3n.<\/p>\n<div class=\"field-item odd\">\n<div class=\"content-titulo\">\n<div class=\"titulo\"><strong>Turismo de negocios, la base<\/strong><\/div>\n<\/div>\n<\/div>\n<div class=\"field-item even\">\n<div class=\"entity entity-paragraphs-item paragraphs-item-descripcion\">\n<div class=\"content\">\n<div class=\"field field-name-field-descripcion field-type-text-long field-label-hidden\">\n<div class=\"field-items\">\n<div class=\"field-item even\">\n<p>La directora ejecutiva de ProBarranquilla resalt\u00f3 que la ciudad ha tenido en la \u00faltima d\u00e9cada una gran oportunidad para la atracci\u00f3n del turismo de negocios, que se ha convertido en la base de su \u00e9xito.<\/p>\n<p>\u201cEsos eventos en lugares estrat\u00e9gicos, no solamente trae un desarrollo econ\u00f3mico a la ciudad, sino visitantes a los cuales podemos presentarles nuestra capacidad\u00a0<strong>para hacer negocios, nuestra infraestructura, calidad de vida,<\/strong>\u00a0y esto nos ayuda a ser una venta de territorio para ser cada vez m\u00e1s fortalecidos en materia de inversi\u00f3n\u201d, recalc\u00f3 Osorio.<\/p>\n<p>A\u00f1adi\u00f3 que se ha hecho un esfuerzo por promover a Barranquilla a nivel internacional para lograr que m\u00e1s eventos de negocios se realicen en la ciudad y lograr una buena posici\u00f3n del territorio en este tipo de turismo.<\/p>\n<p>\u201cHay una gran articulaci\u00f3n que existe en la ciudad entre los\u00a0<strong>sectores p\u00fablico y privado y la academia,<\/strong>\u00a0entre todos trabajamos con ese prop\u00f3sito. Un evento que llega al territorio va a encontrar todo un ecosistema que est\u00e1 buscando apoyar para que el evento se pueda realizar, eso si, hay que tener una buena capacidad de infraestructura, de proveedur\u00eda local y eso es clave para aumentar nuestra oferta tur\u00edstica\u201d, se\u00f1al\u00f3 Osorio.<\/p>\n<div class=\"field-item even\">\n<div class=\"content-titulo\">\n<div class=\"titulo\"><strong>Hay efectos positivos<\/strong><\/div>\n<\/div>\n<\/div>\n<div class=\"field-item odd\">\n<div class=\"entity entity-paragraphs-item paragraphs-item-descripcion\">\n<div class=\"content\">\n<div class=\"field field-name-field-descripcion field-type-text-long field-label-hidden\">\n<div class=\"field-items\">\n<div class=\"field-item even\">\n<p>Los expertos de turismo se\u00f1alaron que cuando una ciudad lograr atraer eventos econ\u00f3micos, se logra obtener efectos positivos no solamente en lo monetario, sino en lo social.<\/p>\n<p>\u201cCuando se atrae un evento acad\u00e9mico a una ciudad, hay un efecto en la poblaci\u00f3n, m\u00e1s all\u00e1 de lo econ\u00f3mico, porque permite conectar y acercar conocimientos a los talentos locales\u201d, manifest\u00f3\u00a0<strong>Denisse Mac Cubbin<\/strong>, Bur\u00f3 de Convenciones de Lima.<\/p>\n<p>Entre tanto,<strong>\u00a0Javier Montilla<\/strong>, managing director de Congrex Am\u00e9rica, expuso que esta clase de turismo ayuda a visibilizar los destinos a nivel nacional e internacional, por lo que significa una gran oportunidad para cada ciudad.<\/p>\n<p>\u201cLa belleza de este negocio es la gente y las oportunidades que trae a los destinos\u201d, afirm\u00f3 Montilla en ExpoproBarranquilla.<\/p>\n<\/div>\n<\/div>\n<\/div>\n<\/div>\n<\/div>\n<\/div>\n<div class=\"field-item even\">\n<div class=\"content-titulo\">\n<div class=\"titulo\"><strong>Barranquilla, un polo de atracci\u00f3n<\/strong><\/div>\n<\/div>\n<\/div>\n<div class=\"field-item odd\">\n<div class=\"entity entity-paragraphs-item paragraphs-item-descripcion\">\n<div class=\"content\">\n<div class=\"field field-name-field-descripcion field-type-text-long field-label-hidden\">\n<div class=\"field-items\">\n<div class=\"field-item even\">\n<p>Para diferentes compa\u00f1\u00edas, Barranquilla y el Atl\u00e1ntico se consolidan como un polo de atracci\u00f3n para las inversiones sostenibles.<\/p>\n<p>\u201cLa operaci\u00f3n que instalamos en<strong>\u00a0Palmar de Varela\u00a0<\/strong>permiti\u00f3 tener capacidad de producir un tercio del las necesidades de varillas de todo el pa\u00eds, por ende, aqu\u00ed en este territorio est\u00e1n los que consumen, aqu\u00ed est\u00e1 el desarrollo y la construcci\u00f3n, y adicionalmente tenemos todas las ventas para tener aqu\u00ed la planta y la gente que se necesita para este tipo de operaciones\u201d, dijo\u00a0<strong>Sebasti\u00e1n Castro,<\/strong>\u00a0presidente de Ternium Colombia.<\/p>\n<p>St\u00e9phane Tardy, gerente de Vygon, se\u00f1al\u00f3 que las operaciones han crecido, ofreciendo m\u00e1s de 400 referencias a sus mercados. \u201cTodo esto es prueba de que Barranquilla era la ciudad adecuada para nosotros\u201d.<\/p>\n<\/div>\n<\/div>\n<\/div>\n<\/div>\n<\/div>\n<\/div>\n<\/div>\n<\/div>\n<\/div>\n<\/div>\n<\/div>\n<\/div>\n<div class=\"field-item odd\">\n<div id=\"relacionado-body\">\n<div class=\"box-title\"><\/div>\n<\/div>\n<\/div>\n","protected":false},"excerpt":{"rendered":"<p>El crecimiento de Barranquilla ha sido tan\u00a0importante que se ha\u00a0convertido en un modelo a seguir\u00a0para el resto de ciudades del pa\u00eds, manifest\u00f3 Carolina Soto, excodirectora del Banco de la Rep\u00fablica. \u201cEsta ciudad ha avanzado en temas importantes y ha sido fortalecido por el\u00a0Estado, la academia y el empresariado, por lo que ha aprovechado la sinergia<\/p>\n","protected":false},"author":1,"featured_media":11217,"comment_status":"closed","ping_status":"closed","sticky":false,"template":"","format":"standard","meta":{"footnotes":""},"categories":[342,181],"tags":[],"class_list":["post-11216","post","type-post","status-publish","format-standard","has-post-thumbnail","hentry","category-news","category-noticias"],"views":77,"_links":{"self":[{"href":"https:\/\/www.amchambaq.com\/es_co\/wp-json\/wp\/v2\/posts\/11216","targetHints":{"allow":["GET"]}}],"collection":[{"href":"https:\/\/www.amchambaq.com\/es_co\/wp-json\/wp\/v2\/posts"}],"about":[{"href":"https:\/\/www.amchambaq.com\/es_co\/wp-json\/wp\/v2\/types\/post"}],"author":[{"embeddable":true,"href":"https:\/\/www.amchambaq.com\/es_co\/wp-json\/wp\/v2\/users\/1"}],"replies":[{"embeddable":true,"href":"https:\/\/www.amchambaq.com\/es_co\/wp-json\/wp\/v2\/comments?post=11216"}],"version-history":[{"count":1,"href":"https:\/\/www.amchambaq.com\/es_co\/wp-json\/wp\/v2\/posts\/11216\/revisions"}],"predecessor-version":[{"id":11218,"href":"https:\/\/www.amchambaq.com\/es_co\/wp-json\/wp\/v2\/posts\/11216\/revisions\/11218"}],"wp:featuredmedia":[{"embeddable":true,"href":"https:\/\/www.amchambaq.com\/es_co\/wp-json\/wp\/v2\/media\/11217"}],"wp:attachment":[{"href":"https:\/\/www.amchambaq.com\/es_co\/wp-json\/wp\/v2\/media?parent=11216"}],"wp:term":[{"taxonomy":"category","embeddable":true,"href":"https:\/\/www.amchambaq.com\/es_co\/wp-json\/wp\/v2\/categories?post=11216"},{"taxonomy":"post_tag","embeddable":true,"href":"https:\/\/www.amchambaq.com\/es_co\/wp-json\/wp\/v2\/tags?post=11216"}],"curies":[{"name":"wp","href":"https:\/\/api.w.org\/{rel}","templated":true}]}}