{"id":11209,"date":"2023-06-07T08:32:09","date_gmt":"2023-06-07T13:32:09","guid":{"rendered":"https:\/\/www.amchambaq.com\/?p=11209"},"modified":"2023-06-07T08:32:09","modified_gmt":"2023-06-07T13:32:09","slug":"empresas-temporales-en-atlantico-generan-23-de-empleo-de-colombia","status":"publish","type":"post","link":"https:\/\/www.amchambaq.com\/es_co\/empresas-temporales-en-atlantico-generan-23-de-empleo-de-colombia\/","title":{"rendered":"Empresas temporales en Atl\u00e1ntico generan 23 % de empleo de Colombia"},"content":{"rendered":"<p>El informe del Observatorio del Mercado Laboral de Acoset\u00a0indica que\u00a0al departamento de Atl\u00e1ntico es\u00a0<strong>el segundo ente territorial de Colombia que m\u00e1s se beneficia del servicio temporal<\/strong>\u00a0para la oferta y la demanda del mercado laboral.<\/p>\n<p>La Asociaci\u00f3n Colombiana de Empresas de Servicios Temporales, Acoset,precis\u00f3\u00a0que\u00a0<strong>Atl\u00e1ntico representa el 23 % de los empleos generados a trav\u00e9s de estas organizaciones y con contratos tipo misional en el pa\u00eds.<\/strong><\/p>\n<p><strong>Son m\u00e1s de100.294 trabajadores contratados a trav\u00e9s de esta modalidad<\/strong>\u00a0en el Atl\u00e1ntico, que representa m\u00e1s de un tercio de\u00a0los 441.875 personas formalmente contratadas a trav\u00e9s de Empresas de Servicios Temporales EST, en Colombia.<\/p>\n<div class=\"field-item odd\">\n<div class=\"entity entity-paragraphs-item paragraphs-item-descripcion\">\n<div class=\"content\">\n<div class=\"field field-name-field-descripcion field-type-text-long field-label-hidden\">\n<div class=\"field-items\">\n<div class=\"field-item even\">\n<p>El estudio del Observatorio del Mercado Laboral se\u00f1al\u00f3 que cerca de 2.500 trabajos formales generados por las EST en el Atl\u00e1ntico corresponden a &#8216;primer empleo&#8217;.<\/p>\n<p>El estudio identific\u00f3 que fueron caracterizadas 3.000 personas pertenecientes a poblaciones diferenciales dentro del proceso de inclusi\u00f3n laboral de las minor\u00edas en Colombia.<\/p>\n<\/div>\n<\/div>\n<\/div>\n<\/div>\n<\/div>\n<\/div>\n<div class=\"field-item even\">\n<div id=\"relacionado-body\">\n<div class=\"box-title\">Miguel P\u00e9rez Garc\u00eda, presidente de Acoset, expres\u00f3 que \u201cmantener estos niveles de empleabilidad formal (cerca de 442 mil empleos formales) pese al riesgo que supone el desconocimiento de las EST por parte del Gobierno Nacional en su proyecto de reforma, da cuenta del compromiso de las empresas de servicios temporales y de la necesidad existente el mercado colombiano para que sigamos ofertando este importante servicio que genera empleo formal para el pa\u00eds\u201d.<\/div>\n<div><\/div>\n<div>Tomado de EL HERALDO<\/div>\n<\/div>\n<\/div>\n","protected":false},"excerpt":{"rendered":"<p>El informe del Observatorio del Mercado Laboral de Acoset\u00a0indica que\u00a0al departamento de Atl\u00e1ntico es\u00a0el segundo ente territorial de Colombia que m\u00e1s se beneficia del servicio temporal\u00a0para la oferta y la demanda del mercado laboral. La Asociaci\u00f3n Colombiana de Empresas de Servicios Temporales, Acoset,precis\u00f3\u00a0que\u00a0Atl\u00e1ntico representa el 23 % de los empleos generados a trav\u00e9s de estas<\/p>\n","protected":false},"author":1,"featured_media":11210,"comment_status":"closed","ping_status":"closed","sticky":false,"template":"","format":"standard","meta":{"footnotes":""},"categories":[342,181],"tags":[],"class_list":["post-11209","post","type-post","status-publish","format-standard","has-post-thumbnail","hentry","category-news","category-noticias"],"views":89,"_links":{"self":[{"href":"https:\/\/www.amchambaq.com\/es_co\/wp-json\/wp\/v2\/posts\/11209","targetHints":{"allow":["GET"]}}],"collection":[{"href":"https:\/\/www.amchambaq.com\/es_co\/wp-json\/wp\/v2\/posts"}],"about":[{"href":"https:\/\/www.amchambaq.com\/es_co\/wp-json\/wp\/v2\/types\/post"}],"author":[{"embeddable":true,"href":"https:\/\/www.amchambaq.com\/es_co\/wp-json\/wp\/v2\/users\/1"}],"replies":[{"embeddable":true,"href":"https:\/\/www.amchambaq.com\/es_co\/wp-json\/wp\/v2\/comments?post=11209"}],"version-history":[{"count":1,"href":"https:\/\/www.amchambaq.com\/es_co\/wp-json\/wp\/v2\/posts\/11209\/revisions"}],"predecessor-version":[{"id":11211,"href":"https:\/\/www.amchambaq.com\/es_co\/wp-json\/wp\/v2\/posts\/11209\/revisions\/11211"}],"wp:featuredmedia":[{"embeddable":true,"href":"https:\/\/www.amchambaq.com\/es_co\/wp-json\/wp\/v2\/media\/11210"}],"wp:attachment":[{"href":"https:\/\/www.amchambaq.com\/es_co\/wp-json\/wp\/v2\/media?parent=11209"}],"wp:term":[{"taxonomy":"category","embeddable":true,"href":"https:\/\/www.amchambaq.com\/es_co\/wp-json\/wp\/v2\/categories?post=11209"},{"taxonomy":"post_tag","embeddable":true,"href":"https:\/\/www.amchambaq.com\/es_co\/wp-json\/wp\/v2\/tags?post=11209"}],"curies":[{"name":"wp","href":"https:\/\/api.w.org\/{rel}","templated":true}]}}