{"id":11206,"date":"2023-06-07T08:28:24","date_gmt":"2023-06-07T13:28:24","guid":{"rendered":"https:\/\/www.amchambaq.com\/?p=11206"},"modified":"2023-06-07T08:28:24","modified_gmt":"2023-06-07T13:28:24","slug":"colombia-y-eeuu-comparten-principios-y-vision-sobre-importancia-del-comercio-exterior-para-beneficio","status":"publish","type":"post","link":"https:\/\/www.amchambaq.com\/es_co\/colombia-y-eeuu-comparten-principios-y-vision-sobre-importancia-del-comercio-exterior-para-beneficio\/","title":{"rendered":"Colombia y EEUU comparten principios y visi\u00f3n sobre importancia del comercio exterior para beneficio"},"content":{"rendered":"<p id=\"viewer-olun\" class=\"xVISr Y9Dpf WkT0MK OZy-3 lnyWN T3Ond1 WkT0MK public-DraftStyleDefault-block-depth0 fixed-tab-size public-DraftStyleDefault-text-ltr\"><span class=\"B2EFF public-DraftStyleDefault-ltr\">El ministro de Comercio, Industria y Turismo, German Uma\u00f1a Mendoza, adelant\u00f3 una agenda de trabajo en Washington que incluy\u00f3 reuniones de alto nivel con Gobierno y empresarios e inversionistas de Estados Unidos, en las que el foco fue la atracci\u00f3n de proyectos de inversi\u00f3n estrat\u00e9gica para avanzar hacia una econom\u00eda productiva y sostenible.<\/span><\/p>\n<p id=\"viewer-bf3o6\" class=\"xVISr Y9Dpf WkT0MK OZy-3 lnyWN T3Ond1 WkT0MK public-DraftStyleDefault-block-depth0 fixed-tab-size public-DraftStyleDefault-text-ltr\"><span class=\"B2EFF public-DraftStyleDefault-ltr\">\u201cEsta visita ratifica la necesidad de pensar en una agenda audaz, renovada y de largo plazo con Estados Unidos, que le apunte a generar mayor inversi\u00f3n con transferencia de tecnolog\u00eda en sectores asociados con la transici\u00f3n energ\u00e9tica, agroindustrializaci\u00f3n y soberan\u00eda alimentaria, salud, defensa, servicios y turismo sostenible\u201d, sostuvo el ministro Uma\u00f1a Mendoza.<\/span><\/p>\n<p id=\"viewer-1bep7\" class=\"xVISr Y9Dpf WkT0MK OZy-3 lnyWN T3Ond1 WkT0MK public-DraftStyleDefault-block-depth0 fixed-tab-size public-DraftStyleDefault-text-ltr\"><span class=\"B2EFF public-DraftStyleDefault-ltr\">El alto funcionario adelant\u00f3 un encuentro productivo con la Representante de Comercio de Estados Unidos (USTR, por sus siglas en ingl\u00e9s), embajadora Katherine Tai, durante el cual hablaron de la relaci\u00f3n comercial bilateral.<\/span><\/p>\n<p id=\"viewer-1bosf\" class=\"xVISr Y9Dpf WkT0MK OZy-3 lnyWN T3Ond1 WkT0MK public-DraftStyleDefault-block-depth0 fixed-tab-size public-DraftStyleDefault-text-ltr\"><span class=\"B2EFF public-DraftStyleDefault-ltr\">Ambos se comprometieron a revisar los avances de los Comit\u00e9s T\u00e9cnicos, reunidos hace unas semanas, con miras a la preparaci\u00f3n de la pr\u00f3xima Comisi\u00f3n de Libre Comercio en el marco del Acuerdo de Promoci\u00f3n Comercial vigente hace 11 a\u00f1os, y as\u00ed lograr un mayor equilibrio comercial.<\/span><\/p>\n<p id=\"viewer-cc5tv\" class=\"xVISr Y9Dpf WkT0MK OZy-3 lnyWN T3Ond1 WkT0MK public-DraftStyleDefault-block-depth0 fixed-tab-size public-DraftStyleDefault-text-ltr\"><span class=\"B2EFF public-DraftStyleDefault-ltr\">Tambi\u00e9n acordaron trabajar conjuntamente en los desaf\u00edos globales como el cambio clim\u00e1tico, la transici\u00f3n energ\u00e9tica y la necesidad de salvaguardar el sistema multilateral de comercio. La reuni\u00f3n sirvi\u00f3 para identificar oportunidades de inversi\u00f3n sostenible en el pa\u00eds.<\/span><\/p>\n<p id=\"viewer-8u90r\" class=\"xVISr Y9Dpf WkT0MK OZy-3 lnyWN T3Ond1 WkT0MK public-DraftStyleDefault-block-depth0 fixed-tab-size public-DraftStyleDefault-text-ltr\"><span class=\"B2EFF public-DraftStyleDefault-ltr\">Por su parte, con el Departamento de Comercio de Estados Unidos se acord\u00f3 un plan de trabajo con compromisos concretos para impulsar proyectos de inversi\u00f3n estrat\u00e9gica que contribuyan a la transici\u00f3n energ\u00e9tica y movilidad sostenible; una mayor inserci\u00f3n de Colombia en las cadenas de valor; promover la participaci\u00f3n de las micro, peque\u00f1as y medianas empresas en las compras p\u00fablicas; conectividad e infraestructura digital y facilitaci\u00f3n del comercio a trav\u00e9s de gu\u00edas con requisitos t\u00e9cnicos y de calidad en varios sectores econ\u00f3micos que permitan un mayor aprovechamiento del mercado.<\/span><\/p>\n<p id=\"viewer-6off8\" class=\"xVISr Y9Dpf WkT0MK OZy-3 lnyWN T3Ond1 WkT0MK public-DraftStyleDefault-block-depth0 fixed-tab-size public-DraftStyleDefault-text-ltr\"><span class=\"B2EFF public-DraftStyleDefault-ltr\">De igual forma, el ministro se reuni\u00f3 con el Subsecretario de Estado para el Crecimiento Econ\u00f3mico, Energ\u00eda y Medio Ambiente, Jos\u00e9 Fern\u00e1ndez, con quien analiz\u00f3 la importancia de seguir estrechando los lazos entre Estados Unidos y la regi\u00f3n.<\/span><\/p>\n<p id=\"viewer-45r40\" class=\"xVISr Y9Dpf WkT0MK OZy-3 lnyWN T3Ond1 WkT0MK public-DraftStyleDefault-block-depth0 fixed-tab-size public-DraftStyleDefault-text-ltr\"><span class=\"B2EFF public-DraftStyleDefault-ltr\">Entendiendo el rol que ejerce Colombia en Am\u00e9rica Latina, discutieron temas de multilateralismo e integraci\u00f3n regional.<\/span><\/p>\n<p id=\"viewer-9j2g8\" class=\"xVISr Y9Dpf WkT0MK OZy-3 lnyWN T3Ond1 WkT0MK public-DraftStyleDefault-block-depth0 fixed-tab-size public-DraftStyleDefault-text-ltr\"><span class=\"B2EFF public-DraftStyleDefault-ltr\">As\u00ed mismo, hablaron sobre el turismo y se comprometieron a trabajar de manera articulada con informaci\u00f3n que permita mejorar el nivel del pa\u00eds en la gu\u00eda de advertencia al viajero para Colombia, emitida por este organismo. <\/span><\/p>\n<p id=\"viewer-2j9qq\" class=\"xVISr Y9Dpf WkT0MK OZy-3 lnyWN T3Ond1 WkT0MK public-DraftStyleDefault-block-depth0 fixed-tab-size public-DraftStyleDefault-text-ltr\"><span class=\"B2EFF public-DraftStyleDefault-ltr\">Por otro lado, Uma\u00f1a Mendoza particip\u00f3 en un conversatorio con empresarios e inversionistas estadounidenses organizado por la C\u00e1mara de Comercio de ese pa\u00eds, durante el cual present\u00f3 las pol\u00edticas de reindustrializaci\u00f3n, comercio exterior y atracci\u00f3n de inversi\u00f3n, y de turismo con enfoque de sostenibilidad, paz y apoyo a la econom\u00eda popular.<\/span><\/p>\n<p id=\"viewer-8m40n\" class=\"xVISr Y9Dpf WkT0MK OZy-3 lnyWN T3Ond1 WkT0MK public-DraftStyleDefault-block-depth0 fixed-tab-size public-DraftStyleDefault-text-ltr\"><span class=\"B2EFF public-DraftStyleDefault-ltr\">Igualmente, sostuvo un encuentro con el grupo asesor del centro de pensamiento Atlantic Council, integrado por ex embajadores de Estados Unidos en Colombia, calificadoras de riesgo, consultores y empresarios, durante el cual reiter\u00f3 la necesidad de atraer inversi\u00f3n que genere transferencia de tecnolog\u00eda, encadenamientos productivos regionales y generaci\u00f3n de capacidades humanas. <\/span><\/p>\n<p id=\"viewer-cefk4\" class=\"xVISr Y9Dpf WkT0MK OZy-3 lnyWN T3Ond1 WkT0MK public-DraftStyleDefault-block-depth0 fixed-tab-size public-DraftStyleDefault-text-ltr\"><span class=\"B2EFF public-DraftStyleDefault-ltr\">La visita del ministro a Washington es la \u00faltima parada de su gira internacional y coincide con la declaratoria por parte del presidente Joe Biden de la Semana Mundial del Comercio del 21 al 27 de mayo, que reconoce que el comercio est\u00e1 llamado a ser un motor de bienestar para todos, elevando a los trabajadores y la comunidad empresarial, al tiempo que forjan lazos duraderos con el mundo.<\/span><\/p>\n<p id=\"viewer-ap6nt\" class=\"xVISr Y9Dpf WkT0MK OZy-3 lnyWN T3Ond1 WkT0MK public-DraftStyleDefault-block-depth0 fixed-tab-size public-DraftStyleDefault-text-ltr\"><span class=\"B2EFF public-DraftStyleDefault-ltr\">Tomado del Ministerio de Industria, comercio y turismo<\/span><\/p>\n","protected":false},"excerpt":{"rendered":"<p>El ministro de Comercio, Industria y Turismo, German Uma\u00f1a Mendoza, adelant\u00f3 una agenda de trabajo en Washington que incluy\u00f3 reuniones de alto nivel con Gobierno y empresarios e inversionistas de Estados Unidos, en las que el foco fue la atracci\u00f3n de proyectos de inversi\u00f3n estrat\u00e9gica para avanzar hacia una econom\u00eda productiva y sostenible. \u201cEsta visita<\/p>\n","protected":false},"author":1,"featured_media":11207,"comment_status":"closed","ping_status":"closed","sticky":false,"template":"","format":"standard","meta":{"footnotes":""},"categories":[342,181],"tags":[],"class_list":["post-11206","post","type-post","status-publish","format-standard","has-post-thumbnail","hentry","category-news","category-noticias"],"views":36,"_links":{"self":[{"href":"https:\/\/www.amchambaq.com\/es_co\/wp-json\/wp\/v2\/posts\/11206","targetHints":{"allow":["GET"]}}],"collection":[{"href":"https:\/\/www.amchambaq.com\/es_co\/wp-json\/wp\/v2\/posts"}],"about":[{"href":"https:\/\/www.amchambaq.com\/es_co\/wp-json\/wp\/v2\/types\/post"}],"author":[{"embeddable":true,"href":"https:\/\/www.amchambaq.com\/es_co\/wp-json\/wp\/v2\/users\/1"}],"replies":[{"embeddable":true,"href":"https:\/\/www.amchambaq.com\/es_co\/wp-json\/wp\/v2\/comments?post=11206"}],"version-history":[{"count":1,"href":"https:\/\/www.amchambaq.com\/es_co\/wp-json\/wp\/v2\/posts\/11206\/revisions"}],"predecessor-version":[{"id":11208,"href":"https:\/\/www.amchambaq.com\/es_co\/wp-json\/wp\/v2\/posts\/11206\/revisions\/11208"}],"wp:featuredmedia":[{"embeddable":true,"href":"https:\/\/www.amchambaq.com\/es_co\/wp-json\/wp\/v2\/media\/11207"}],"wp:attachment":[{"href":"https:\/\/www.amchambaq.com\/es_co\/wp-json\/wp\/v2\/media?parent=11206"}],"wp:term":[{"taxonomy":"category","embeddable":true,"href":"https:\/\/www.amchambaq.com\/es_co\/wp-json\/wp\/v2\/categories?post=11206"},{"taxonomy":"post_tag","embeddable":true,"href":"https:\/\/www.amchambaq.com\/es_co\/wp-json\/wp\/v2\/tags?post=11206"}],"curies":[{"name":"wp","href":"https:\/\/api.w.org\/{rel}","templated":true}]}}