{"id":11199,"date":"2023-06-02T09:31:32","date_gmt":"2023-06-02T14:31:32","guid":{"rendered":"https:\/\/www.amchambaq.com\/?p=11199"},"modified":"2023-06-02T09:31:32","modified_gmt":"2023-06-02T14:31:32","slug":"regreso-de-colombia-a-unasur-es-una-decision-autonoma-del-pais-embajador-de-ee-uu","status":"publish","type":"post","link":"https:\/\/www.amchambaq.com\/es_co\/regreso-de-colombia-a-unasur-es-una-decision-autonoma-del-pais-embajador-de-ee-uu\/","title":{"rendered":"&#8220;Regreso de Colombia a Unasur es una decisi\u00f3n aut\u00f3noma del pa\u00eds&#8221;: embajador de EE.UU"},"content":{"rendered":"<p>El\u00a0<a class=\"Link\" href=\"https:\/\/www.bluradio.com\/mundo\/presidente-biden-nomina-a-jean-elizabeth-manes-como-embajadora-de-ee-uu-en-colombia-rs15\" type=\"text\/html\" data-cms-ai=\"0\">embajador de Estados Unidos\u00a0<\/a>en Colombia destaca la soberan\u00eda de decisiones del pa\u00eds y resalta la importancia del sector privado en la transformaci\u00f3n socioecon\u00f3mica.<\/p>\n<p>En el marco de la asamblea anual de la\u00a0<b>C\u00e1mara de Comercio Colombo Americana, celebrada este mi\u00e9rcoles en Barranquilla,\u00a0<\/b>el embajador encargado de los Estados Unidos en Colombia, Francisco Palmieri, hizo referencia a la cumbre de Unasur y al anuncio del regreso de Colombia a esa organizaci\u00f3n.<\/p>\n<p>El diplom\u00e1tico destac\u00f3 que cada vez m\u00e1s pa\u00edses de Suram\u00e9rica est\u00e1n enfocados en c\u00f3mo desean manejar sus relaciones con el mundo. En este sentido, considera que la decisi\u00f3n de\u00a0<a class=\"Link\" href=\"https:\/\/www.bluradio.com\/nacion\/petro-anuncia-que-colombia-regresa-a-la-unasur-casi-cinco-anos-despues-de-retirarse-cb20\" type=\"text\/html\" data-cms-ai=\"0\">Colombia de vincularse a Unasur\u00a0<\/a>es soberana.<\/p>\n<p>&#8220;Pese a la importancia de la participaci\u00f3n\u00a0<b>de pa\u00edses como Colombia en la OEA, si desean tomar<\/b>\u00a0una decisi\u00f3n soberana sobre su participaci\u00f3n en otras organizaciones subregionales, eso es una decisi\u00f3n de Colombia&#8221;, enfatiz\u00f3 Palmieri.<\/p>\n<p>Por otra parte, el embajador Palmieri se\u00f1al\u00f3 que la econom\u00eda colombiana requiere una transformaci\u00f3n socioecon\u00f3mica, especialmente en las comunidades desatendidas. Adem\u00e1s, destac\u00f3 que el sector privado puede desempe\u00f1ar un papel fundamental como l\u00edder en esta transformaci\u00f3n necesaria.<\/p>\n<p>Al mencionar las\u00a0<b>cifras del comercio entre Colombia y Estados Unidos<\/b>, obtenidas gracias al Tratado de Libre Comercio, el embajador inform\u00f3 que se ha registrado un crecimiento bilateral del 30% y que las exportaciones colombianas hacia Estados Unidos han aumentado un 41%.<\/p>\n<p>La asamblea de la C\u00e1mara de Comercio Colombo Americana es un espacio relevante para fortalecer los lazos comerciales y las relaciones bilaterales entre Colombia y Estados Unidos. Durante el evento, se abordaron diversos temas relacionados con el comercio, la inversi\u00f3n y el desarrollo econ\u00f3mico, resaltando la importancia de la cooperaci\u00f3n y el trabajo conjunto entre ambos pa\u00edses.<\/p>\n<p>Tomado de: CARACOL<\/p>\n","protected":false},"excerpt":{"rendered":"<p>El\u00a0embajador de Estados Unidos\u00a0en Colombia destaca la soberan\u00eda de decisiones del pa\u00eds y resalta la importancia del sector privado en la transformaci\u00f3n socioecon\u00f3mica. En el marco de la asamblea anual de la\u00a0C\u00e1mara de Comercio Colombo Americana, celebrada este mi\u00e9rcoles en Barranquilla,\u00a0el embajador encargado de los Estados Unidos en Colombia, Francisco Palmieri, hizo referencia a la<\/p>\n","protected":false},"author":1,"featured_media":11200,"comment_status":"closed","ping_status":"closed","sticky":false,"template":"","format":"standard","meta":{"footnotes":""},"categories":[342,181],"tags":[],"class_list":["post-11199","post","type-post","status-publish","format-standard","has-post-thumbnail","hentry","category-news","category-noticias"],"views":28,"_links":{"self":[{"href":"https:\/\/www.amchambaq.com\/es_co\/wp-json\/wp\/v2\/posts\/11199","targetHints":{"allow":["GET"]}}],"collection":[{"href":"https:\/\/www.amchambaq.com\/es_co\/wp-json\/wp\/v2\/posts"}],"about":[{"href":"https:\/\/www.amchambaq.com\/es_co\/wp-json\/wp\/v2\/types\/post"}],"author":[{"embeddable":true,"href":"https:\/\/www.amchambaq.com\/es_co\/wp-json\/wp\/v2\/users\/1"}],"replies":[{"embeddable":true,"href":"https:\/\/www.amchambaq.com\/es_co\/wp-json\/wp\/v2\/comments?post=11199"}],"version-history":[{"count":1,"href":"https:\/\/www.amchambaq.com\/es_co\/wp-json\/wp\/v2\/posts\/11199\/revisions"}],"predecessor-version":[{"id":11201,"href":"https:\/\/www.amchambaq.com\/es_co\/wp-json\/wp\/v2\/posts\/11199\/revisions\/11201"}],"wp:featuredmedia":[{"embeddable":true,"href":"https:\/\/www.amchambaq.com\/es_co\/wp-json\/wp\/v2\/media\/11200"}],"wp:attachment":[{"href":"https:\/\/www.amchambaq.com\/es_co\/wp-json\/wp\/v2\/media?parent=11199"}],"wp:term":[{"taxonomy":"category","embeddable":true,"href":"https:\/\/www.amchambaq.com\/es_co\/wp-json\/wp\/v2\/categories?post=11199"},{"taxonomy":"post_tag","embeddable":true,"href":"https:\/\/www.amchambaq.com\/es_co\/wp-json\/wp\/v2\/tags?post=11199"}],"curies":[{"name":"wp","href":"https:\/\/api.w.org\/{rel}","templated":true}]}}