{"id":11177,"date":"2023-05-26T15:35:51","date_gmt":"2023-05-26T20:35:51","guid":{"rendered":"https:\/\/www.amchambaq.com\/?p=11177"},"modified":"2023-05-26T15:35:51","modified_gmt":"2023-05-26T20:35:51","slug":"la-educacion-es-clave-para-avanzar-en-la-transicion-energetica-ramon-davila","status":"publish","type":"post","link":"https:\/\/www.amchambaq.com\/es_co\/la-educacion-es-clave-para-avanzar-en-la-transicion-energetica-ramon-davila\/","title":{"rendered":"La educaci\u00f3n es clave para avanzar en la transici\u00f3n energ\u00e9tica: Ram\u00f3n D\u00e1vila"},"content":{"rendered":"<p>Indican que el Gobierno debe abrir especializaciones para que todo aquel que quiera abordar estos temas, se pueda formar de cara al futuro.<\/p>\n<p>La educaci\u00f3n es fundamental para que\u00a0<strong>Colombia\u00a0<\/strong>avance en materia de<strong>\u00a0transici\u00f3n energ\u00e9tica,<\/strong>\u00a0afirm\u00f3\u00a0<strong>Ram\u00f3n D\u00e1vila<\/strong>, gerente general de\u00a0<strong>Gases del Caribe.<\/strong><\/p>\n<p>El dirigente expres\u00f3 que, pese a que todo el mundo ha hablado sobre este tema, resalt\u00f3 que a los profesionales del pa\u00eds se les ha formado muy poco para obtener conocimiento de<strong>\u00a0transici\u00f3n energ\u00e9tica,\u00a0<\/strong>por lo que es indispensable avanzar en esa materia.<\/p>\n<p>\u201cLa transici\u00f3n energ\u00e9tica tiene muchas fuentes de energ\u00eda que son importantes, y es muy poco lo que se ha hecho en ese frente, para esto, el Gobierno nacional deber\u00eda dentro de sus planes de educaci\u00f3n, fomentar becas y formaci\u00f3n en el exterior para que nuestros j\u00f3venes estudien estas diferentes especialidades. Creo que, si no hacemos eso, vamos a tener dificultades al no estar preparados para ese tema\u201d, expres\u00f3 D\u00e1vila durante el\u00a0<strong>Congreso de Naturgas<\/strong>\u00a0que se celebra en Barranquilla.<\/p>\n<div class=\"field-item odd\">\n<div class=\"entity entity-paragraphs-item paragraphs-item-descripcion\">\n<div class=\"content\">\n<div class=\"field field-name-field-descripcion field-type-text-long field-label-hidden\">\n<div class=\"field-items\">\n<div class=\"field-item even\">\n<p>Agreg\u00f3 que las universidades tienen un reto muy grande en abrir facultades, pero insisti\u00f3 en que el Gobierno debe abrir especializaciones para que todo aquel que quiera abordar estos temas de transici\u00f3n energ\u00e9tica, se pueda formar de cara al futuro.<\/p>\n<p>\u201cHoy en d\u00eda, Colombia en materia de gas natural es el s\u00e9ptimo pa\u00eds del mundo y el primero de Latinoam\u00e9rica que ha avanzado en todo tipo de actividades de gas, y yo creo que con la energ\u00eda solar tenemos ese reto de capacitar\u201d, se\u00f1al\u00f3 el gerente de<strong>\u00a0Gases del Caribe.<\/strong><\/p>\n<p>Por su parte,<strong>\u00a0Mar\u00eda Fernanda Su\u00e1rez<\/strong>, country manager de<strong>\u00a0Accenture Colombia<\/strong>, expres\u00f3 que la transici\u00f3n energ\u00e9tica es una gran oportunidad de generaci\u00f3n de empleo, pero que a su vez tiene enormes desaf\u00edos.<\/p>\n<\/div>\n<\/div>\n<\/div>\n<\/div>\n<\/div>\n<\/div>\n<div class=\"field-item even\">\n<div class=\"box-title\">\n<p>\u201cSi un pa\u00eds toma adecuadamente las pol\u00edticas que incentiven la inversi\u00f3n privada y p\u00fablica en transici\u00f3n energ\u00e9tica, generan crecimientos adicionales de 2,3 % que son los que generan la creaci\u00f3n de empleo, y Colombia debe apostar por ello\u201d, indic\u00f3 Su\u00e1rez.<\/p>\n<p>Agreg\u00f3: \u201cLa industria del gas necesita habilidades para la creaci\u00f3n de talento en pro de acelerar la transici\u00f3n energ\u00e9tica. Si las empresas de este sector no generan ese nuevo talento que se necesita para las tecnolog\u00edas de frontera, no van a estar adaptados a los cambios que vienen\u201d.<\/p>\n<p>Tomado de : El Heraldo<\/p>\n<\/div>\n<\/div>\n","protected":false},"excerpt":{"rendered":"<p>Indican que el Gobierno debe abrir especializaciones para que todo aquel que quiera abordar estos temas, se pueda formar de cara al futuro. La educaci\u00f3n es fundamental para que\u00a0Colombia\u00a0avance en materia de\u00a0transici\u00f3n energ\u00e9tica,\u00a0afirm\u00f3\u00a0Ram\u00f3n D\u00e1vila, gerente general de\u00a0Gases del Caribe. El dirigente expres\u00f3 que, pese a que todo el mundo ha hablado sobre este tema, resalt\u00f3<\/p>\n","protected":false},"author":1,"featured_media":11178,"comment_status":"closed","ping_status":"closed","sticky":false,"template":"","format":"standard","meta":{"footnotes":""},"categories":[342,181],"tags":[],"class_list":["post-11177","post","type-post","status-publish","format-standard","has-post-thumbnail","hentry","category-news","category-noticias"],"views":117,"_links":{"self":[{"href":"https:\/\/www.amchambaq.com\/es_co\/wp-json\/wp\/v2\/posts\/11177","targetHints":{"allow":["GET"]}}],"collection":[{"href":"https:\/\/www.amchambaq.com\/es_co\/wp-json\/wp\/v2\/posts"}],"about":[{"href":"https:\/\/www.amchambaq.com\/es_co\/wp-json\/wp\/v2\/types\/post"}],"author":[{"embeddable":true,"href":"https:\/\/www.amchambaq.com\/es_co\/wp-json\/wp\/v2\/users\/1"}],"replies":[{"embeddable":true,"href":"https:\/\/www.amchambaq.com\/es_co\/wp-json\/wp\/v2\/comments?post=11177"}],"version-history":[{"count":1,"href":"https:\/\/www.amchambaq.com\/es_co\/wp-json\/wp\/v2\/posts\/11177\/revisions"}],"predecessor-version":[{"id":11179,"href":"https:\/\/www.amchambaq.com\/es_co\/wp-json\/wp\/v2\/posts\/11177\/revisions\/11179"}],"wp:featuredmedia":[{"embeddable":true,"href":"https:\/\/www.amchambaq.com\/es_co\/wp-json\/wp\/v2\/media\/11178"}],"wp:attachment":[{"href":"https:\/\/www.amchambaq.com\/es_co\/wp-json\/wp\/v2\/media?parent=11177"}],"wp:term":[{"taxonomy":"category","embeddable":true,"href":"https:\/\/www.amchambaq.com\/es_co\/wp-json\/wp\/v2\/categories?post=11177"},{"taxonomy":"post_tag","embeddable":true,"href":"https:\/\/www.amchambaq.com\/es_co\/wp-json\/wp\/v2\/tags?post=11177"}],"curies":[{"name":"wp","href":"https:\/\/api.w.org\/{rel}","templated":true}]}}