{"id":11162,"date":"2023-05-24T09:31:21","date_gmt":"2023-05-24T14:31:21","guid":{"rendered":"https:\/\/www.amchambaq.com\/?p=11162"},"modified":"2023-05-24T09:31:21","modified_gmt":"2023-05-24T14:31:21","slug":"representantes-del-sector-se-reuniran-en-congreso-de-naturgas-en-b-quilla","status":"publish","type":"post","link":"https:\/\/www.amchambaq.com\/es_co\/representantes-del-sector-se-reuniran-en-congreso-de-naturgas-en-b-quilla\/","title":{"rendered":"Representantes del sector se reunir\u00e1n en congreso de Naturgas en B\/quilla"},"content":{"rendered":"<p>El evento se realizar\u00e1 del 24 al 26 de mayo en Barranquilla.<\/p>\n<div id=\"body\" class=\"content-article size-m\">\n<p>Los d\u00edas 24, 25 y 26 de mayo se realizar\u00e1 en Barranquilla la edici\u00f3n n\u00famero 25 del Congreso de la Asociaci\u00f3n Colombiana de Gas Natural (<strong>Naturgas<\/strong>) en el Centro de Eventos Puerta de Oro.<\/p>\n<\/div>\n<div id=\"paragraphs\" class=\"content-article paragraphs size-m\">\n<div class=\"field-collection-container clearfix\">\n<div class=\"field field-name-field-contenido-articulos-2 field-type-field-collection field-label-hidden\">\n<div class=\"field-item even\">\n<div class=\"field-collection-view clearfix view-mode-full field-collection-view-final\">\n<div class=\"content\">\n<div class=\"paragraphs-items paragraphs-items-field-campos paragraphs-items-field-campos-full paragraphs-items-full\">\n<div class=\"field field-name-field-campos field-type-paragraphs field-label-hidden\">\n<div class=\"field-item even\">\n<div class=\"box-title\">\n<p>El evento reunir\u00e1 de forma presencial a representantes de toda la cadena del sector de<strong>\u00a0gas natural:<\/strong>\u00a0expertos en temas energ\u00e9ticos del orden nacional e internacional, representantes del gobierno nacional, local, empresarios, acad\u00e9micos, comunidades entre otros.<\/p>\n<p>En este congreso se analizar\u00e1n y discutir\u00e1n temas coyunturales y estructurales del sector, tendencias internacionales,\u00a0<strong>pol\u00edticas p\u00fablicas\u00a0<\/strong>y regulatorias, resaltando el papel del gas natural y el futuro de los gases renovables como vectores clave para el cumplimiento de los objetivos de una transici\u00f3n energ\u00e9tica enmarcada en la transformaci\u00f3n social y la lucha contra el cambio clim\u00e1tico.<\/p>\n<p>\u201cEl gas natural es el\u00a0<strong>energ\u00e9tico\u00a0<\/strong>m\u00e1s consistente con las necesidades del pa\u00eds porque es una herramienta efectiva para reducir pobreza y cerrar brechas de desigualdad: cada vez que una familia en estado de vulnerabilidad se conecta al servicio del gas natural se contribuye a mejorar la calidad de vida, se eleva el bienestar de los hogares y se reduce la pobreza\u201d, indic\u00f3 Luz\u00a0<strong>Stella Murgas<\/strong>, presidenta de Naturgas.<\/p>\n<p>El evento contar\u00e1 con\u00a0<strong>500 empresas\u00a0<\/strong>participantes, 15 sesiones acad\u00e9micas, cerca de\u00a0<strong>1.350 participantes\u00a0<\/strong>y la presencia de 20 pa\u00edses.<\/p>\n<p>Durante la instalaci\u00f3n, se espera la presencia del presidente de Colombia, Gustavo Petro, al igual que la ministra de Minas y Energ\u00eda,\u00a0<strong>Irene V\u00e9lez<\/strong>.<\/p>\n<p>Tomado de : El Heraldo<\/p>\n<\/div>\n<\/div>\n<\/div>\n<\/div>\n<\/div>\n<\/div>\n<\/div>\n<\/div>\n<\/div>\n<\/div>\n","protected":false},"excerpt":{"rendered":"<p>El evento se realizar\u00e1 del 24 al 26 de mayo en Barranquilla. Los d\u00edas 24, 25 y 26 de mayo se realizar\u00e1 en Barranquilla la edici\u00f3n n\u00famero 25 del Congreso de la Asociaci\u00f3n Colombiana de Gas Natural (Naturgas) en el Centro de Eventos Puerta de Oro. El evento reunir\u00e1 de forma presencial a representantes de<\/p>\n","protected":false},"author":1,"featured_media":11163,"comment_status":"closed","ping_status":"closed","sticky":false,"template":"","format":"standard","meta":{"footnotes":""},"categories":[342,181],"tags":[],"class_list":["post-11162","post","type-post","status-publish","format-standard","has-post-thumbnail","hentry","category-news","category-noticias"],"views":49,"_links":{"self":[{"href":"https:\/\/www.amchambaq.com\/es_co\/wp-json\/wp\/v2\/posts\/11162","targetHints":{"allow":["GET"]}}],"collection":[{"href":"https:\/\/www.amchambaq.com\/es_co\/wp-json\/wp\/v2\/posts"}],"about":[{"href":"https:\/\/www.amchambaq.com\/es_co\/wp-json\/wp\/v2\/types\/post"}],"author":[{"embeddable":true,"href":"https:\/\/www.amchambaq.com\/es_co\/wp-json\/wp\/v2\/users\/1"}],"replies":[{"embeddable":true,"href":"https:\/\/www.amchambaq.com\/es_co\/wp-json\/wp\/v2\/comments?post=11162"}],"version-history":[{"count":1,"href":"https:\/\/www.amchambaq.com\/es_co\/wp-json\/wp\/v2\/posts\/11162\/revisions"}],"predecessor-version":[{"id":11164,"href":"https:\/\/www.amchambaq.com\/es_co\/wp-json\/wp\/v2\/posts\/11162\/revisions\/11164"}],"wp:featuredmedia":[{"embeddable":true,"href":"https:\/\/www.amchambaq.com\/es_co\/wp-json\/wp\/v2\/media\/11163"}],"wp:attachment":[{"href":"https:\/\/www.amchambaq.com\/es_co\/wp-json\/wp\/v2\/media?parent=11162"}],"wp:term":[{"taxonomy":"category","embeddable":true,"href":"https:\/\/www.amchambaq.com\/es_co\/wp-json\/wp\/v2\/categories?post=11162"},{"taxonomy":"post_tag","embeddable":true,"href":"https:\/\/www.amchambaq.com\/es_co\/wp-json\/wp\/v2\/tags?post=11162"}],"curies":[{"name":"wp","href":"https:\/\/api.w.org\/{rel}","templated":true}]}}