{"id":11158,"date":"2023-05-23T10:55:37","date_gmt":"2023-05-23T15:55:37","guid":{"rendered":"https:\/\/www.amchambaq.com\/?p=11158"},"modified":"2023-05-23T10:55:37","modified_gmt":"2023-05-23T15:55:37","slug":"barranquilla-puede-ser-centro-de-produccion-para-renovables-ipse","status":"publish","type":"post","link":"https:\/\/www.amchambaq.com\/es_co\/barranquilla-puede-ser-centro-de-produccion-para-renovables-ipse\/","title":{"rendered":"Barranquilla puede ser centro de producci\u00f3n para renovables: IPSE"},"content":{"rendered":"<p>La ciudad puede ser\u00a0el epicentro en la Costa Caribe en la fabricaci\u00f3n y suministro de tecnolog\u00eda y equipos para soportar la demanda de la transici\u00f3n energ\u00e9tica.<\/p>\n<p><strong>Barranquilla y el Atl\u00e1ntico\u00a0<\/strong>son un territorio ideal para el desarrollo del tejido empresarial que apoyar\u00e1 la transici\u00f3n energ\u00e9tica en el pa\u00eds, dijo\u00a0<strong>Javier Campillo,<\/strong>\u00a0director del Instituto de Planificaci\u00f3n y Promoci\u00f3n de Soluciones Energ\u00e9ticas para las Zonas no Interconectadas<strong>\u00a0(IPSE).<\/strong><\/p>\n<p>Indic\u00f3 que la ciudad y departamento cuentan con un importante\u00a0<strong>potencial fotovoltaico y e\u00f3lico\u00a0<\/strong>que se complementa con buenas condiciones para el fortalecimiento de las comunidades energ\u00e9ticas urbanas y eficiencia energ\u00e9tica a trav\u00e9s de herramientas digitales.<\/p>\n<p>\u201cBarranquilla tiene un importante ecosistema de empresas y emprendimientos con base innovadora que est\u00e1 ranqueado en la posici\u00f3n 426 entre los 1.000 m\u00e1s innovadores del mundo; la 15 en Latinoam\u00e9rica; 4 en<strong>\u00a0Colombia\u00a0<\/strong>y primero en la\u00a0<strong>Costa Caribe<\/strong>\u201d, se\u00f1al\u00f3 en entrevista con\u00a0<a href=\"https:\/\/www.elheraldo.co\/\" rel=\"nofollow\">EL HERALDO<\/a>.<\/p>\n<p>Estas empresas se pueden constituir en plataformas digitales que faciliten la penetraci\u00f3n de las nuevas tecnolog\u00edas asociadas a la\u00a0<strong>transici\u00f3n energ\u00e9tica.<\/strong><\/p>\n<p>Destac\u00f3 que hay oportunidades en el proceso de reindustrializaci\u00f3n con la transformaci\u00f3n de procesos productivos de las compa\u00f1\u00edas para fabricar elementos como<strong>\u00a0paneles solares y tecnolog\u00eda e\u00f3lica.<\/strong><\/p>\n<div class=\"field-item odd\">\n<div class=\"entity entity-paragraphs-item paragraphs-item-descripcion\">\n<div class=\"content\">\n<div class=\"field field-name-field-descripcion field-type-text-long field-label-hidden\">\n<div class=\"field-items\">\n<div class=\"field-item even\">\n<p>\u201cAprovechando la experiencia que tiene el pa\u00eds en la industria astillera\u00a0y el potencial e\u00f3lico del Atl\u00e1ntico se puede pensar en fabricar componentes y aspas para aerogeneradores que se fabrican con materiales compuestos muy t\u00e9cnicas similares a los que se usan para construir los barcos en fibra de vidrio\u201d,\u00a0 se\u00f1al\u00f3.<\/p>\n<p>Adicionalmente hay un mercado de componentes y accesorios para la industria de las nuevas tecnolog\u00edas de energ\u00eda como soportes para paneles solares y sistemas y accesorios para movilidad el\u00e9ctrica, donde hay oportunidades para que Barranquilla sea el epicentro en la Costa Caribe en la fabricaci\u00f3n y suministro de\u00a0<strong>tecnolog\u00eda<\/strong>\u00a0y equipos para soportar la demanda de la transici\u00f3n energ\u00e9tica.<\/p>\n<p>Indic\u00f3 que en los pr\u00f3ximos cuatro a\u00f1os se espera duplicar la capacidad de<strong>\u00a0generaci\u00f3n de energ\u00eda\u00a0<\/strong>en Colombia con fuentes renovables no convencionales por lo que habr\u00e1 una gran demanda de equipo y personal especializado, lo que va lleva a que se debe mantener el di\u00e1logo entre el<strong>\u00a0sector p\u00fablico y privado.<\/strong><\/p>\n<\/div>\n<\/div>\n<\/div>\n<\/div>\n<\/div>\n<\/div>\n<div class=\"field-item even\">\n<div id=\"relacionado-body\">\n<div class=\"box-title\">\n<p>De otro lado, destac\u00f3 que el IPSE lleva soluciones energ\u00e9ticas a las zonas rurales del pa\u00eds que no est\u00e1n interconectadas, como es el caso de\u00a0<strong>La Guajira,<\/strong>\u00a0el sur de<strong>\u00a0Bol\u00edvar\u00a0<\/strong>en la Costa Caribe,\u00a0<strong>Sucre y C\u00f3rdoba,\u00a0<\/strong>teniendo como objetivo fortalecer las capacidades productivas de las regiones.<\/p>\n<p>\u201cEl objetivo es identificar c\u00f3mo la energ\u00eda puede ayudar a fortalecer las capacidades de desarrollo de los territorios\u201d, dijo.<\/p>\n<p>Actualmente con soluciones centralizadas, que son centrales de generaci\u00f3n h\u00edbridas, IPSE atiende a\u00a0<strong>27 mil usuarios<\/strong>\u00a0que representan unas 100 mil personas en el archipi\u00e9lago de San Andr\u00e9s, Bol\u00edvar, La Guajira y Magdalena.<\/p>\n<p>Con soluciones individuales atiende en \u00e1reas dispersas a 13 mil usuarios en el archipi\u00e9lago de<strong>\u00a0San Andr\u00e9s,<\/strong>\u00a0Bol\u00edvar, La Guajira, C\u00f3rdoba, Sucre,\u00a0<strong>Cesar y Magdalena.\u00a0<\/strong><\/p>\n<p>Tomado de: El Heraldo<\/p>\n<\/div>\n<\/div>\n<\/div>\n","protected":false},"excerpt":{"rendered":"<p>La ciudad puede ser\u00a0el epicentro en la Costa Caribe en la fabricaci\u00f3n y suministro de tecnolog\u00eda y equipos para soportar la demanda de la transici\u00f3n energ\u00e9tica. Barranquilla y el Atl\u00e1ntico\u00a0son un territorio ideal para el desarrollo del tejido empresarial que apoyar\u00e1 la transici\u00f3n energ\u00e9tica en el pa\u00eds, dijo\u00a0Javier Campillo,\u00a0director del Instituto de Planificaci\u00f3n y Promoci\u00f3n<\/p>\n","protected":false},"author":1,"featured_media":11159,"comment_status":"closed","ping_status":"closed","sticky":false,"template":"","format":"standard","meta":{"footnotes":""},"categories":[342,181],"tags":[],"class_list":["post-11158","post","type-post","status-publish","format-standard","has-post-thumbnail","hentry","category-news","category-noticias"],"views":57,"_links":{"self":[{"href":"https:\/\/www.amchambaq.com\/es_co\/wp-json\/wp\/v2\/posts\/11158","targetHints":{"allow":["GET"]}}],"collection":[{"href":"https:\/\/www.amchambaq.com\/es_co\/wp-json\/wp\/v2\/posts"}],"about":[{"href":"https:\/\/www.amchambaq.com\/es_co\/wp-json\/wp\/v2\/types\/post"}],"author":[{"embeddable":true,"href":"https:\/\/www.amchambaq.com\/es_co\/wp-json\/wp\/v2\/users\/1"}],"replies":[{"embeddable":true,"href":"https:\/\/www.amchambaq.com\/es_co\/wp-json\/wp\/v2\/comments?post=11158"}],"version-history":[{"count":1,"href":"https:\/\/www.amchambaq.com\/es_co\/wp-json\/wp\/v2\/posts\/11158\/revisions"}],"predecessor-version":[{"id":11160,"href":"https:\/\/www.amchambaq.com\/es_co\/wp-json\/wp\/v2\/posts\/11158\/revisions\/11160"}],"wp:featuredmedia":[{"embeddable":true,"href":"https:\/\/www.amchambaq.com\/es_co\/wp-json\/wp\/v2\/media\/11159"}],"wp:attachment":[{"href":"https:\/\/www.amchambaq.com\/es_co\/wp-json\/wp\/v2\/media?parent=11158"}],"wp:term":[{"taxonomy":"category","embeddable":true,"href":"https:\/\/www.amchambaq.com\/es_co\/wp-json\/wp\/v2\/categories?post=11158"},{"taxonomy":"post_tag","embeddable":true,"href":"https:\/\/www.amchambaq.com\/es_co\/wp-json\/wp\/v2\/tags?post=11158"}],"curies":[{"name":"wp","href":"https:\/\/api.w.org\/{rel}","templated":true}]}}