{"id":11099,"date":"2023-05-15T08:44:16","date_gmt":"2023-05-15T13:44:16","guid":{"rendered":"https:\/\/www.amchambaq.com\/?p=11099"},"modified":"2023-05-15T08:44:16","modified_gmt":"2023-05-15T13:44:16","slug":"postulan-a-la-colombo-estadounidense-adriana-kugler-a-gobernadora-de-la-fed","status":"publish","type":"post","link":"https:\/\/www.amchambaq.com\/es_co\/postulan-a-la-colombo-estadounidense-adriana-kugler-a-gobernadora-de-la-fed\/","title":{"rendered":"Postulan a la colombo-estadounidense Adriana Kugler a gobernadora de la FED"},"content":{"rendered":"<p>Kugler es actualmente la directora ejecutiva del Grupo Banco Mundial para Estados Unidos.<\/p>\n<p>El presidente estadounidense, Joe Biden, nomin\u00f3 este viernes a la economista colombo-estadounidense<strong>\u00a0Adriana Kugler\u00a0<\/strong>para ser gobernadora de la Reserva Federal\u00a0<strong>(Fed),<\/strong>\u00a0lo que la convertir\u00eda en la primera latina en formar parte de la junta que lidera el organismo estadounidense.<\/p>\n<p>Kugler es actualmente la directora ejecutiva del\u00a0<strong>Grupo Banco Mundial\u00a0<\/strong>para\u00a0<strong>Estados Unidos.<\/strong>\u00a0Seg\u00fan el comunicado de la Casa Blanca, es una experta en mercados laborales, econom\u00eda internacional y econometr\u00eda aplicada, y ha publicado en las principales revistas de la materia.<\/p>\n<p>Fue nombrada economista jefe del Departamento de Trabajo bajo la Administraci\u00f3n de\u00a0<strong>Barack Obama\u00a0<\/strong>(2009-2017), de la que Biden fue vicepresidente, y ha formado parte adem\u00e1s de la junta de Ciencia, Tecnolog\u00eda y Pol\u00edtica Econ\u00f3mica de las Academias Nacionales de Ciencias de Estados Unidos.<\/p>\n<p>Su nominaci\u00f3n debe ser ratificada por el\u00a0<strong>Senado,<\/strong>\u00a0pero los dem\u00f3cratas tienen el control de esa c\u00e1mara, por lo que no se esperan obst\u00e1culos. De confirmarse ser\u00e1 la primera latina en asumir esa responsabilidad en la historia del organismo, fundado en diciembre de 1913.<\/p>\n<p>El presidente del Comit\u00e9 de Exteriores del Senado, el dem\u00f3crata\u00a0<strong>Bob Men\u00e9ndez,\u00a0<\/strong>se hab\u00eda quejado en febrero de que nunca hubiera habido ning\u00fan hispano en sus altos cargos. &#8220;\u00bfPor qu\u00e9 es importante? Porque es la principal minor\u00eda en el pa\u00eds&#8221;, dijo entonces.<\/p>\n<p>&#8220;Con el anuncio de hoy, estamos abriendo un nuevo cap\u00edtulo en la historia de la Fed, que por 109 a\u00f1os nunca ha tenido latinos o latinas en los niveles superiores de su liderazgo. Por fin le estamos dando a los\u00a0<strong>62 millones de latinos\u00a0<\/strong>que llamamos a este pa\u00eds nuestro hogar un asiento en la mesa donde se toman las decisiones m\u00e1s importantes sobre la pol\u00edtica monetaria&#8221;, a\u00f1adi\u00f3 este viernes.<\/p>\n<p>Biden nomin\u00f3 tambi\u00e9n a<strong>\u00a0Philip Jefferson,<\/strong>\u00a0actual miembro de la Junta de Gobernadores de la Fed, para la vicepresidencia del grupo. El economista ha ejercido en el pasado, entre otros puestos, como vicepresidente de Asuntos Acad\u00e9micos y decano de facultad en el\u00a0<strong>Davidson College.<\/strong><\/p>\n<p>Su nominaci\u00f3n se suma a la de Lisa Cook como gobernadora, un puesto que ejerce desde 2022 y que iba a expirar en enero de 2024. De 2011 a 2012, bajo la presidencia de Obama, fue economista s\u00e9nior en el\u00a0<strong>Consejo de Asesores Econ\u00f3micos,\u00a0<\/strong>y tambi\u00e9n ha asesorado al Departamento del Tesoro en Asuntos Internacionales.<\/p>\n<div id=\"paragraphs\" class=\"content-article paragraphs size-m\">\n<div class=\"field-collection-container clearfix\">\n<div class=\"field field-name-field-contenido-articulos-2 field-type-field-collection field-label-hidden\">\n<div class=\"field-item even\">\n<div class=\"field-collection-view clearfix view-mode-full field-collection-view-final\">\n<div>\n<div class=\"content\">\n<div class=\"paragraphs-items paragraphs-items-field-campos paragraphs-items-field-campos-full paragraphs-items-full\">\n<div class=\"field field-name-field-campos field-type-paragraphs field-label-hidden\">\n<div class=\"field-item odd\">\n<div class=\"entity entity-paragraphs-item paragraphs-item-descripcion\">\n<div class=\"content\">\n<div class=\"field field-name-field-descripcion field-type-text-long field-label-hidden\">\n<div class=\"field-items\">\n<div class=\"field-item even\">\n<p>La Junta de Gobernadores de la Fed est\u00e1 compuesta de siete personas y su mandato es de 14 a\u00f1os. Cada dos a\u00f1os empieza un nuevo mandato y una persona que cubra todo el periodo no puede repetir el cargo; pero si se incorpora para completar uno a medias, como en el caso de Cook, s\u00ed puede ser elegida.<\/p>\n<p>La Fed est\u00e1 presidida por Jerome Powell y la vicepresidencia est\u00e1 vacante desde que\u00a0<strong>Lael Brainard\u00a0<\/strong>fue nominado en febrero como director del Consejo Econ\u00f3mico Nacional de la Casa Blanca. Jefferson ser\u00eda el segundo vicepresidente negro de la historia de la Fed, tras Roger Ferguson (1999-2016).<\/p>\n<p>Seg\u00fan recalc\u00f3 Men\u00e9ndez, con los tres nombramientos de hoy &#8220;Biden est\u00e1 se\u00f1alando que las esperanzas y los sue\u00f1os de los estadounidenses<strong>\u00a0afroamericanos\u00a0<\/strong>y latinos son fundamentales para el futuro de Estados Unidos. En pocas palabras, estamos presenciando c\u00f3mo se desarrolla la historia en tiempo real&#8221;.<\/p>\n<\/div>\n<\/div>\n<\/div>\n<\/div>\n<\/div>\n<\/div>\n<\/div>\n<\/div>\n<\/div>\n<\/div>\n<\/div>\n<\/div>\n<\/div>\n<\/div>\n<\/div>\n<div class=\"teads-inread sm-screen\">\n<div class=\"teads-ui-components-adchoices\">Tomado de: El Heraldo<\/div>\n<\/div>\n","protected":false},"excerpt":{"rendered":"<p>Kugler es actualmente la directora ejecutiva del Grupo Banco Mundial para Estados Unidos. El presidente estadounidense, Joe Biden, nomin\u00f3 este viernes a la economista colombo-estadounidense\u00a0Adriana Kugler\u00a0para ser gobernadora de la Reserva Federal\u00a0(Fed),\u00a0lo que la convertir\u00eda en la primera latina en formar parte de la junta que lidera el organismo estadounidense. Kugler es actualmente la directora<\/p>\n","protected":false},"author":1,"featured_media":11100,"comment_status":"closed","ping_status":"closed","sticky":false,"template":"","format":"standard","meta":{"footnotes":""},"categories":[342,181],"tags":[],"class_list":["post-11099","post","type-post","status-publish","format-standard","has-post-thumbnail","hentry","category-news","category-noticias"],"views":32,"_links":{"self":[{"href":"https:\/\/www.amchambaq.com\/es_co\/wp-json\/wp\/v2\/posts\/11099","targetHints":{"allow":["GET"]}}],"collection":[{"href":"https:\/\/www.amchambaq.com\/es_co\/wp-json\/wp\/v2\/posts"}],"about":[{"href":"https:\/\/www.amchambaq.com\/es_co\/wp-json\/wp\/v2\/types\/post"}],"author":[{"embeddable":true,"href":"https:\/\/www.amchambaq.com\/es_co\/wp-json\/wp\/v2\/users\/1"}],"replies":[{"embeddable":true,"href":"https:\/\/www.amchambaq.com\/es_co\/wp-json\/wp\/v2\/comments?post=11099"}],"version-history":[{"count":1,"href":"https:\/\/www.amchambaq.com\/es_co\/wp-json\/wp\/v2\/posts\/11099\/revisions"}],"predecessor-version":[{"id":11101,"href":"https:\/\/www.amchambaq.com\/es_co\/wp-json\/wp\/v2\/posts\/11099\/revisions\/11101"}],"wp:featuredmedia":[{"embeddable":true,"href":"https:\/\/www.amchambaq.com\/es_co\/wp-json\/wp\/v2\/media\/11100"}],"wp:attachment":[{"href":"https:\/\/www.amchambaq.com\/es_co\/wp-json\/wp\/v2\/media?parent=11099"}],"wp:term":[{"taxonomy":"category","embeddable":true,"href":"https:\/\/www.amchambaq.com\/es_co\/wp-json\/wp\/v2\/categories?post=11099"},{"taxonomy":"post_tag","embeddable":true,"href":"https:\/\/www.amchambaq.com\/es_co\/wp-json\/wp\/v2\/tags?post=11099"}],"curies":[{"name":"wp","href":"https:\/\/api.w.org\/{rel}","templated":true}]}}