{"id":11085,"date":"2023-05-08T09:11:18","date_gmt":"2023-05-08T14:11:18","guid":{"rendered":"https:\/\/www.amchambaq.com\/?p=11085"},"modified":"2023-05-08T09:20:20","modified_gmt":"2023-05-08T14:20:20","slug":"abril-fue-el-mejor-mes-del-ano-en-movimiento-de-carga-asoportuaria","status":"publish","type":"post","link":"https:\/\/www.amchambaq.com\/es_co\/abril-fue-el-mejor-mes-del-ano-en-movimiento-de-carga-asoportuaria\/","title":{"rendered":"Abril fue el mejor mes del a\u00f1o en movimiento de carga: Asoportuaria"},"content":{"rendered":"<p>Empresarios dicen que la mayor estabilidad en el canal navegable del r\u00edo Magdalena ayud\u00f3 al incremento de la carga en este mes. Se present\u00f3 una reducci\u00f3n en contenedores.<\/p>\n<p>Abril fue el mejor de este a\u00f1o en<strong>&nbsp;movimiento de carga para la zona portuaria de Barranquilla<\/strong>, asegur\u00f3 Lucas Ariza, director de la<strong>&nbsp;Asociaci\u00f3n de Puertos del Atl\u00e1ntico<\/strong>&nbsp;(Asoportuaria), quien se\u00f1al\u00f3 que hubo una recuperaci\u00f3n significativa frente al primer trimestre.<\/p>\n<div class=\"field-item odd\">\n<div class=\"entity entity-paragraphs-item paragraphs-item-descripcion\">\n<div class=\"content\">\n<div class=\"field field-name-field-descripcion field-type-text-long field-label-hidden\">\n<div class=\"field-items\">\n<div class=\"field-item even\">\n<p>\u201cLos primeros tres meses fueron bajos por temas de mercado, ya que arrancamos con limitaciones en el calado y adem\u00e1s, se ha presentado una desaceleraci\u00f3n econ\u00f3mica, pero el mes de abril fue positivo con la entrada de&nbsp;<strong>cuatro barcos para recuperar parte de esa carga\u201d<\/strong>, expres\u00f3 el dirigente gremial.<\/p>\n<p>Destac\u00f3 que mientras la carga de granel se mantiene, se evidencian reducciones tanto en contendores como acero y coque, lo que se explica por la desaceleraci\u00f3n de la econom\u00eda, que tambi\u00e9n afecta al sector portuario.<\/p>\n<p>\u201cTambi\u00e9n hay temas como el precio del coque que ha bajado y esto ha golpeado a las exportaciones\u201d, detall\u00f3.<\/p>\n<p>Ariza dijo que&nbsp; la ca\u00edda del movimiento de carga en los tres primeros meses de este a\u00f1o fue de unos 3 o 4 puntos porcentuales frente al mismo periodo del a\u00f1o pasado.<\/p>\n<p>Por su parte,&nbsp;<strong>Ren\u00e9 Puche<\/strong>, presidente de la Sociedad Portuaria de Barranquilla, dijo que el comportamiento de la carga de exportaci\u00f3n por el terminal ha presentado un aumento significativo este a\u00f1o.<\/p>\n<p>Explic\u00f3 que la movilizaci\u00f3n de acero, granel y coque, va por buen camino, incluso por encima de lo presupuestado.<\/p>\n<p>\u201cLo positivo es que ha mejorado la exportaci\u00f3n frente a la importaci\u00f3n de contenedores, y en t\u00e9rminos generales la carga, al menos por la zona portuaria de Barranquilla presenta un incremento\u201d, detall\u00f3 Puche en el marco de la d\u00e9cimo sexta versi\u00f3n del Simposio Aduanero, Log\u00edstico, Mar\u00edtimo y Portuario de Fitac.<\/p>\n<\/div>\n<\/div>\n<\/div>\n<\/div>\n<\/div>\n<\/div>\n<div class=\"field-item even\">\n<div class=\"box-title\">\n<p>El dirigente indic\u00f3 que hubo una peque\u00f1a reducci\u00f3n en movilizaci\u00f3n de contenedores, que no solo se ha visto reflejada en el&nbsp;<strong>Puerto de Barranquilla,<\/strong>&nbsp;sino a nivel nacional con un decrecimiento del 15 % frente al a\u00f1o anterior.<\/p>\n<p>\u201cEs algo que se ve\u00eda venir, ya que hay una incertidumbre a nivel mundial por los cambios econ\u00f3micos, y en ese orden hay segmentos que han venido decreciendo como la l\u00ednea blanca, que es todo lo&nbsp;<strong>relacionado con electrodom\u00e9sticos\u201d,<\/strong>&nbsp;destac\u00f3.<\/p>\n<p>Dijo que la estabilidad del canal de acceso ha permitido la recuperaci\u00f3n del movimiento de carga. \u201cEso lo ven\u00edamos pidiendo desde hace tiempo, tenemos un calado operativo de 10 metros que es bueno, se puede mejorar, pero m\u00e1s que eso,<strong>&nbsp;lo importante es haber encontrado una estabilidad,<\/strong>&nbsp;que era lo que nos ten\u00eda preocupados porque la inestabilidad genera desconfianza. Hoy&nbsp; los navieros saben con la carga que pueden llegar, y gran parte del resultado del volumen se est\u00e1 viendo gracias a la estabilidad del calado\u201d, puntualiz\u00f3 Puche.<\/p>\n<p>Tomado de: El Heraldo<\/p>\n<\/div>\n<\/div>\n","protected":false},"excerpt":{"rendered":"<p>Empresarios dicen que la mayor estabilidad en el canal navegable del r\u00edo Magdalena ayud\u00f3 al incremento de la carga en este mes. Se present\u00f3 una reducci\u00f3n en contenedores. Abril fue el mejor de este a\u00f1o en&nbsp;movimiento de carga para la zona portuaria de Barranquilla, asegur\u00f3 Lucas Ariza, director de la&nbsp;Asociaci\u00f3n de Puertos del Atl\u00e1ntico&nbsp;(Asoportuaria), quien<\/p>\n","protected":false},"author":1,"featured_media":11086,"comment_status":"closed","ping_status":"closed","sticky":false,"template":"","format":"standard","meta":{"footnotes":""},"categories":[342,181],"tags":[],"class_list":["post-11085","post","type-post","status-publish","format-standard","has-post-thumbnail","hentry","category-news","category-noticias"],"views":61,"_links":{"self":[{"href":"https:\/\/www.amchambaq.com\/es_co\/wp-json\/wp\/v2\/posts\/11085","targetHints":{"allow":["GET"]}}],"collection":[{"href":"https:\/\/www.amchambaq.com\/es_co\/wp-json\/wp\/v2\/posts"}],"about":[{"href":"https:\/\/www.amchambaq.com\/es_co\/wp-json\/wp\/v2\/types\/post"}],"author":[{"embeddable":true,"href":"https:\/\/www.amchambaq.com\/es_co\/wp-json\/wp\/v2\/users\/1"}],"replies":[{"embeddable":true,"href":"https:\/\/www.amchambaq.com\/es_co\/wp-json\/wp\/v2\/comments?post=11085"}],"version-history":[{"count":2,"href":"https:\/\/www.amchambaq.com\/es_co\/wp-json\/wp\/v2\/posts\/11085\/revisions"}],"predecessor-version":[{"id":11088,"href":"https:\/\/www.amchambaq.com\/es_co\/wp-json\/wp\/v2\/posts\/11085\/revisions\/11088"}],"wp:featuredmedia":[{"embeddable":true,"href":"https:\/\/www.amchambaq.com\/es_co\/wp-json\/wp\/v2\/media\/11086"}],"wp:attachment":[{"href":"https:\/\/www.amchambaq.com\/es_co\/wp-json\/wp\/v2\/media?parent=11085"}],"wp:term":[{"taxonomy":"category","embeddable":true,"href":"https:\/\/www.amchambaq.com\/es_co\/wp-json\/wp\/v2\/categories?post=11085"},{"taxonomy":"post_tag","embeddable":true,"href":"https:\/\/www.amchambaq.com\/es_co\/wp-json\/wp\/v2\/tags?post=11085"}],"curies":[{"name":"wp","href":"https:\/\/api.w.org\/{rel}","templated":true}]}}