{"id":11081,"date":"2023-05-08T09:00:09","date_gmt":"2023-05-08T14:00:09","guid":{"rendered":"https:\/\/www.amchambaq.com\/?p=11081"},"modified":"2023-05-08T09:00:09","modified_gmt":"2023-05-08T14:00:09","slug":"pumarejo-presentara-al-papa-los-avances-de-b-quilla-en-desarrollo-sostenible","status":"publish","type":"post","link":"https:\/\/www.amchambaq.com\/es_co\/pumarejo-presentara-al-papa-los-avances-de-b-quilla-en-desarrollo-sostenible\/","title":{"rendered":"Pumarejo presentar\u00e1 al Papa los avances de B\/quilla en desarrollo sostenible"},"content":{"rendered":"<p>El alcalde de Barranquilla se reunir\u00e1 con el\u00a0Sumo Pont\u00edfice en el \u2018Encuentro Internacional de Ciudades Eco-Educativas\u2019, organizado por la Pontificia Scholas Occurrentes y la CAF.<\/p>\n<p>El alcalde de Barranquilla,<strong>\u00a0Jaime Pumarejo\u00a0<\/strong>asistir\u00e1 al Encuentro Internacional de Ciudades Eco-Educativas, donde tendr\u00e1 la oportunidad de presentar los avances y retos en\u00a0materia de desarrollo sostenible al papa Francisco y fue organizado en conjunto por la Pontificia Scholas Occurrentes y el Banco de desarrollo de\u00a0<strong>Am\u00e9rica Latina\u00a0<\/strong>(CAF).<\/p>\n<div class=\"field-item odd\">\n<div class=\"entity entity-paragraphs-item paragraphs-item-descripcion\">\n<div class=\"content\">\n<div class=\"field field-name-field-descripcion field-type-text-long field-label-hidden\">\n<div class=\"field-items\">\n<div class=\"field-item even\">\n<p>El evento se desarrollar\u00e1 en la\u00a0<strong>Ciudad del Vatican<\/strong>o, en Roma, del 23 al 25 de mayo de 2023, y cuya finalidad es abordar temas relacionados con el fortalecimiento de las\u00a0<strong>capacidades de gesti\u00f3n y liderazgo<\/strong>\u00a0\u00a0para avanzar en el camino hacia un desarrollo sostenible de las ciudades.<\/p>\n<p>\u201cA trav\u00e9s de la Red de Biodiverciudades, que\u00a0<strong>Barranquilla\u00a0<\/strong>fund\u00f3, hemos recibido la invitaci\u00f3n para representar las biodiverciudades con muchos mandatarios de Latinoam\u00e9rica, en un encuentro con el papa, en el que vamos a hablar de temas de medioambiente, biodiversidad, crecimiento econ\u00f3mico y social de nuestras regiones, de una manera equitativa\u201d, explic\u00f3\u00a0Pumarejo.<\/p>\n<\/div>\n<\/div>\n<\/div>\n<\/div>\n<\/div>\n<\/div>\n<div class=\"field-item even\">\n<div id=\"relacionado-body\">\n<div class=\"box-title\">\n<p>El alcalde manifest\u00f3 su inter\u00e9s por contar con\u00a0la compa\u00f1\u00eda del Sumo Pont\u00edfice con el fin de aprender de sus ense\u00f1anzas y poder incorporarlas en este proyecto que busca \u00a0salvar el patrimonio verde y al mismo tiempo \u201ccrecer econ\u00f3mica y socialmente en paz, con equidad\u201d.<\/p>\n<p>En este\u00a0evento el\u00a0mandatario distrital tendr\u00e1 la oportunidad de intercambiar ideas\u00a0y establecer redes de colaboraci\u00f3n que le sumar\u00e1n a la gente por consolidar a\u00a0<strong>Barranquilla\u00a0<\/strong>como la primera\u00a0<strong>biodiverciudad\u00a0<\/strong>de Colombia.<\/p>\n<p>Son m\u00e1s de 50 autoridades de\u00a0<strong>gobiernos locales de Iberoam\u00e9rica\u00a0<\/strong>que participar\u00e1n en las jornadas de trabajo donde se dialogar\u00e1 con destacados l\u00edderes y referentes internacionales de distintos pa\u00edses.<\/p>\n<div class=\"field-item odd\">\n<div class=\"content-titulo\">\n<div class=\"titulo\">Red de Biodiverciudades: conozca los detalles<\/div>\n<\/div>\n<\/div>\n<div class=\"field-item even\">\n<div class=\"entity entity-paragraphs-item paragraphs-item-descripcion\">\n<div class=\"content\">\n<div class=\"field field-name-field-descripcion field-type-text-long field-label-hidden\">\n<div class=\"field-items\">\n<div class=\"field-item even\">\n<p>En\u00a0<strong>Barranquilla\u00a0<\/strong>fue puesto en marcha en el a\u00f1o 2021 un modelo de desarrollo urbano sostenible en el que participan las ciudades integrantes de la Red de Biodiverciudades y que, hasta la fecha, est\u00e1 conformada por 122 ciudades que se han ido incorporando.<\/p>\n<p>Recientemente, el alcalde\u00a0<strong>Pumarejo\u00a0<\/strong>hizo presencia en la<strong>\u00a0Cumbre de Ciudades de las Am\u00e9rica<\/strong>s en la reiter\u00f3 la importancia de impulsar modelos enfocados en la realidad de Latinoam\u00e9rica y el dise\u00f1o de mecanismos de valor que eleven la discusi\u00f3n sobre la lucha contra el cambio clim\u00e1tico.<\/p>\n<p>El alcalde de Barranquilla\u00a0<strong>Jaime Pumarejo<\/strong>\u00a0insiste en las ciudades de Latinoam\u00e9rica, teniendo en cuenta que generan bajas emisiones de CO2 y que albergan gran biodiversidad en el mundo, deben trabajar en la preservaci\u00f3n y la utilizaci\u00f3n de esta biodiversidad para generar cambios, desarrollo econ\u00f3mico y buscar la preservaci\u00f3n del medioambiente.<\/p>\n<p>As\u00ed como lo manifest\u00f3 Pumarejo en el \u2018II Foro ACP: Hechos de sostenibilidad\u2019, las apuestas de Barranquilla, en materia de desarrollo sostenible, est\u00e1n enfocadas hacia la recuperaci\u00f3n de los cuerpos de agua, la energ\u00eda e\u00f3lica, la siembra de \u00e1rboles, el Ecoparque de la ci\u00e9naga de Mallorqu\u00edn, entre otras acciones.<\/p>\n<p>Tomado de : El Heraldo<\/p>\n<\/div>\n<\/div>\n<\/div>\n<\/div>\n<\/div>\n<\/div>\n<\/div>\n<\/div>\n<\/div>\n","protected":false},"excerpt":{"rendered":"<p>El alcalde de Barranquilla se reunir\u00e1 con el\u00a0Sumo Pont\u00edfice en el \u2018Encuentro Internacional de Ciudades Eco-Educativas\u2019, organizado por la Pontificia Scholas Occurrentes y la CAF. El alcalde de Barranquilla,\u00a0Jaime Pumarejo\u00a0asistir\u00e1 al Encuentro Internacional de Ciudades Eco-Educativas, donde tendr\u00e1 la oportunidad de presentar los avances y retos en\u00a0materia de desarrollo sostenible al papa Francisco y fue<\/p>\n","protected":false},"author":1,"featured_media":11083,"comment_status":"closed","ping_status":"closed","sticky":false,"template":"","format":"standard","meta":{"footnotes":""},"categories":[342,181],"tags":[],"class_list":["post-11081","post","type-post","status-publish","format-standard","has-post-thumbnail","hentry","category-news","category-noticias"],"views":58,"_links":{"self":[{"href":"https:\/\/www.amchambaq.com\/es_co\/wp-json\/wp\/v2\/posts\/11081","targetHints":{"allow":["GET"]}}],"collection":[{"href":"https:\/\/www.amchambaq.com\/es_co\/wp-json\/wp\/v2\/posts"}],"about":[{"href":"https:\/\/www.amchambaq.com\/es_co\/wp-json\/wp\/v2\/types\/post"}],"author":[{"embeddable":true,"href":"https:\/\/www.amchambaq.com\/es_co\/wp-json\/wp\/v2\/users\/1"}],"replies":[{"embeddable":true,"href":"https:\/\/www.amchambaq.com\/es_co\/wp-json\/wp\/v2\/comments?post=11081"}],"version-history":[{"count":2,"href":"https:\/\/www.amchambaq.com\/es_co\/wp-json\/wp\/v2\/posts\/11081\/revisions"}],"predecessor-version":[{"id":11084,"href":"https:\/\/www.amchambaq.com\/es_co\/wp-json\/wp\/v2\/posts\/11081\/revisions\/11084"}],"wp:featuredmedia":[{"embeddable":true,"href":"https:\/\/www.amchambaq.com\/es_co\/wp-json\/wp\/v2\/media\/11083"}],"wp:attachment":[{"href":"https:\/\/www.amchambaq.com\/es_co\/wp-json\/wp\/v2\/media?parent=11081"}],"wp:term":[{"taxonomy":"category","embeddable":true,"href":"https:\/\/www.amchambaq.com\/es_co\/wp-json\/wp\/v2\/categories?post=11081"},{"taxonomy":"post_tag","embeddable":true,"href":"https:\/\/www.amchambaq.com\/es_co\/wp-json\/wp\/v2\/tags?post=11081"}],"curies":[{"name":"wp","href":"https:\/\/api.w.org\/{rel}","templated":true}]}}