{"id":11072,"date":"2023-05-04T11:31:28","date_gmt":"2023-05-04T16:31:28","guid":{"rendered":"https:\/\/www.amchambaq.com\/?p=11072"},"modified":"2023-05-04T11:31:28","modified_gmt":"2023-05-04T16:31:28","slug":"embajador-palmieri-ratifica-el-respaldo-de-ee-uu-a-las-iniciativas-de-crecimiento-economico-inclusivo-en-colombia","status":"publish","type":"post","link":"https:\/\/www.amchambaq.com\/es_co\/embajador-palmieri-ratifica-el-respaldo-de-ee-uu-a-las-iniciativas-de-crecimiento-economico-inclusivo-en-colombia\/","title":{"rendered":"Embajador Palmieri ratifica el respaldo de EE. UU. a las iniciativas de crecimiento econ\u00f3mico inclusivo en Colombia"},"content":{"rendered":"<h2 class=\"wp-block-heading\">La Embajada de Estados Unidos en Colombia resalt\u00f3 el trabajo mancomunado entre los gobiernos de ambos pa\u00edses para robustecer los mecanismos de cooperaci\u00f3n econ\u00f3mica y ampliar la agenda bilateral bajo el contexto internacional actual.<\/h2>\n<p><strong>Bogot\u00e1, 25 de abril de 2023 (AmCham Colombia).<\/strong>\u00a0\u2013 Las relaciones bilaterales entre Colombia y Estados Unidos se encuentran en uno de sus momentos m\u00e1s vibrantes en la implementaci\u00f3n de una agenda bilateral m\u00e1s diversa e inclusiva en el desarrollo de v\u00ednculos econ\u00f3micos, sociales y pol\u00edticos m\u00e1s consolidados entre ambos pa\u00edses.<\/p>\n<p>Este fue el mensaje central del embajador de Estados Unidos en Colombia, Francisco L. Palmieri durante la apertura de la LXIX Asamblea y Cumbre de la C\u00e1mara de Comercio Colombo Americana, AmCham Colombia.<\/p>\n<p>De acuerdo con Palmieri, la reciente reuni\u00f3n entre los presidentes de Estados Unidos, Joe Biden, y el presidente de Colombia, Gustavo Petro env\u00eda un mensaje \u201cpositivo\u201d en el relacionamiento bilateral. Sobre esto, se destacaron temas como la protecci\u00f3n de la Amazon\u00eda y la lucha contra el cambio clim\u00e1tico; la implementaci\u00f3n del Acuerdo de Paz de 2016; el despliegue de un enfoque de seguridad hol\u00edstico; y la creaci\u00f3n de oportunidades econ\u00f3micas inclusivas.<\/p>\n<p>Adicionalmente, el alto funcionario subray\u00f3 los constantes instrumentos de comunicaci\u00f3n entre ambos pa\u00edses, particularmente bajo el X Di\u00e1logo de Alto Nivel EE. UU. \u2013 Colombia. Al respecto, se expuso que dicho mecanismo institucional ha sido fundamental en la aprobaci\u00f3n de m\u00e1s de 100 acciones conjuntas y la evaluaci\u00f3n continua de los intereses compartidos por los dos pa\u00edses.<\/p>\n<p>En esta l\u00ednea, \u201centre lo acordado est\u00e1 la colaboraci\u00f3n para cerrar la brecha digital y mejorar la ciberseguridad; lanzar nuevos programas de intercambio biling\u00fce; avanzar en la acci\u00f3n clim\u00e1tica y la transici\u00f3n a energ\u00edas limpias; y promover los derechos humanos y la seguridad de los migrantes\u201d, asegur\u00f3 Palmieri.<\/p>\n<p><strong>El TLC ha forjado lazos comerciales m\u00e1s din\u00e1micos<\/strong><\/p>\n<p>La transformaci\u00f3n productiva de Colombia ha resaltado como una de las mayores prioridades para el gobierno estadounidense en la generaci\u00f3n de alternativas econ\u00f3micas en las comunidades rurales y afrocolombianas. Seg\u00fan Palmieri, el Tratado de Libre Comercio (TLC) Colombia \u2013 Estados Unidos es una \u201cherramienta clave\u201d para la relaci\u00f3n econ\u00f3mica futura de ambos pa\u00edses conforme a una amplia presencia del sector privado, cuyo papel sobresale como \u201cm\u00e1quina de crecimiento\u201d en la creaci\u00f3n de oportunidades laborales en las zonas rurales del pa\u00eds.<\/p>\n<p>\u201cEl objetivo de la administraci\u00f3n Joe Biden es trabajar con todos nuestros socios comerciales para construir un futuro mejor en torno a una pol\u00edtica comercial centrada en los trabajadores que fomente un crecimiento equitativo y de base amplia\u201d, puntualiz\u00f3 el funcionario. Esto teniendo en cuenta las bondades del Acuerdo Comercial en materia de integraci\u00f3n econ\u00f3mica y diversificaci\u00f3n exportadora.<\/p>\n<p>De la misma manera, \u201cel TLC ha permitido exportaciones agr\u00edcolas libres de impuestos y ha eliminado la mayor\u00eda de los aranceles restantes\u201d, lo cual ha fomentado el comercio agr\u00edcola a \u201cniveles r\u00e9cord\u201d en 2022. Sin embargo, todav\u00eda existe margen para aprovechar oportunidades comerciales dentro del tejido empresarial e impulsar la estrategia de internacionalizaci\u00f3n de la econom\u00eda colombiana.<\/p>\n<p>Por \u00faltimo, el embajador sostuvo que el reacomodamiento de las cadenas de suministro basado en valores y principios compartidos, m\u00e1s conocido como \u2018<em>friendshoring\u2019,\u00a0<\/em>ha podido \u201cevidenciar el gran potencial que tiene Colombia para atraer inversi\u00f3n extranjera directa\u201d. Lo anterior adicional a la voluntad del gobierno norteamericano de apoyar a proyectos de infraestructura que permitan posicionar a Colombia como \u201cplataforma exportadora\u201d en la regi\u00f3n.<\/p>\n<p>Tomado de: Amcham Colombia<\/p>\n","protected":false},"excerpt":{"rendered":"<p>La Embajada de Estados Unidos en Colombia resalt\u00f3 el trabajo mancomunado entre los gobiernos de ambos pa\u00edses para robustecer los mecanismos de cooperaci\u00f3n econ\u00f3mica y ampliar la agenda bilateral bajo el contexto internacional actual. Bogot\u00e1, 25 de abril de 2023 (AmCham Colombia).\u00a0\u2013 Las relaciones bilaterales entre Colombia y Estados Unidos se encuentran en uno de<\/p>\n","protected":false},"author":1,"featured_media":11073,"comment_status":"closed","ping_status":"closed","sticky":false,"template":"","format":"standard","meta":{"footnotes":""},"categories":[342,181],"tags":[],"class_list":["post-11072","post","type-post","status-publish","format-standard","has-post-thumbnail","hentry","category-news","category-noticias"],"views":42,"_links":{"self":[{"href":"https:\/\/www.amchambaq.com\/es_co\/wp-json\/wp\/v2\/posts\/11072","targetHints":{"allow":["GET"]}}],"collection":[{"href":"https:\/\/www.amchambaq.com\/es_co\/wp-json\/wp\/v2\/posts"}],"about":[{"href":"https:\/\/www.amchambaq.com\/es_co\/wp-json\/wp\/v2\/types\/post"}],"author":[{"embeddable":true,"href":"https:\/\/www.amchambaq.com\/es_co\/wp-json\/wp\/v2\/users\/1"}],"replies":[{"embeddable":true,"href":"https:\/\/www.amchambaq.com\/es_co\/wp-json\/wp\/v2\/comments?post=11072"}],"version-history":[{"count":1,"href":"https:\/\/www.amchambaq.com\/es_co\/wp-json\/wp\/v2\/posts\/11072\/revisions"}],"predecessor-version":[{"id":11074,"href":"https:\/\/www.amchambaq.com\/es_co\/wp-json\/wp\/v2\/posts\/11072\/revisions\/11074"}],"wp:featuredmedia":[{"embeddable":true,"href":"https:\/\/www.amchambaq.com\/es_co\/wp-json\/wp\/v2\/media\/11073"}],"wp:attachment":[{"href":"https:\/\/www.amchambaq.com\/es_co\/wp-json\/wp\/v2\/media?parent=11072"}],"wp:term":[{"taxonomy":"category","embeddable":true,"href":"https:\/\/www.amchambaq.com\/es_co\/wp-json\/wp\/v2\/categories?post=11072"},{"taxonomy":"post_tag","embeddable":true,"href":"https:\/\/www.amchambaq.com\/es_co\/wp-json\/wp\/v2\/tags?post=11072"}],"curies":[{"name":"wp","href":"https:\/\/api.w.org\/{rel}","templated":true}]}}