{"id":11036,"date":"2023-05-02T09:35:48","date_gmt":"2023-05-02T14:35:48","guid":{"rendered":"https:\/\/www.amchambaq.com\/?p=11036"},"modified":"2023-05-02T09:35:48","modified_gmt":"2023-05-02T14:35:48","slug":"continuan-las-alzas-junta-del-banrepublica-sube-tasa-a-1325","status":"publish","type":"post","link":"https:\/\/www.amchambaq.com\/es_co\/continuan-las-alzas-junta-del-banrepublica-sube-tasa-a-1325\/","title":{"rendered":"Contin\u00faan las alzas: junta del Banrep\u00fablica sube tasa a 13,25 %"},"content":{"rendered":"<p>Analistas esperan que comience un ciclo de reducci\u00f3n de la tasa en el segundo semestre de este a\u00f1o.<\/p>\n<p>La junta directiva del Banco de la Rep\u00fablica en su tercera reuni\u00f3n de este a\u00f1o tom\u00f3 la decisi\u00f3n de la aumentar en 25 puntos b\u00e1sicos la tasa\u00a0de inter\u00e9s de referencia con lo que queda en 13,25 %.<\/p>\n<p>En la reuni\u00f3n de marzo el Banco hab\u00eda determinado un aumento de 25 puntos b\u00e1sicos llevando la tasa a un 13 %, uno de los niveles m\u00e1s altos registrados.<\/p>\n<p>Esta fue la \u00faltima reuni\u00f3n de la junta en la que particip\u00f3 Jos\u00e9 Antonio Ocampo como ministro de Hacienda.<\/p>\n<p>El Banco infirm\u00f3 que cuatro directores votaron por este aumento, dos lo hicieron por mantenerla inalterada y un director vot\u00f3 por un incremento de 50 pb.<\/p>\n<div class=\"field-item odd\">\n<div class=\"entity entity-paragraphs-item paragraphs-item-descripcion\">\n<div class=\"content\">\n<div class=\"field field-name-field-descripcion field-type-text-long field-label-hidden\">\n<div class=\"field-items\">\n<div class=\"field-item even\">\n<p>La junta del Banco de la Rep\u00fablica indic\u00f3 que la actividad econ\u00f3mica del pa\u00eds contin\u00faa desaceler\u00e1ndose, pero a un ritmo inferior al previsto.<\/p>\n<p>Es as\u00ed como el indicador de seguimiento a la econom\u00eda (ISE) registr\u00f3 una variaci\u00f3n anual de 5,8 % en enero y de 3,1% en febrero. El Banco aument\u00f3 su pron\u00f3stico de crecimiento del PIB para 2023 al 1%.<\/p>\n<p>Se\u00f1alan que la inflaci\u00f3n anual en marzo se mantuvo relativamente estable, gracias a la reducci\u00f3n de la inflaci\u00f3n de alimentos, que entre febrero y marzo pas\u00f3 de 24,1% a 21,8%.<\/p>\n<\/div>\n<\/div>\n<\/div>\n<\/div>\n<\/div>\n<\/div>\n<div class=\"field-item even\">\n<div class=\"box-title\">\n<div class=\"field-item odd\">\n<div class=\"entity entity-paragraphs-item paragraphs-item-descripcion\">\n<div class=\"content\">\n<div class=\"field field-name-field-descripcion field-type-text-long field-label-hidden\">\n<div class=\"field-items\">\n<div class=\"field-item even\">\n<p>Sin embargo, los servicios han seguido presionando la inflaci\u00f3n al alza, lo cual se reflej\u00f3 en un incremento de 47 pb de la inflaci\u00f3n b\u00e1sica sin alimentos ni regulados en marzo.<\/p>\n<p>As su vez, las expectativas de inflaci\u00f3n contin\u00faan por encima de la meta, pues las expectativas a doce meses reportadas en la Encuesta Mensual de Expectativas disminuyeron de 7,2% a 7,0%, y para fines de 2024 se mantuvieron en 5,0% en la mediana de la muestra.<\/p>\n<\/div>\n<\/div>\n<\/div>\n<\/div>\n<\/div>\n<\/div>\n<div class=\"field-item even\">\n<div class=\"box-title\">Tomado de: EL Heraldo<\/div>\n<\/div>\n<\/div>\n<\/div>\n","protected":false},"excerpt":{"rendered":"<p>Analistas esperan que comience un ciclo de reducci\u00f3n de la tasa en el segundo semestre de este a\u00f1o. La junta directiva del Banco de la Rep\u00fablica en su tercera reuni\u00f3n de este a\u00f1o tom\u00f3 la decisi\u00f3n de la aumentar en 25 puntos b\u00e1sicos la tasa\u00a0de inter\u00e9s de referencia con lo que queda en 13,25 %.<\/p>\n","protected":false},"author":1,"featured_media":11034,"comment_status":"closed","ping_status":"closed","sticky":false,"template":"","format":"standard","meta":{"footnotes":""},"categories":[342,181],"tags":[],"class_list":["post-11036","post","type-post","status-publish","format-standard","has-post-thumbnail","hentry","category-news","category-noticias"],"views":26,"_links":{"self":[{"href":"https:\/\/www.amchambaq.com\/es_co\/wp-json\/wp\/v2\/posts\/11036","targetHints":{"allow":["GET"]}}],"collection":[{"href":"https:\/\/www.amchambaq.com\/es_co\/wp-json\/wp\/v2\/posts"}],"about":[{"href":"https:\/\/www.amchambaq.com\/es_co\/wp-json\/wp\/v2\/types\/post"}],"author":[{"embeddable":true,"href":"https:\/\/www.amchambaq.com\/es_co\/wp-json\/wp\/v2\/users\/1"}],"replies":[{"embeddable":true,"href":"https:\/\/www.amchambaq.com\/es_co\/wp-json\/wp\/v2\/comments?post=11036"}],"version-history":[{"count":1,"href":"https:\/\/www.amchambaq.com\/es_co\/wp-json\/wp\/v2\/posts\/11036\/revisions"}],"predecessor-version":[{"id":11037,"href":"https:\/\/www.amchambaq.com\/es_co\/wp-json\/wp\/v2\/posts\/11036\/revisions\/11037"}],"wp:featuredmedia":[{"embeddable":true,"href":"https:\/\/www.amchambaq.com\/es_co\/wp-json\/wp\/v2\/media\/11034"}],"wp:attachment":[{"href":"https:\/\/www.amchambaq.com\/es_co\/wp-json\/wp\/v2\/media?parent=11036"}],"wp:term":[{"taxonomy":"category","embeddable":true,"href":"https:\/\/www.amchambaq.com\/es_co\/wp-json\/wp\/v2\/categories?post=11036"},{"taxonomy":"post_tag","embeddable":true,"href":"https:\/\/www.amchambaq.com\/es_co\/wp-json\/wp\/v2\/tags?post=11036"}],"curies":[{"name":"wp","href":"https:\/\/api.w.org\/{rel}","templated":true}]}}