{"id":11018,"date":"2023-04-27T09:02:06","date_gmt":"2023-04-27T14:02:06","guid":{"rendered":"https:\/\/www.amchambaq.com\/?p=11018"},"modified":"2023-04-27T09:02:06","modified_gmt":"2023-04-27T14:02:06","slug":"acuerdan-trabajo-integrado-para-avanzar-en-proyectos-renovables","status":"publish","type":"post","link":"https:\/\/www.amchambaq.com\/es_co\/acuerdan-trabajo-integrado-para-avanzar-en-proyectos-renovables\/","title":{"rendered":"Acuerdan trabajo integrado para avanzar en proyectos renovables"},"content":{"rendered":"<p>El\u00a0acuerdo\u00a0fortalecer\u00e1 la labor institucional y apoyo mutuo para poner en marcha la transici\u00f3n energ\u00e9tica.<\/p>\n<p>En busca de agilizar la puesta en marcha de proyectos de energ\u00eda renovables en Colombia, la Asociaci\u00f3n de Energ\u00edas Renovables Colombia, SER Colombia, y la Asociaci\u00f3n de Corporaciones Aut\u00f3nomas Regionales y de Desarrollo Sostenible (Asocars), firmaron un memorando de trabajo.<\/p>\n<p>Durante el 6o Encuentro y Feria Renovables Latam se dio a conocer que al menos 65 % de los proyectos renovables en el pa\u00eds tiene\u00a0 retrasos y la mayor\u00eda de estos por los tr\u00e1mites ambientales.<\/p>\n<p>El acuerdo fortalecer\u00e1 la labor institucional y apoyo mutuo para poner en marcha la transici\u00f3n energ\u00e9tica y con ello hacer realidad la transformaci\u00f3n de la matriz de energ\u00eda del pa\u00eds.<\/p>\n<p>Alexandra Hern\u00e1ndez Saravia, presidente ejecutiva de SER Colombia, dijo que se abre un espacio de transparencia, gesti\u00f3n y articulaci\u00f3n para sacar adelante una plataforma de entendimiento que promueva el aprendizaje entre empresas y entidades.<\/p>\n<p>Por su parte, el director ejecutivo de Asocars, dijo que el Gobierno busca intensificar las energ\u00edas renovables no convencionales.<\/p>\n<p>\u201cSabemos que se ve con alguna preocupaci\u00f3n el tema del licenciamiento ambiental, pero hay un compromiso del Gobierno y de las corporaciones aut\u00f3nomas regionales de avanzar en mejorar los tiempos, sin perder la rigurosidad y en esto hay un consenso\u201d, detall\u00f3.<\/p>\n<p>El funcionario dijo se ha encontrado que varios estudios no tienen rigurosidad t\u00e9cnica y por eso de presentan los retrasos.<\/p>\n<p>Tomado de: El Heraldo<\/p>\n","protected":false},"excerpt":{"rendered":"<p>El\u00a0acuerdo\u00a0fortalecer\u00e1 la labor institucional y apoyo mutuo para poner en marcha la transici\u00f3n energ\u00e9tica. En busca de agilizar la puesta en marcha de proyectos de energ\u00eda renovables en Colombia, la Asociaci\u00f3n de Energ\u00edas Renovables Colombia, SER Colombia, y la Asociaci\u00f3n de Corporaciones Aut\u00f3nomas Regionales y de Desarrollo Sostenible (Asocars), firmaron un memorando de trabajo. Durante<\/p>\n","protected":false},"author":1,"featured_media":11019,"comment_status":"closed","ping_status":"closed","sticky":false,"template":"","format":"standard","meta":{"footnotes":""},"categories":[342,181],"tags":[],"class_list":["post-11018","post","type-post","status-publish","format-standard","has-post-thumbnail","hentry","category-news","category-noticias"],"views":102,"_links":{"self":[{"href":"https:\/\/www.amchambaq.com\/es_co\/wp-json\/wp\/v2\/posts\/11018","targetHints":{"allow":["GET"]}}],"collection":[{"href":"https:\/\/www.amchambaq.com\/es_co\/wp-json\/wp\/v2\/posts"}],"about":[{"href":"https:\/\/www.amchambaq.com\/es_co\/wp-json\/wp\/v2\/types\/post"}],"author":[{"embeddable":true,"href":"https:\/\/www.amchambaq.com\/es_co\/wp-json\/wp\/v2\/users\/1"}],"replies":[{"embeddable":true,"href":"https:\/\/www.amchambaq.com\/es_co\/wp-json\/wp\/v2\/comments?post=11018"}],"version-history":[{"count":1,"href":"https:\/\/www.amchambaq.com\/es_co\/wp-json\/wp\/v2\/posts\/11018\/revisions"}],"predecessor-version":[{"id":11020,"href":"https:\/\/www.amchambaq.com\/es_co\/wp-json\/wp\/v2\/posts\/11018\/revisions\/11020"}],"wp:featuredmedia":[{"embeddable":true,"href":"https:\/\/www.amchambaq.com\/es_co\/wp-json\/wp\/v2\/media\/11019"}],"wp:attachment":[{"href":"https:\/\/www.amchambaq.com\/es_co\/wp-json\/wp\/v2\/media?parent=11018"}],"wp:term":[{"taxonomy":"category","embeddable":true,"href":"https:\/\/www.amchambaq.com\/es_co\/wp-json\/wp\/v2\/categories?post=11018"},{"taxonomy":"post_tag","embeddable":true,"href":"https:\/\/www.amchambaq.com\/es_co\/wp-json\/wp\/v2\/tags?post=11018"}],"curies":[{"name":"wp","href":"https:\/\/api.w.org\/{rel}","templated":true}]}}