{"id":11012,"date":"2023-04-26T11:27:00","date_gmt":"2023-04-26T16:27:00","guid":{"rendered":"https:\/\/www.amchambaq.com\/?p=11012"},"modified":"2023-04-26T11:27:00","modified_gmt":"2023-04-26T16:27:00","slug":"alianza-para-el-progreso-con-eeuu-debe-fortalecer-vinculo-entre-desarrollo-social-y-productivo-amcham-colombia","status":"publish","type":"post","link":"https:\/\/www.amchambaq.com\/es_co\/alianza-para-el-progreso-con-eeuu-debe-fortalecer-vinculo-entre-desarrollo-social-y-productivo-amcham-colombia\/","title":{"rendered":"\u201cAlianza para el progreso\u201d con EEUU debe fortalecer v\u00ednculo entre desarrollo social y productivo: AmCham Colombia"},"content":{"rendered":"<h2 class=\"wp-block-heading\">La presidenta de la C\u00e1mara de Comercio Colombo Americana, AmCham Colombia, Mar\u00eda Claudia Lacouture, record\u00f3 cu\u00e1les fueron las bases de la Alianza para el Progreso que propuso en su momento el presidente Kennedy para Am\u00e9rica Latina y que represent\u00f3 para Colombia las bases de los pilares de desarrollo y de la institucionalidad econ\u00f3mica del pa\u00eds.<\/h2>\n<p><strong>Bogot\u00e1, 21 de abril de 2023<\/strong>\u00a0(AmCham Colombia).- La relaci\u00f3n entre Colombia y Estados Unidos debe trascender y fortalecer a\u00fan m\u00e1s los temas relacionados con la cooperaci\u00f3n, el comercio y el turismo, tanto en el plano bilateral como a nivel regional, retomando las bases de la Alianza para el Progreso que en su momento fue uno de los pilares de desarrollo y de la institucionalidad econ\u00f3mica del pa\u00eds, considerando el contexto actual nacional e internacional.<\/p>\n<p>\u201cEsta alianza podr\u00e1 ser una gran herramienta para fortalecer el v\u00ednculo entre el desarrollo social y el productivo y permita reducir las desigualdades del pa\u00eds y del resto de Am\u00e9rica Latina\u201d, manifest\u00f3 la presidenta de la C\u00e1mara de Comercio Colombo Americana, AmCham Colombia, Mar\u00eda Claudia Lacouture, al destacar el encuentro que sostuvieron los presidentes de Estados Unidos, Joe Biden, y de Colombia, Gustavo Petro, en la Casa Blanca.<\/p>\n<p>All\u00ed el jefe del Estado colombiano manifest\u00f3 que uno de los temas de conversaci\u00f3n fue una \u201cNueva Alianza para el Progreso\u201d, que buscar\u00eda fomentar el desarrollo econ\u00f3mico inclusivo mediante energ\u00edas limpias y una pol\u00edtica antinarc\u00f3ticos.<\/p>\n<p>Petro, en declaraciones a periodistas, indic\u00f3 que \u201cbajo la \u2018Nueva Alianza para el Progreso\u2019 se busca sumar esfuerzos para la construcci\u00f3n de una reforma agraria en Colombia, con el objetivo de brindar oportunidades econ\u00f3micas al campesinado que sean distintas a la siembra de la hoja de coca\u201d.<\/p>\n<p>Lacouture inst\u00f3 a que se haga una analog\u00eda con la Alianza para el Progreso que propuso el presidente Jhon F. Kennedy en la d\u00e9cada de los 60 y que fue vital para el desarrollo de nuestra naci\u00f3n y que consist\u00eda en un programa de ayuda econ\u00f3mica externa para los pa\u00edses de la OEA con el objetivo de crear condiciones para el desarrollo econ\u00f3mico y social de Am\u00e9rica Latina y que fue aceptado por los pa\u00edses de la OEA en su reuni\u00f3n de Punta del Este (Uruguay) en 1961.<\/p>\n<p>\u201cHoy este objetivo sigue vigente, sin embargo, se hace indispensable que este alineado con la b\u00fasqueda de niveles sostenidos y sostenibles de crecimiento econ\u00f3mico, basados en la incorporaci\u00f3n intensiva de conocimiento e innovaci\u00f3n, en aumento de productividad y en la generaci\u00f3n de valor agregado y, por el otro, lograr una mayor y mejor redistribuci\u00f3n de la riqueza y el fortalecimiento de nuestros reg\u00edmenes de bienestar y sus respectivas pol\u00edticas sociales\u201d, dijo Lacouture.<\/p>\n<p>Para Colombia, la Alianza para el Progreso permiti\u00f3 establecer mecanismos para la definici\u00f3n de pol\u00edticas p\u00fablicas como la elaboraci\u00f3n del \u201cPlan General de Desarrollo Econ\u00f3mico y Social (1961-1970)\u201d, considerado por expertos como el primer plan nacional de desarrollo del pa\u00eds.<\/p>\n<p>As\u00ed mismo, en el marco de la Alianza para el Progreso se trazaron las bases del Departamento Administrativo de Planeaci\u00f3n y Consejo Nacional de Pol\u00edtica Econ\u00f3mica (Decreto 3242, 1963); Consejo Nacional de Pol\u00edtica Econ\u00f3mica y Social \u2013 CONPES, Departamento Nacional de Planeaci\u00f3n \u2013 DNP y el Fondo Nacional de Proyectos de Desarrollo (Decretos 2996 y 3068 de 1968).<\/p>\n<p>\u201cLas relaciones bilaterales son muy amplias y llevan una inercia creciente que se ir\u00e1 consolidando y con estas reuniones bilaterales se van direccionando seg\u00fan los intereses coyunturales, como la red de energ\u00edas limpias y acciones para la lucha contra el cambio clim\u00e1tico, pero que no puede limitarse s\u00f3lo a este sector ya que las necesidades urgentes tambi\u00e9n trascienden los temas energ\u00e9ticos y pasan por el acceso a servicios p\u00fablicos, educaci\u00f3n, salud y oportunidades laborales formales\u201d, expres\u00f3 Lacouture.<\/p>\n<p>Respecto a los asuntos de cambio clim\u00e1tico y cooperaci\u00f3n ambiental, Lacouture expres\u00f3 que es un \u00e1mbito de extraordinarias e ilimitadas posibilidades y que ser\u00eda una fortuna para Colombia liderar proyectos de nuevas energ\u00edas y cumplir con todos los Objetivos de Desarrollo Sostenible (ODS) de las Naciones Unidas a los que se ha comprometido Colombia. Subray\u00f3 que Colombia cuenta con la ventaja de tener una matriz energ\u00e9tica limpia, al margen de su riqueza en hidrocarburos.<\/p>\n<p>Tambi\u00e9n insisti\u00f3 en que no se puede hacer transici\u00f3n energ\u00e9tica si no se tiene una transici\u00f3n fiscal y tecnol\u00f3gica que lo soporte y que \u201cun ejemplo del reto para la transici\u00f3n est\u00e1 en el transporte, el cual requiere buscar sustitutos para mover la carga y pasajeros sin combustibles f\u00f3siles o energ\u00edas m\u00e1s limpias\u201d.<\/p>\n<p>Agreg\u00f3 que el pa\u00eds tiene un importante camino recorrido que sumado a su biodiversidad generan importantes posibilidades para trazar una hoja de ruta que beneficie a todos los pa\u00edses de la regi\u00f3n.<\/p>\n<p>Con relaci\u00f3n a las posibilidades comerciales, la presidenta de AmCham Colombia expres\u00f3 que \u201cel momento econ\u00f3mico por el que atravesamos, con alta inflaci\u00f3n, tasas de inter\u00e9s elevadas y perspectiva de un menor crecimiento, implica que como pa\u00eds podamos sacar el mayor provecho posible a todas las oportunidades comerciales en beneficio de los ingresos de los colombianos. Estados Unidos es el principal socio comercial de Colombia y somos, a su vez, el principal aliado de la Casa Blanca en Am\u00e9rica Latina\u201d, dijo Lacouture.<\/p>\n<p>De acuerdo con informaci\u00f3n del Banco de la Rep\u00fablica, en 2022 Estados Unidos fue el principal inversionista extranjero en Colombia con US$4.975,5 millones, equivalente al 29,2% del total de IED que recibi\u00f3 el pa\u00eds el a\u00f1o pasado. Fue un crecimiento de 220,5% frente a 2021 cuando la inversi\u00f3n alcanz\u00f3 U$ 1.552,6 millones. Seg\u00fan un an\u00e1lisis de AmCham Colombia, las casi 650 empresas estadounidenses con presencia en Colombia generan m\u00e1s de 107 mil empleos formales, y la inversi\u00f3n llega a m\u00e1s de 15 sectores del pa\u00eds, entre ellos comercio, telecomunicaciones, petrolero y minero, y financiero.<\/p>\n<p>Participe en la Cumbre AmCham Colombia: Papel del sector privado en el cierre de brechas sociales.<\/p>\n<p>Tomado de: Amcham Colombia<\/p>\n","protected":false},"excerpt":{"rendered":"<p>La presidenta de la C\u00e1mara de Comercio Colombo Americana, AmCham Colombia, Mar\u00eda Claudia Lacouture, record\u00f3 cu\u00e1les fueron las bases de la Alianza para el Progreso que propuso en su momento el presidente Kennedy para Am\u00e9rica Latina y que represent\u00f3 para Colombia las bases de los pilares de desarrollo y de la institucionalidad econ\u00f3mica del pa\u00eds.<\/p>\n","protected":false},"author":1,"featured_media":11013,"comment_status":"closed","ping_status":"closed","sticky":false,"template":"","format":"standard","meta":{"footnotes":""},"categories":[342,181],"tags":[],"class_list":["post-11012","post","type-post","status-publish","format-standard","has-post-thumbnail","hentry","category-news","category-noticias"],"views":25,"_links":{"self":[{"href":"https:\/\/www.amchambaq.com\/es_co\/wp-json\/wp\/v2\/posts\/11012","targetHints":{"allow":["GET"]}}],"collection":[{"href":"https:\/\/www.amchambaq.com\/es_co\/wp-json\/wp\/v2\/posts"}],"about":[{"href":"https:\/\/www.amchambaq.com\/es_co\/wp-json\/wp\/v2\/types\/post"}],"author":[{"embeddable":true,"href":"https:\/\/www.amchambaq.com\/es_co\/wp-json\/wp\/v2\/users\/1"}],"replies":[{"embeddable":true,"href":"https:\/\/www.amchambaq.com\/es_co\/wp-json\/wp\/v2\/comments?post=11012"}],"version-history":[{"count":1,"href":"https:\/\/www.amchambaq.com\/es_co\/wp-json\/wp\/v2\/posts\/11012\/revisions"}],"predecessor-version":[{"id":11014,"href":"https:\/\/www.amchambaq.com\/es_co\/wp-json\/wp\/v2\/posts\/11012\/revisions\/11014"}],"wp:featuredmedia":[{"embeddable":true,"href":"https:\/\/www.amchambaq.com\/es_co\/wp-json\/wp\/v2\/media\/11013"}],"wp:attachment":[{"href":"https:\/\/www.amchambaq.com\/es_co\/wp-json\/wp\/v2\/media?parent=11012"}],"wp:term":[{"taxonomy":"category","embeddable":true,"href":"https:\/\/www.amchambaq.com\/es_co\/wp-json\/wp\/v2\/categories?post=11012"},{"taxonomy":"post_tag","embeddable":true,"href":"https:\/\/www.amchambaq.com\/es_co\/wp-json\/wp\/v2\/tags?post=11012"}],"curies":[{"name":"wp","href":"https:\/\/api.w.org\/{rel}","templated":true}]}}