{"id":10995,"date":"2023-04-24T08:35:47","date_gmt":"2023-04-24T13:35:47","guid":{"rendered":"https:\/\/www.amchambaq.com\/?p=10995"},"modified":"2023-04-24T08:35:47","modified_gmt":"2023-04-24T13:35:47","slug":"biden-envia-mensaje-a-petro-y-agradece-reunion-tras-cumbre-bilateral-en-la-casa-blanca","status":"publish","type":"post","link":"https:\/\/www.amchambaq.com\/es_co\/biden-envia-mensaje-a-petro-y-agradece-reunion-tras-cumbre-bilateral-en-la-casa-blanca\/","title":{"rendered":"Biden env\u00eda mensaje a Petro y agradece reuni\u00f3n tras cumbre bilateral en la Casa Blanca"},"content":{"rendered":"<p>En el video, de alrededor de 50 segundos, se muestra el momento en el que Biden le agradece a Petro por su trabajo en temas de paz y derechos humanos<\/p>\n<p><strong>El presidente de Estados Unidos, Joe Biden, agradeci\u00f3 a su hom\u00f3logo colombiano, Gustavo Petro<\/strong>, tras la cumbre bilateral que lideraron esta semana en la Casa Blanc<strong>a<\/strong>. Con un video en el que se destac\u00f3 los apartes m\u00e1s importantes del encuentro, Biden asegur\u00f3 que cuando Colombia y Estados Unidos se unen,\u00a0<strong>no hay nada que no puedan lograr<\/strong>.<\/p>\n<p>&#8220;Gracias, presidente @petrogustavo\u00a0<strong>por su compromiso para abordar el cambio clim\u00e1tico y promover los valores democr\u00e1ticos en las Am\u00e9ricas<\/strong>&#8220;, escribi\u00f3 en su cuenta de Twitter.<\/p>\n<p><strong>En el video, de alrededor de 50 segundos, se muestra el momento en el que Biden le agradece a Petro por su trabajo en temas de paz y derechos humanos<\/strong>. Adem\u00e1s, se escucha cuando hablaron del compromiso de invertir US$500 millones, en el llamado Fondo Amazon\u00eda,\u00a0<strong>con el que se busca impulsar proyectos para proteger la selva amaz\u00f3nica y enfrentar la deforestaci\u00f3n<\/strong>.<\/p>\n<p>\u201cEstamos trabajando juntos para contrarrestar el narcotr\u00e1fico y abordar el nivel hist\u00f3rico de migraci\u00f3n\u201d, dice Biden en el video. \u201cA medida que comenzamos el pr\u00f3ximo siglo de nuestra asociaci\u00f3n,\u00a0<strong>creo que podemos hacer a\u00fan m\u00e1s para profundizar y desarrollar la cooperaci\u00f3n<\/strong>\u201d.<\/p>\n<p>Tras la reuni\u00f3n, el mandatario colombiano dijo que los puntos centrales y m\u00e1s importantes que se concretaron en la reuni\u00f3n se relacionan\u00a0<strong>con la financiaci\u00f3n presupuestal de la reforma agraria colombiana<\/strong>, y la sustituci\u00f3n de la deuda por acci\u00f3n clim\u00e1tica para todos los pa\u00edses.<\/p>\n<p>&#8220;Hay que poner a Colombia en un papel de liderazgo de los grandes problemas de la humanidad. Por eso la charla inici\u00f3 con todos los pueblos ancestrales\u00a0<strong>con el tema central del equilibro con entre la humanidad y la naturaleza<\/strong>&#8220;, empieza diciendo el Presidente.<\/p>\n<div class=\"news economiaSect\">\n<div class=\"html-content\">\n<p>Petro tambi\u00e9n indic\u00f3 que se debe dar el paso de una econom\u00eda f\u00f3sil a una que no use el carb\u00f3n, el petr\u00f3leo ni el gas. \u201cAm\u00e9rica tiene el mayor potencial de democracia y libertad; y el mayor potencial de energ\u00edas limpias\u201d.\u00a0<strong>Tambi\u00e9n se habl\u00f3 de la posibilidad de hacer cambio de deuda por acci\u00f3n clim\u00e1tica, a partir de los derechos especiales de giro del Fondo Monetario Internacional<\/strong>\u00a0(FMI).<\/p>\n<p>Biden agradeci\u00f3 a Petro por el compromiso que tiene con la paz y los derechos en el continente. Y, sobre la mesa,\u00a0<strong>tambi\u00e9n se plante\u00f3 la posibilidad de una interconexi\u00f3n el\u00e9ctrica con Panam\u00e1<\/strong>. \u201cLas redes de transmisi\u00f3n el\u00e9ctrica est\u00e1n integradas en Estados Unidos, M\u00e9xico y Canad\u00e1, pero entre Panam\u00e1 y Colombia no hay una interconexi\u00f3n\u201d, dijo Petro.<\/p>\n<p><strong>El mandatario colombiano aprovech\u00f3 su visita a Washington para reiterar la cumbre entre el Gobierno y la oposici\u00f3n Venezolana que se har\u00e1 en Bogot\u00e1 la semana que viene.<\/strong><\/p>\n<\/div>\n<\/div>\n<div class=\"mt-5\">Tomado de : La Republica<\/div>\n","protected":false},"excerpt":{"rendered":"<p>En el video, de alrededor de 50 segundos, se muestra el momento en el que Biden le agradece a Petro por su trabajo en temas de paz y derechos humanos El presidente de Estados Unidos, Joe Biden, agradeci\u00f3 a su hom\u00f3logo colombiano, Gustavo Petro, tras la cumbre bilateral que lideraron esta semana en la Casa<\/p>\n","protected":false},"author":1,"featured_media":10996,"comment_status":"closed","ping_status":"closed","sticky":false,"template":"","format":"standard","meta":{"footnotes":""},"categories":[342,181],"tags":[],"class_list":["post-10995","post","type-post","status-publish","format-standard","has-post-thumbnail","hentry","category-news","category-noticias"],"views":20,"_links":{"self":[{"href":"https:\/\/www.amchambaq.com\/es_co\/wp-json\/wp\/v2\/posts\/10995","targetHints":{"allow":["GET"]}}],"collection":[{"href":"https:\/\/www.amchambaq.com\/es_co\/wp-json\/wp\/v2\/posts"}],"about":[{"href":"https:\/\/www.amchambaq.com\/es_co\/wp-json\/wp\/v2\/types\/post"}],"author":[{"embeddable":true,"href":"https:\/\/www.amchambaq.com\/es_co\/wp-json\/wp\/v2\/users\/1"}],"replies":[{"embeddable":true,"href":"https:\/\/www.amchambaq.com\/es_co\/wp-json\/wp\/v2\/comments?post=10995"}],"version-history":[{"count":1,"href":"https:\/\/www.amchambaq.com\/es_co\/wp-json\/wp\/v2\/posts\/10995\/revisions"}],"predecessor-version":[{"id":10997,"href":"https:\/\/www.amchambaq.com\/es_co\/wp-json\/wp\/v2\/posts\/10995\/revisions\/10997"}],"wp:featuredmedia":[{"embeddable":true,"href":"https:\/\/www.amchambaq.com\/es_co\/wp-json\/wp\/v2\/media\/10996"}],"wp:attachment":[{"href":"https:\/\/www.amchambaq.com\/es_co\/wp-json\/wp\/v2\/media?parent=10995"}],"wp:term":[{"taxonomy":"category","embeddable":true,"href":"https:\/\/www.amchambaq.com\/es_co\/wp-json\/wp\/v2\/categories?post=10995"},{"taxonomy":"post_tag","embeddable":true,"href":"https:\/\/www.amchambaq.com\/es_co\/wp-json\/wp\/v2\/tags?post=10995"}],"curies":[{"name":"wp","href":"https:\/\/api.w.org\/{rel}","templated":true}]}}