{"id":10992,"date":"2023-04-24T08:32:45","date_gmt":"2023-04-24T13:32:45","guid":{"rendered":"https:\/\/www.amchambaq.com\/?p=10992"},"modified":"2023-04-24T08:38:51","modified_gmt":"2023-04-24T13:38:51","slug":"vamos-a-lograr-que-estados-unidos-financie-presupuestalmente-la-reforma-agraria","status":"publish","type":"post","link":"https:\/\/www.amchambaq.com\/es_co\/vamos-a-lograr-que-estados-unidos-financie-presupuestalmente-la-reforma-agraria\/","title":{"rendered":"&#8220;Vamos a lograr que Estados Unidos financie presupuestalmente la reforma agraria&#8221;"},"content":{"rendered":"<div class=\"lead\">\n<p>Gustavo Petro, presidente de la Rep\u00fablica, explic\u00f3 los principales ejes que se concluyeron tras la reuni\u00f3n con Joe Biden este jueves<\/p>\n<\/div>\n<div class=\"author-article\">\n<div>\n<p>Luego de la reuni\u00f3n entre el presidente Gustavo Petro y Joe Biden en la Casa Blanca este jueves, el mandatario colombiano atribuy\u00f3 que los puntos centrales y m\u00e1s importantes que se concretaron en la reuni\u00f3n se relacionan con la financiaci\u00f3n presupuestal de la reforma agraria colombiana, y la sustituci\u00f3n de la deuda por acci\u00f3n clim\u00e1tica para todos los pa\u00edses.<\/p>\n<p>&#8220;Hay que poner a Colombia en un papel de liderazgo de los grandes problemas de la humanidad. Por eso la charla inici\u00f3 con todos los pueblos ancestrales con el tema central del equilibro con entre la humanidad y la naturaleza&#8221;, empieza diciendo el Presidente.<\/p>\n<div class=\"news economiaSect\">\n<div class=\"html-content\">\n<p>Sobre los planes a futuro que se discutieron junto con el Congreso norteamericano, mencion\u00f3 los planes con relaci\u00f3n al Plan Nacional de Desarrollo, proyecto de Ley que recibe su segundo debate el pr\u00f3ximo 25 de abril.<\/p>\n<p>&#8220;Tuvimos una reuni\u00f3n con empresarios norteamericanos en b\u00fasqueda de articularse al nuevo PND de Colombia, energ\u00edas limpias, producci\u00f3n de hidrogeno verde, transici\u00f3n econ\u00f3mica, energ\u00e9tica, econ\u00f3micas descarbonizadas, entre otros&#8221;, explic\u00f3 Petro.<\/p>\n<p>Anunci\u00f3 la creaci\u00f3n de un Congreso de Pueblos Ancestrales. &#8220;La bancada afrodescendiente del Congreso de Estados Unidos con nosotros va a convocar un gran Congreso de Pueblos Ancestrales, para alinear los objetivos macro del pa\u00eds con nuestras ra\u00edces&#8221;, dice.<\/p>\n<p>Y por \u00faltimo,\u00a0<strong>explic\u00f3 el plan de financiaci\u00f3n presupuestal que ser\u00e1 emitido por los Estados Unidos para la reforma agraria de Colombia, y lo que se busca con la sustituci\u00f3n de la deuda por acci\u00f3n clim\u00e1tica.\u00a0<\/strong>&#8220;Si se vuelven a emitir derechos especiales de giro, si se env\u00edan al fondo clim\u00e1tico y se distribuyen entre los pa\u00edses para segmentar porcentualmente los stocks entre los m\u00e1s pobres, tendr\u00edamos una liberaci\u00f3n de recursos y una disminuci\u00f3n de deuda global y mayor acci\u00f3n clim\u00e1tica&#8221;, concluye.<\/p>\n<\/div>\n<\/div>\n<\/div>\n<div class=\"mt-5\">Tomado de: La Republica<\/div>\n<\/div>\n","protected":false},"excerpt":{"rendered":"<p>Gustavo Petro, presidente de la Rep\u00fablica, explic\u00f3 los principales ejes que se concluyeron tras la reuni\u00f3n con Joe Biden este jueves Luego de la reuni\u00f3n entre el presidente Gustavo Petro y Joe Biden en la Casa Blanca este jueves, el mandatario colombiano atribuy\u00f3 que los puntos centrales y m\u00e1s importantes que se concretaron en la<\/p>\n","protected":false},"author":1,"featured_media":10993,"comment_status":"closed","ping_status":"closed","sticky":false,"template":"","format":"standard","meta":{"footnotes":""},"categories":[342,181],"tags":[],"class_list":["post-10992","post","type-post","status-publish","format-standard","has-post-thumbnail","hentry","category-news","category-noticias"],"views":18,"_links":{"self":[{"href":"https:\/\/www.amchambaq.com\/es_co\/wp-json\/wp\/v2\/posts\/10992","targetHints":{"allow":["GET"]}}],"collection":[{"href":"https:\/\/www.amchambaq.com\/es_co\/wp-json\/wp\/v2\/posts"}],"about":[{"href":"https:\/\/www.amchambaq.com\/es_co\/wp-json\/wp\/v2\/types\/post"}],"author":[{"embeddable":true,"href":"https:\/\/www.amchambaq.com\/es_co\/wp-json\/wp\/v2\/users\/1"}],"replies":[{"embeddable":true,"href":"https:\/\/www.amchambaq.com\/es_co\/wp-json\/wp\/v2\/comments?post=10992"}],"version-history":[{"count":2,"href":"https:\/\/www.amchambaq.com\/es_co\/wp-json\/wp\/v2\/posts\/10992\/revisions"}],"predecessor-version":[{"id":10998,"href":"https:\/\/www.amchambaq.com\/es_co\/wp-json\/wp\/v2\/posts\/10992\/revisions\/10998"}],"wp:featuredmedia":[{"embeddable":true,"href":"https:\/\/www.amchambaq.com\/es_co\/wp-json\/wp\/v2\/media\/10993"}],"wp:attachment":[{"href":"https:\/\/www.amchambaq.com\/es_co\/wp-json\/wp\/v2\/media?parent=10992"}],"wp:term":[{"taxonomy":"category","embeddable":true,"href":"https:\/\/www.amchambaq.com\/es_co\/wp-json\/wp\/v2\/categories?post=10992"},{"taxonomy":"post_tag","embeddable":true,"href":"https:\/\/www.amchambaq.com\/es_co\/wp-json\/wp\/v2\/tags?post=10992"}],"curies":[{"name":"wp","href":"https:\/\/api.w.org\/{rel}","templated":true}]}}