{"id":10989,"date":"2023-04-24T08:28:58","date_gmt":"2023-04-24T13:28:58","guid":{"rendered":"https:\/\/www.amchambaq.com\/?p=10989"},"modified":"2023-04-24T08:28:58","modified_gmt":"2023-04-24T13:28:58","slug":"estoy-absolutamente-seguro-de-que-este-mes-la-inflacion-va-pa-abajo","status":"publish","type":"post","link":"https:\/\/www.amchambaq.com\/es_co\/estoy-absolutamente-seguro-de-que-este-mes-la-inflacion-va-pa-abajo\/","title":{"rendered":"\u2018Estoy absolutamente seguro de que este mes la inflaci\u00f3n va pa\u2019 abajo\u2019"},"content":{"rendered":"<p>El Minhacienda, Jos\u00e9 Antonio Ocampo, dice que ya hay se\u00f1ales en el IPC de los hogares pobres y en el \u00edndice de precios al productor.<\/p>\n<p id=\"pnull-m176-175-177\" class=\"parrafo first-parrafo\"><b>El ministro de Hacienda, Jos\u00e9 Antonio Ocampo<\/b>, ya tiene aprobado su segundo a\u00f1o de licencia de la\u00a0<b>Universidad de Columbia (EE.UU.)<\/b>, donde es profesor, para seguir al frente de la cartera en el pa\u00eds. En este proceso,\u00a0<b>Ocampo ha venido trabajando por mitigar el alza de precios, el mayor mal que aqueja a Colombia en terminos econ\u00f3micos.<\/b><\/p>\n<p id=\"pnull-m200-3-201\" class=\"parrafo\">En entrevista con Portafolio, Ocampo dijo que espera que la inflaci\u00f3n quiebre su tendencia al alza este mes y que las tasas de inter\u00e9s se relajen para la segunda mitad del a\u00f1o.<\/p>\n<p>El ministro tambi\u00e9n convers\u00f3 sobre expectativas para la econom\u00eda y dijo que, aunque el Gobierno tiene un pron\u00f3stico de 1,3%, \u00e9l es m\u00e1s optimista,<b>\u00a0y resalt\u00f3 el apoyo de los organismos internacionales a Colombia.<\/b><\/p>\n<p><b>Usted particip\u00f3 hace unos d\u00edas de las reuniones de primavera con el Banco Mundial y el FMI, el presidente estuvo tambi\u00e9n en EE.UU., \u00bfqu\u00e9 significa para el pa\u00eds en t\u00e9rminos de inversiones o l\u00edneas de cr\u00e9dito?<\/b><\/p>\n<p>Son dos procesos diferentes. En realidad en el \u00fanico evento al cual acompa\u00f1\u00e9 al Presidente fue la reuni\u00f3n con inversionistas en Nueva York. Yo estuve toda la semana antepasada en Washington en reuniones con el Banco Mundial y el Fondo Monetario, pero en torno a esas reuniones hubo varios foros con inversionistas privados y tambi\u00e9n con dos calificadoras de riesgo.<\/p>\n<p>Del Banco Mundial las noticias son extremadamente positivas. Todas las entidades del grupo nos van a apoyar. El Banco Interamericano de Reconstrucci\u00f3n de Fomento (Birf), que nos da un financiamiento p\u00fablico, nos va a apoyar con recursos como el a\u00f1o pasado, pero tambi\u00e9n hay mucho inter\u00e9s por parte de la Corporaci\u00f3n Financiera Internacional, que es la que financia proyectos privados. Y el Mecanismo de Garant\u00edas, \u2018Miga\u2019 por sus siglas en ingl\u00e9s, tambi\u00e9n nos va a dar recursos y apoyo a proyectos regionales.<\/p>\n<p><b>\u00bfY cu\u00e1les fueron las conclusiones con el FMI?<br \/>\n<\/b><br \/>\nEn el caso del Fondo Monetario Internacional hubo reuniones muy positivas. El art\u00edculo IV, que es la reuni\u00f3n anual a la que estamos sujetos los pa\u00edses de acuerdo con las reglas del Fondo, fue muy positiva, y esta semana es la evaluaci\u00f3n anual de nuestra l\u00ednea de cr\u00e9dito flexible y cumplimos todos los requisitos para continuar utilizando esa l\u00ednea de cr\u00e9dito del FMI.<\/p>\n<p>Y fuera de eso, tuve la oportunidad de reunirme con la directora gerente, Kristalina Georgieva, en reuniones privadas, y tambi\u00e9n con la secretaria del Tesoro de los Estados Unidos, con quien hablamos del apoyo de Estados Unidos a los organismos internacionales. Todas las relaciones han sido muy positivas.<\/p>\n<p><b>\u00bfC\u00f3mo le fue con las reuniones con las calificadoras? \u00bfC\u00f3mo est\u00e1n viendo a Colombia?<br \/>\n<\/b><br \/>\nFueron parte de varias reuniones que tenemos regularmente. Con Moody&#8217;s nos reunimos en Washington, que es la que nos mantiene el grado de inversi\u00f3n y tambi\u00e9n con Standard &amp; Poor&#8217;s. Encontr\u00e9 positivas las reuniones y aqu\u00ed vamos a reunirnos con Fitch, aunque con ellos ya me he reunido dos veces.<\/p>\n<p>Eso no es una cosa de un d\u00eda para otro. Las calificadoras que no nos dan grado de inversi\u00f3n van a esperar a los resultados de este a\u00f1o.<\/p>\n<p><b>\u00bfEn cu\u00e1nto tiempo cree que Colombia podr\u00eda recuperar el grado de inversi\u00f3n?<br \/>\n<\/b><br \/>\nEs algo imposible saberlo. El primer paso es que nos pasen a perspectiva positiva, y espero que con los resultados de este a\u00f1o eso pase.<\/p>\n<p>Usted dec\u00eda el mes pasado que la inflaci\u00f3n ya hab\u00eda tocado techo, pero en marzo subi\u00f3 de nuevo, a 13,34%, \u00bfc\u00f3mo ve las cifras para abril?<\/p>\n<p>En realidad en marzo fue el mismo nivel, o sea, llevamos tres meses con cifras en torno a 13%. Pero dentro de ese 13% hay varias noticias positivas. La inflaci\u00f3n de alimentos ya lleva tres meses consecutivos bajando, y eso ha favorecido a los hogares pobres, entonces, esa inflaci\u00f3n de hogares de menores recursos. Eso es algo muy positivo.<\/p>\n<p>Y otra noticia positiva es que el \u00cdndice de Precios al Productor, que el mes pasado tuvo la primera inflaci\u00f3n de un d\u00edgito en varios meses, que fue un poco m\u00e1s del 7%. Adem\u00e1s de esto, la tasa de cambio tambi\u00e9n ha tenido una tendencia positiva recientemente, entonces yo estoy absolutamente seguro que este mes vamos pa\u2019 abajo con la inflaci\u00f3n.<\/p>\n<p><b>El Gobierno anunci\u00f3 un acuerdo con los empresarios para reducir la inflaci\u00f3n, \u00bfc\u00f3mo va eso?<br \/>\n<\/b><br \/>\nEstamos avanzando en las primeras reuniones en estos d\u00edas. La primera de ellas la coordin\u00f3 el ministro de Comercio, Industria y Turismo.<\/p>\n<p><b>Con esta previsi\u00f3n de que la inflaci\u00f3n se modere, \u00bfcree que ya se va a terminar el ciclo de alza de tasas?<br \/>\n<\/b><br \/>\nLa expectativa de baja de tasas ya est\u00e1 claramente en el mercado. De hecho, la \u00faltima encuesta de analistas de Fedesarrollo habla de la expectativa de que la tasa del Banco sea del 9% para finales de a\u00f1o. Vamos a ver en la pr\u00e1ctica cu\u00e1nto se materializa. Inicialmente no veo una reversi\u00f3n en tasas, pero creo que a partir del segundo semestre se puede esperar una reducci\u00f3n.<\/p>\n<p>Entre tanto s\u00ed se ha podido trabajar en algunas reducciones de tasa con los bancos comerciales, que ya hicieron varias reducciones, obviamente en di\u00e1logo con el Gobierno. De modo que para deudores peque\u00f1os ya hay una reducci\u00f3n de tasa importante, y est\u00e1 toda la l\u00ednea de cr\u00e9ditos especiales que estamos sacando desde el Gobierno a trav\u00e9s del grupo Bicentenario, que ya incluye todo el programa de microcr\u00e9ditos, de inclusi\u00f3n crediticia, pero tambi\u00e9n vamos a crear una l\u00ednea para San Andr\u00e9s, para el sector de turismo de peque\u00f1as poblaciones, el Ministerio de Agricultura ya anunci\u00f3 una especial para peque\u00f1os agricultores, son varios temas que estamos trabajando.<\/p>\n<p>Estamos viendo en qu\u00e9 medida se pueden ir haciendo programas para bajar las tasas de inter\u00e9s.<\/p>\n<p><b>Con ese panorama de precios y tasas, \u00bfcu\u00e1les son las expectativas para el crecimiento del pa\u00eds este a\u00f1o?<br \/>\n<\/b><br \/>\nEl Gobierno en este momento tiene una proyecci\u00f3n de 1,3% para el PIB de 2023. Yo pertenezco a los optimistas, y creo que vamos a crecer entre 2% y 2,5% este a\u00f1o.<\/p>\n<p><b>El proyecto de adici\u00f3n presupuestal ya en su tr\u00e1nsito por el Congreso, \u00bfen qu\u00e9 va? \u00bfTemas como los peajes o los subsidios de vivienda de los que se han hablado estos d\u00edas est\u00e1n cubiertos con esos recursos?<br \/>\n<\/b><br \/>\nEl subsidio que hay a trav\u00e9s de un aumento de peajes lo vamos a cubrir con el presupuesto nacional y tambi\u00e9n va a haber en particular una edici\u00f3n fuerte para Mi Casa Ya, que es un programa que requiere mucho m\u00e1s recursos, y estamos viendo que otros programas espec\u00edficos apoyamos. Pero debo decir el sector que tiene m\u00e1s aumento de recursos este a\u00f1o, por amplio margen, es el sector rural.<\/p>\n<p><b>Usted ha mencionado que la licencia que le otorgaron en la Universidad de Columbia se va a extender, \u00bfhasta cu\u00e1ndo podr\u00e1 seguir en Minhacienda?<br \/>\n<\/b><br \/>\nYa tengo aprobado mi segundo a\u00f1o.<\/p>\n<p>LAURA LUC\u00cdA BECERRA ELEJALDE<\/p>\n<p>Tomado de: Portafolio<\/p>\n","protected":false},"excerpt":{"rendered":"<p>El Minhacienda, Jos\u00e9 Antonio Ocampo, dice que ya hay se\u00f1ales en el IPC de los hogares pobres y en el \u00edndice de precios al productor. El ministro de Hacienda, Jos\u00e9 Antonio Ocampo, ya tiene aprobado su segundo a\u00f1o de licencia de la\u00a0Universidad de Columbia (EE.UU.), donde es profesor, para seguir al frente de la cartera<\/p>\n","protected":false},"author":1,"featured_media":10990,"comment_status":"closed","ping_status":"closed","sticky":false,"template":"","format":"standard","meta":{"footnotes":""},"categories":[342,181],"tags":[],"class_list":["post-10989","post","type-post","status-publish","format-standard","has-post-thumbnail","hentry","category-news","category-noticias"],"views":73,"_links":{"self":[{"href":"https:\/\/www.amchambaq.com\/es_co\/wp-json\/wp\/v2\/posts\/10989","targetHints":{"allow":["GET"]}}],"collection":[{"href":"https:\/\/www.amchambaq.com\/es_co\/wp-json\/wp\/v2\/posts"}],"about":[{"href":"https:\/\/www.amchambaq.com\/es_co\/wp-json\/wp\/v2\/types\/post"}],"author":[{"embeddable":true,"href":"https:\/\/www.amchambaq.com\/es_co\/wp-json\/wp\/v2\/users\/1"}],"replies":[{"embeddable":true,"href":"https:\/\/www.amchambaq.com\/es_co\/wp-json\/wp\/v2\/comments?post=10989"}],"version-history":[{"count":1,"href":"https:\/\/www.amchambaq.com\/es_co\/wp-json\/wp\/v2\/posts\/10989\/revisions"}],"predecessor-version":[{"id":10991,"href":"https:\/\/www.amchambaq.com\/es_co\/wp-json\/wp\/v2\/posts\/10989\/revisions\/10991"}],"wp:featuredmedia":[{"embeddable":true,"href":"https:\/\/www.amchambaq.com\/es_co\/wp-json\/wp\/v2\/media\/10990"}],"wp:attachment":[{"href":"https:\/\/www.amchambaq.com\/es_co\/wp-json\/wp\/v2\/media?parent=10989"}],"wp:term":[{"taxonomy":"category","embeddable":true,"href":"https:\/\/www.amchambaq.com\/es_co\/wp-json\/wp\/v2\/categories?post=10989"},{"taxonomy":"post_tag","embeddable":true,"href":"https:\/\/www.amchambaq.com\/es_co\/wp-json\/wp\/v2\/tags?post=10989"}],"curies":[{"name":"wp","href":"https:\/\/api.w.org\/{rel}","templated":true}]}}