{"id":10943,"date":"2023-04-13T10:26:27","date_gmt":"2023-04-13T15:26:27","guid":{"rendered":"https:\/\/www.amchambaq.com\/?p=10943"},"modified":"2023-04-13T10:26:27","modified_gmt":"2023-04-13T15:26:27","slug":"produccion-de-cafe-de-colombia-cayo-en-un-13-en-marzo","status":"publish","type":"post","link":"https:\/\/www.amchambaq.com\/es_co\/produccion-de-cafe-de-colombia-cayo-en-un-13-en-marzo\/","title":{"rendered":"Producci\u00f3n de caf\u00e9 de Colombia cay\u00f3 en un 13 % en marzo"},"content":{"rendered":"<p>En el \u00faltimo a\u00f1o\u00a0las exportaciones bajaron 10 % hasta los\u00a010,9 millones de sacos.<\/p>\n<p>La producci\u00f3n registrada de\u00a0<strong>caf\u00e9 de Colombia<\/strong>\u00a0fue de 799.000 sacos de 60 kg, lo que evidencia una ca\u00edda del 13 % frente a los 914.000 sacos registrados en el mismo mes de 2022.<\/p>\n<p>En lo corrido del a\u00f1o (enero-marzo),<strong>\u00a0la producci\u00f3n registr\u00f3 una leve ca\u00edda de 1 %,<\/strong>\u00a0a 2,69 millones de sacos desde los 2,71 millones de sacos producidos en el mismo periodo del a\u00f1o pasado.<\/p>\n<p>En los \u00faltimos 12 meses (abril 2022-marzo 2023), la producci\u00f3n cay\u00f3 8 % a casi 11,1 millones de sacos desde poco m\u00e1s de 12 millones un a\u00f1o atr\u00e1s.<\/p>\n<p>Y en lo que va del a\u00f1o cafetero (octubre 2022-marzo 2023), la producci\u00f3n super\u00f3 los 5,6 millones de sacos, 10 % menos frente a los\u00a0<strong>6,2 millones de sacos\u00a0<\/strong>de igual lapso anterior.<\/p>\n<p>Colombia es considerado como el\u00a0<strong>mayor productor mundial de ar\u00e1bigo suave lavado.<\/strong><\/p>\n<p>Adem\u00e1s,\u00a0en los \u00faltimos 12 meses, las exportaciones bajaron 10 % a 10,9 millones de sacos frente a\u00a0los 12,1 millones exportados un a\u00f1o antes.<\/p>\n<p>Tomado: La Libertad<\/p>\n","protected":false},"excerpt":{"rendered":"<p>En el \u00faltimo a\u00f1o\u00a0las exportaciones bajaron 10 % hasta los\u00a010,9 millones de sacos. La producci\u00f3n registrada de\u00a0caf\u00e9 de Colombia\u00a0fue de 799.000 sacos de 60 kg, lo que evidencia una ca\u00edda del 13 % frente a los 914.000 sacos registrados en el mismo mes de 2022. En lo corrido del a\u00f1o (enero-marzo),\u00a0la producci\u00f3n registr\u00f3 una leve<\/p>\n","protected":false},"author":1,"featured_media":10944,"comment_status":"closed","ping_status":"closed","sticky":false,"template":"","format":"standard","meta":{"footnotes":""},"categories":[342,181],"tags":[],"class_list":["post-10943","post","type-post","status-publish","format-standard","has-post-thumbnail","hentry","category-news","category-noticias"],"views":73,"_links":{"self":[{"href":"https:\/\/www.amchambaq.com\/es_co\/wp-json\/wp\/v2\/posts\/10943","targetHints":{"allow":["GET"]}}],"collection":[{"href":"https:\/\/www.amchambaq.com\/es_co\/wp-json\/wp\/v2\/posts"}],"about":[{"href":"https:\/\/www.amchambaq.com\/es_co\/wp-json\/wp\/v2\/types\/post"}],"author":[{"embeddable":true,"href":"https:\/\/www.amchambaq.com\/es_co\/wp-json\/wp\/v2\/users\/1"}],"replies":[{"embeddable":true,"href":"https:\/\/www.amchambaq.com\/es_co\/wp-json\/wp\/v2\/comments?post=10943"}],"version-history":[{"count":1,"href":"https:\/\/www.amchambaq.com\/es_co\/wp-json\/wp\/v2\/posts\/10943\/revisions"}],"predecessor-version":[{"id":10945,"href":"https:\/\/www.amchambaq.com\/es_co\/wp-json\/wp\/v2\/posts\/10943\/revisions\/10945"}],"wp:featuredmedia":[{"embeddable":true,"href":"https:\/\/www.amchambaq.com\/es_co\/wp-json\/wp\/v2\/media\/10944"}],"wp:attachment":[{"href":"https:\/\/www.amchambaq.com\/es_co\/wp-json\/wp\/v2\/media?parent=10943"}],"wp:term":[{"taxonomy":"category","embeddable":true,"href":"https:\/\/www.amchambaq.com\/es_co\/wp-json\/wp\/v2\/categories?post=10943"},{"taxonomy":"post_tag","embeddable":true,"href":"https:\/\/www.amchambaq.com\/es_co\/wp-json\/wp\/v2\/tags?post=10943"}],"curies":[{"name":"wp","href":"https:\/\/api.w.org\/{rel}","templated":true}]}}