{"id":10923,"date":"2023-04-12T08:39:37","date_gmt":"2023-04-12T13:39:37","guid":{"rendered":"https:\/\/www.amchambaq.com\/?p=10923"},"modified":"2023-04-12T08:56:47","modified_gmt":"2023-04-12T13:56:47","slug":"transicion-verde-eje-para-el-desarrollo-de-america-latina","status":"publish","type":"post","link":"https:\/\/www.amchambaq.com\/es_co\/transicion-verde-eje-para-el-desarrollo-de-america-latina\/","title":{"rendered":"Transici\u00f3n verde, eje para el desarrollo de Am\u00e9rica Latina"},"content":{"rendered":"<p>\u2018La regi\u00f3n tendr\u00eda oportunidad de crecer si realiza inversiones robustas\u2019, dicen organismos internacionales.<\/p>\n<p id=\"pnull-m176-175-177\" class=\"parrafo first-parrafo\">De acuerdo con la \u00faltima edici\u00f3n de\u00a0<b>&#8216;Perspectivas Econ\u00f3micas de Am\u00e9rica Latina (LEO 2022), hacia una transici\u00f3n verde y justa&#8217;,\u00a0<\/b>realizada por la\u00a0<b>Ocde, la Cepal, el CAF, la Comisi\u00f3n Europea (CE)<\/b>\u00a0y presentada en la Conferencia Acad\u00e9mica Anual de la Universidad del Rosario,<b>\u00a0la regi\u00f3n debe transitar hacia una visi\u00f3n verde como una oportunidad para construir\u00a0<\/b>un modelo de desarrollo m\u00e1s sostenible, inclusivo y que genere mayor valor agregado.<\/p>\n<div id=\"div-gpt-ad-1628519221454-0\" class=\"ad-display\" data-ad-unit-name=\"inread\" data-google-query-id=\"CKGLoPi6pP4CFUnwhwodLL8Iyw\"><\/div>\n<div data-ad-unit-name=\"inread\" data-google-query-id=\"CKGLoPi6pP4CFUnwhwodLL8Iyw\">Con base en las organizaciones internacionales, Am\u00e9rica Latina y el Caribe tiene el desaf\u00edo de actuar con una agenda ambiciosa para proteger y valorar el capital natural y energ\u00e9tico \u00fanico de la regi\u00f3n, con el fin de promover el desarrollo de nuevos sectores econ\u00f3micos que permitan\u00a0<b>la creaci\u00f3n de empleos de calidad.<\/b><\/p>\n<p>Sin embargo, las instituciones enfatizan en que, para avanzar esa transici\u00f3n, se \u201c<i>deben movilizar cuantiosos recursos financieros<\/i>\u201d, repesando los sistemas tributarios y la pol\u00edtica fiscal en general.<\/p>\n<p>A su vez, Marco Llin\u00e1s, director interino de la Cepal, manifest\u00f3 que la transici\u00f3n verde trae consigo oportunidades para los aparatos productivos de cada pa\u00eds,\u00a0<b>por lo que se requerir\u00e1 de emprendimientos e innovaciones,<\/b>\u00a0viendo ese tr\u00e1nsito como una oportunidad de negocio en la sostenibilidad.<\/p>\n<\/div>\n<div data-ad-unit-name=\"inread\" data-google-query-id=\"CKGLoPi6pP4CFUnwhwodLL8Iyw\"><\/div>\n<div data-ad-unit-name=\"inread\" data-google-query-id=\"CKGLoPi6pP4CFUnwhwodLL8Iyw\">\u201c<i>Los pa\u00edses necesitan de agendas que articulen a todos los sectores, teniendo a la sostenibilidad como un foco para incluirlas dentro de sus pol\u00edticas de desarrollo productivo<\/i>\u201d, dijo.<\/p>\n<p>Seg\u00fan los resultados, esa transici\u00f3n verde puede ayudar a la regi\u00f3n a mejorar su modelo de desarrollo y reducir su vulnerabilidad al cambio clim\u00e1tico<b>. Es por esto que 13 de los 50 pa\u00edses m\u00e1s afectados por este factor son de Am\u00e9rica Latina y el Caribe.<\/b><\/p>\n<p>\u201c<i>En total, de los 11.933 sucesos meteorol\u00f3gicos extremos relacionados con el clima que se registraron en todo el mundo entre 1970 y 2022, un 17,1% se produjeron en la regi\u00f3n<\/i>\u201d, destacan.<\/p>\n<p>Por otra parte, se manifiesta que a pesar de las consecuencias causadas por el cambio clim\u00e1tico, la regi\u00f3n contin\u00faa aumentando de forma sostenida sus emisiones totales de gases efecto invernadero (GEI). Las instituciones estiman que entre 1990 y 2019, el nivel de emisiones aument\u00f3 en\u00a0<b>1.223 millones de toneladas equivalentes de di\u00f3xido de carbono,\u00a0<\/b>lo que representa un incremento del 61%. De igual manera, el peso de la regi\u00f3n en las emisiones globales fue de 8,1%.<\/p>\n<\/div>\n<div data-ad-unit-name=\"inread\" data-google-query-id=\"CKGLoPi6pP4CFUnwhwodLL8Iyw\"><\/div>\n<div data-ad-unit-name=\"inread\" data-google-query-id=\"CKGLoPi6pP4CFUnwhwodLL8Iyw\">Se manifiesta que una matriz energ\u00e9tica m\u00e1s sostenible y diversificada ayudar\u00e1 a la regi\u00f3n a reducir dichas emisiones y aprovechar el potencial de los &#8220;vastos&#8221; recursos energ\u00e9ticos renovables y a impulsar el acceso universal a la energ\u00eda.<\/p>\n<p>Seg\u00fan el documento, en 2020,<b>\u00a0las energ\u00edas renovables representaban el 61% de la generaci\u00f3n regional de electricidad.<\/b>\u00a0De esta cifra el 75% correspond\u00eda a energ\u00eda hidroel\u00e9ctrica, y el 25% a energ\u00eda solar, e\u00f3lica, de biomasa y geot\u00e9rmica.<\/p>\n<p>Llevando la mirada hacia el largo plazo, Sebasti\u00e1n Nieto, jefe para Am\u00e9rica Latina y el Caribe del Centro de Desarrollo de la Ocde, indic\u00f3 que \u201c<i>los ciudadanos de la regi\u00f3n est\u00e1n preocupados por la gravedad del cambio clim\u00e1tico que son mayores que en otras regiones del mundo. Esto sugiere que la recuperaci\u00f3n podr\u00eda representar una oportunidad clave para avanzar hacia un nuevo contrato social que ponga la sostenibilidad ambiental en el centro<\/i>\u201d.<\/p>\n<p>Frente a\u00a0<b>la decarbonizaci\u00f3n,\u00a0<\/b>se estima que la econom\u00eda debe estar acompa\u00f1ada de niveles de inversi\u00f3n adecuados, tanto en los sectores p\u00fablicos como privados, dirigida a reglones potencialmente verdes, para \u201c<i>mitigar las posibles disrupciones que la descarbonizaci\u00f3n generar\u00eda en el mercado laboral<\/i>\u201d.<\/p>\n<\/div>\n<div data-ad-unit-name=\"inread\" data-google-query-id=\"CKGLoPi6pP4CFUnwhwodLL8Iyw\"><\/div>\n<div data-ad-unit-name=\"inread\" data-google-query-id=\"CKGLoPi6pP4CFUnwhwodLL8Iyw\">\n<p id=\"pnull-m200-3-201\" class=\"parrafo\">Igualmente, el directivo de la Ocde resalt\u00f3 que, si se logra implementar una estrategia de descarbonizaci\u00f3n efectiva, acompa\u00f1ada de niveles de inversi\u00f3n suficientes en sectores verdes, la creaci\u00f3n neta acumulada de empleo verde y\u00a0<b>formal puede llegar a ser del 10,5% en Am\u00e9rica Latina.<\/b><\/p>\n<div id=\"pnull-m261-3-262\" class=\"highlighted\">\n<div id=\"m266-265-267\" class=\"tiemposBold3\">Financiaci\u00f3n robusta<\/div>\n<\/div>\n<p id=\"pnull-m275-4-276\" class=\"parrafo\">De acuerdo con las estimaciones del informe de las organizaciones, la regi\u00f3n se enfrenta al reto de financiar la transici\u00f3n verde con<b>\u00a0un espacio fiscal reducido.<\/b><\/p>\n<p>\u201c<i>Un escenario de calentamiento global de 2.5\u00b0C podr\u00eda costar a la regi\u00f3n entre el 1,5% y el 5,0% de su PIB de aqu\u00ed a 2050. Dado que el costo de no actuar es elevado, los pa\u00edses deben desarrollar pol\u00edticas fiscales ambientalmente sostenibles, como planes de infraestructuras que contemplen la adaptaci\u00f3n y mitigaci\u00f3n del cambio clim\u00e1tico<\/i>\u201d, aseguran<\/p>\n<p>Tomado de: Portafolio<\/p>\n<\/div>\n","protected":false},"excerpt":{"rendered":"<p>\u2018La regi\u00f3n tendr\u00eda oportunidad de crecer si realiza inversiones robustas\u2019, dicen organismos internacionales. De acuerdo con la \u00faltima edici\u00f3n de\u00a0&#8216;Perspectivas Econ\u00f3micas de Am\u00e9rica Latina (LEO 2022), hacia una transici\u00f3n verde y justa&#8217;,\u00a0realizada por la\u00a0Ocde, la Cepal, el CAF, la Comisi\u00f3n Europea (CE)\u00a0y presentada en la Conferencia Acad\u00e9mica Anual de la Universidad del Rosario,\u00a0la regi\u00f3n debe<\/p>\n","protected":false},"author":1,"featured_media":10924,"comment_status":"closed","ping_status":"closed","sticky":false,"template":"","format":"standard","meta":{"footnotes":""},"categories":[342,181],"tags":[],"class_list":["post-10923","post","type-post","status-publish","format-standard","has-post-thumbnail","hentry","category-news","category-noticias"],"views":95,"_links":{"self":[{"href":"https:\/\/www.amchambaq.com\/es_co\/wp-json\/wp\/v2\/posts\/10923","targetHints":{"allow":["GET"]}}],"collection":[{"href":"https:\/\/www.amchambaq.com\/es_co\/wp-json\/wp\/v2\/posts"}],"about":[{"href":"https:\/\/www.amchambaq.com\/es_co\/wp-json\/wp\/v2\/types\/post"}],"author":[{"embeddable":true,"href":"https:\/\/www.amchambaq.com\/es_co\/wp-json\/wp\/v2\/users\/1"}],"replies":[{"embeddable":true,"href":"https:\/\/www.amchambaq.com\/es_co\/wp-json\/wp\/v2\/comments?post=10923"}],"version-history":[{"count":2,"href":"https:\/\/www.amchambaq.com\/es_co\/wp-json\/wp\/v2\/posts\/10923\/revisions"}],"predecessor-version":[{"id":10932,"href":"https:\/\/www.amchambaq.com\/es_co\/wp-json\/wp\/v2\/posts\/10923\/revisions\/10932"}],"wp:featuredmedia":[{"embeddable":true,"href":"https:\/\/www.amchambaq.com\/es_co\/wp-json\/wp\/v2\/media\/10924"}],"wp:attachment":[{"href":"https:\/\/www.amchambaq.com\/es_co\/wp-json\/wp\/v2\/media?parent=10923"}],"wp:term":[{"taxonomy":"category","embeddable":true,"href":"https:\/\/www.amchambaq.com\/es_co\/wp-json\/wp\/v2\/categories?post=10923"},{"taxonomy":"post_tag","embeddable":true,"href":"https:\/\/www.amchambaq.com\/es_co\/wp-json\/wp\/v2\/tags?post=10923"}],"curies":[{"name":"wp","href":"https:\/\/api.w.org\/{rel}","templated":true}]}}