{"id":10907,"date":"2023-04-10T09:07:49","date_gmt":"2023-04-10T14:07:49","guid":{"rendered":"https:\/\/www.amchambaq.com\/?p=10907"},"modified":"2023-04-10T09:07:49","modified_gmt":"2023-04-10T14:07:49","slug":"el-nuevo-rumbo-de-las-actividades-economicas-de-la-ciudad","status":"publish","type":"post","link":"https:\/\/www.amchambaq.com\/es_co\/el-nuevo-rumbo-de-las-actividades-economicas-de-la-ciudad\/","title":{"rendered":"El nuevo rumbo de las actividades econ\u00f3micas de la ciudad"},"content":{"rendered":"<p>Hay una mayor din\u00e1mica en el sector servicios que incluye log\u00edstica, turismo y BPO; se mantienen el comercio y la construcci\u00f3n.\u00a0Sigue la llegada de empresas industriales de capital extranjero o nacional.<\/p>\n<p>La actividad econ\u00f3mica de\u00a0<strong>Barranquilla\u00a0<\/strong>en los \u00faltimos a\u00f1os se ha diversificado de tal manera que ya no est\u00e1 concentrada en unos pocos sectores. Se ha expandido al ritmo de la transformaci\u00f3n que vive la ciudad y de la sinergia de los sectores p\u00fablico y privado.<\/p>\n<p>El crecimiento econ\u00f3mico de la ciudad, que es destacado como uno de los m\u00e1s din\u00e1micos del pa\u00eds por el mismo ministro de Hacienda,\u00a0<strong>Jos\u00e9 Antonio Ocampo<\/strong>,\u00a0 se basa en un abanico de actividades que han encontrado en este territorio el sitio ideal para desarrollarse.<\/p>\n<p>La industria manufacturera, muy diferente a lo que algunos piensan, no ha perdido su protagonismo y sigue siendo uno de los<strong>\u00a0ejes del crecimiento local<\/strong>\u00a0que atrae inversiones nacionales y extranjeras y genera empleo.<\/p>\n<p>\u201cMuchos en Barranquilla creen que porque no ven las industrias en la V\u00eda 40 creciendo en\u00a0<strong>Barranquilla\u00a0<\/strong>se ha perdido el trabajo industrial, pero les quiero decir que nunca hemos tenido tanta industria y tanto trabajo industrial creciendo\u201d, dijo el alcalde de Barranquilla,\u00a0<strong>Jaime Pumarejo.<\/strong><\/p>\n<div class=\"field-item odd\">\n<div class=\"entity entity-paragraphs-item paragraphs-item-descripcion\">\n<div class=\"content\">\n<div class=\"field field-name-field-descripcion field-type-text-long field-label-hidden\">\n<div class=\"field-items\">\n<div class=\"field-item even\">\n<p>Asegur\u00f3 que a las zonas francas de la ciudad ubicadas tanto en el\u00a0<strong>sector de Juan Mina<\/strong>\u00a0como en el \u00e1rea metropolitana est\u00e1n llegando grandes industrias que exportan, generan valor y crecimiento a esta zona.<\/p>\n<p>Por su parte, el presidente del Comit\u00e9 Intergremial del Atl\u00e1ntico, Efra\u00edn Cepeda, asegur\u00f3 que\u00a0<strong>Barranquilla\u00a0<\/strong>sigue teniendo un desempe\u00f1o favorable de su actividad econ\u00f3mica a pesar de la creciente inflaci\u00f3n de los \u00faltimos meses y de la inestabilidad de la tasa de cambio.<\/p>\n<p>\u201cEsto lo demuestra la continua llegada de empresas de capital extranjero o nacional en sectores tradicionales de la producci\u00f3n local como la industria, al tiempo que comienza a mostrar una mayor din\u00e1mica el sector de servicios que incluye log\u00edstica, turismo y BPO, se mantiene el comercio y la construcci\u00f3n, crece la oferta gastron\u00f3mica y seguimos caracteriz\u00e1ndonos por tener una oferta exportadora diversa, especialmente desde las zonas francas\u201d, agreg\u00f3.<\/p>\n<p>Para el dirigente gremial hay nuevas oportunidades de desarrollo en sectores como la exploraci\u00f3n de hidrocarburos costa afuera, la generaci\u00f3n de energ\u00eda con fuentes renovables, y la producci\u00f3n de\u00a0<strong>hidr\u00f3geno verde.\u00a0<\/strong><\/p>\n<p>\u201cEn estos tenemos condiciones para ser protagonistas y para dar un salto significativo en el crecimiento y diversificaci\u00f3n de nuestra econom\u00eda\u201d, se\u00f1al\u00f3 Cepeda.<\/p>\n<\/div>\n<\/div>\n<\/div>\n<\/div>\n<\/div>\n<\/div>\n<div class=\"field-item even\">\n<div class=\"content-imagen\">\n<div class=\"image\" data-bg-desk=\"https:\/\/www.elheraldo.co\/sites\/default\/files\/styles\/width_1180\/public\/eco_industria.jpg?itok=wmZvPdtc\" data-bg-mob=\"https:\/\/www.elheraldo.co\/sites\/default\/files\/styles\/414x780\/public\/eco_industria.jpg?itok=pGXiqg_s\"><picture><source srcset=\"https:\/\/www.elheraldo.co\/sites\/default\/files\/styles\/width_820\/public\/eco_industria.jpg?itok=3OgJr2ko\" media=\"(min-width: 1180px)\" \/><source srcset=\"https:\/\/www.elheraldo.co\/sites\/default\/files\/styles\/width_768\/public\/eco_industria.jpg?itok=4tmI0fW9\" media=\"(min-width: 768px)\" \/><source srcset=\"https:\/\/www.elheraldo.co\/sites\/default\/files\/styles\/width_414\/public\/eco_industria.jpg?itok=8ALxQc6Q\" media=\"(max-width: 767px)\" \/><\/picture><\/div>\n<div data-bg-desk=\"https:\/\/www.elheraldo.co\/sites\/default\/files\/styles\/width_1180\/public\/eco_industria.jpg?itok=wmZvPdtc\" data-bg-mob=\"https:\/\/www.elheraldo.co\/sites\/default\/files\/styles\/414x780\/public\/eco_industria.jpg?itok=pGXiqg_s\">\n<div class=\"field-item odd\">\n<div class=\"content-titulo\">\n<div class=\"titulo\">Sofisticaci\u00f3n productiva<\/div>\n<\/div>\n<\/div>\n<div class=\"field-item even\">\n<div class=\"entity entity-paragraphs-item paragraphs-item-descripcion\">\n<div class=\"content\">\n<div class=\"field field-name-field-descripcion field-type-text-long field-label-hidden\">\n<div class=\"field-items\">\n<div class=\"field-item even\">\n<p>El presidente de la C\u00e1mara de Comercio de Barranquilla, Manuel Fern\u00e1ndez, afirma que\u00a0<strong>Barranquilla\u00a0<\/strong>ha experimentado un importante avance en sofisticaci\u00f3n productiva, sustentado en la diversificaci\u00f3n de sus actividades econ\u00f3micas, con una importante presencia de los sectores de servicios e industria, lo que ha permitido crecimiento econ\u00f3mico y generaci\u00f3n de empleo formal.<\/p>\n<p>\u201cLa din\u00e1mica empresarial y las cifras que tenemos en la C\u00e1mara de Comercio muestran un crecimiento de m\u00e1s del 60 % en la creaci\u00f3n de empresas a una tasa del 5 % promedio anual en aquellas que pertenecen a cl\u00fasteres, destac\u00e1ndose all\u00ed las cadenas de valor de turismo (8,2 %), salud-farma (7,7 %) y espacios habitables (3,9 %)\u201d, dijo el ejecutivo.<\/p>\n<p>Explic\u00f3 que las empresas pertenecientes a la apuesta cl\u00faster de\u00a0<strong>C\u00e1mara de Comercio\u00a0<\/strong>comprenden, en conjunto, el 69 % de los activos totales y el 74 % de las ventas de todo el empresariado departamental.<\/p>\n<p>\u201cUna muestra de la sofisticaci\u00f3n del sector empresarial de Barranquilla es la presencia de dos marcas,\u00a0<strong>Tecnoglass\u00a0<\/strong>y Procaps, cotizando en los principales mercados burs\u00e1tiles internacionales, y por el otro la expansi\u00f3n a por lo menos 18 nuevos mercados internacionales de los bienes y servicios producidos en el departamento del Atl\u00e1ntico\u201d, destac\u00f3 Fern\u00e1ndez.<\/p>\n<div class=\"field-item even\">\n<div class=\"content-titulo\">\n<div class=\"titulo\">Apuesta por los cl\u00fasteres<\/div>\n<\/div>\n<\/div>\n<div class=\"field-item odd\">\n<div class=\"entity entity-paragraphs-item paragraphs-item-descripcion\">\n<div class=\"content\">\n<div class=\"field field-name-field-descripcion field-type-text-long field-label-hidden\">\n<div class=\"field-items\">\n<div class=\"field-item even\">\n<p>Desde la<strong>\u00a0C\u00e1mara de Comercio de Barranquilla<\/strong>\u00a0se busca promover el crecimiento de sectores clave para la econom\u00eda con el apoyo integral al tejido empresarial que los representa.<\/p>\n<p>Es as\u00ed como cre\u00f3 el Cl\u00faster Turismo enfocado en potencializar las fortalezas tanto del Atl\u00e1ntico como de\u00a0<strong>Barranquilla<\/strong>, priorizando la gastronom\u00eda, la cultura, la historia y el turismo sostenible.<\/p>\n<p>El Cl\u00faster Espacios Habitables est\u00e1 conformado por m\u00e1s de 10.000 empresas que desarrollan funciones asociadas con la construcci\u00f3n de edificaciones, y cuyo objetivo es promover la sofisticaci\u00f3n de productos y servicios para el sector.<\/p>\n<p>En 2022, este cl\u00faster aport\u00f3 el 15 % de los empleos formales del\u00a0<strong>Atl\u00e1ntico<\/strong>, con m\u00e1s de 65 mil puestos de trabajo.<\/p>\n<p>A su vez el Cl\u00faster Salud y Farma registra un aumento promedio del 110 % en la creaci\u00f3n de empresas.\n<\/p><\/div>\n<\/div>\n<\/div>\n<\/div>\n<\/div>\n<\/div>\n<div class=\"field-item even\">\n<div class=\"shares\"><\/div>\n<div class=\"content-titulo\">\n<div class=\"titulo\">Sectores din\u00e1micos<\/div>\n<\/div>\n<\/div>\n<div class=\"field-item odd\">\n<div class=\"entity entity-paragraphs-item paragraphs-item-descripcion\">\n<div class=\"content\">\n<div class=\"field field-name-field-descripcion field-type-text-long field-label-hidden\">\n<div class=\"field-items\">\n<div class=\"field-item even\">\n<p>La directora ejecutiva de la Corporaci\u00f3n Empresarial del Oriente del Atl\u00e1ntico (CEO), Diana Cantillo, afirm\u00f3 que en los \u00faltimos a\u00f1os las actividades con mayor participaci\u00f3n en el crecimiento econ\u00f3mico son la industria manufacturera y el comercio.<\/p>\n<p>\u201cSin embargo, la vocaci\u00f3n de la ciudad ha evolucionado tambi\u00e9n hacia una econom\u00eda de servicios, teniendo esta una participaci\u00f3n importante en los \u00faltimos cinco a\u00f1os en el PIB departamental\u201d, asever\u00f3.<\/p>\n<p>Resalt\u00f3 que las actividades comerciales y la industria manufacturera generan el mayor n\u00famero de empleos. La industria manufacturera entre 2015 y 2020 emple\u00f3 en promedio a 143.000 personas en el \u00e1rea metropolitana de\u00a0<strong>Barranquilla<\/strong>.<\/p>\n<p>\u201cDurante los \u00faltimos a\u00f1os, Barranquilla ha sido la ciudad que mayor crecimiento en t\u00e9rminos de PIB per c\u00e1pita ha presentado en el pa\u00eds y la que menos decreci\u00f3 en el periodo de la pandemia pese a las tendencias mundiales de estancamiento\u201d, explic\u00f3.<\/p>\n<p>De acuerdo con cifras de\u00a0<strong>la C\u00e1mara de Comercio de Barranquilla<\/strong>, en 2022 la industria manufacturera registr\u00f3 7.970 unidades productivas en su stock empresarial, equivalente al 10,4 % del tejido empresarial del Atl\u00e1ntico.<\/p>\n<p>Adicionalmente, el sector servicios ha contribuido a la actividad econ\u00f3mica con un incremento importante en el n\u00famero de visitantes al territorio, que a cifras de septiembre de 2022 rondaban los m\u00e1s de 125 mil internacionales y 900 mil nacionales, muy superior a las cifras de 2021.<\/p>\n<p>Diana Cantillo indic\u00f3 que el outsourcing o tercerizaci\u00f3n ha representado grandes beneficios para\u00a0<strong>Barranquilla\u00a0<\/strong>y el Atl\u00e1ntico porque ayuda a reducir costos, aumenta la productividad y promueve la competitividad.<\/p>\n<p>Dijo que los BPO son una fuente importante de empleo para j\u00f3venes y dem\u00e1s grupos de la poblaci\u00f3n econ\u00f3micamente activa. Seg\u00fan cifras de la<strong>\u00a0Asociaci\u00f3n Colombiana de BPO<\/strong>, en 2021 hab\u00eda aproximadamente unos 40 mil puestos de trabajo generados.<\/p>\n<p>\u201cEl crecimiento econ\u00f3mico que presenta Barranquilla\u00a0es destacado como uno\u00a0de los m\u00e1s din\u00e1micos de Colombia\u201d.<\/p>\n<div class=\"field-item even\">\n<div class=\"content-titulo\">\n<div class=\"titulo\">CEO: Los retos identificados<\/div>\n<\/div>\n<\/div>\n<div class=\"field-item odd\">\n<div class=\"entity entity-paragraphs-item paragraphs-item-descripcion\">\n<div class=\"content\">\n<div class=\"field field-name-field-descripcion field-type-text-long field-label-hidden\">\n<div class=\"field-items\">\n<div class=\"field-item even\">\n<p>Algunos retos que tienen las empresas para seguir creciendo son la navegabilidad por el r\u00edo magdalena y el canal de acceso a la zona portuaria de\u00a0<strong>Barranquilla<\/strong>, ya que la producci\u00f3n manufacturera de Barranquilla y el Atl\u00e1ntico se incrementa para producir para consumo interno, pero tambi\u00e9n para abastecer mercados internacionales.<\/p>\n<p>Sin un r\u00edo navegable, donde se garantice un calado todo el a\u00f1o que permita el acceso a los buques, hay una gran p\u00e9rdida de competitividad.<\/p>\n<p>El mantenimiento a v\u00edas que son clave para el acceso a las zonas industriales, la calle 30 (donde transitan aproximadamente 400 mil personas al d\u00eda), la prolongaci\u00f3n de la Murillo hasta la<strong>\u00a0v\u00eda Caracol\u00ed-Malambo y la Cordialidad<\/strong>, entre otras.<\/p>\n<p>Tomado de: El Heraldo<\/p>\n<\/div>\n<\/div>\n<\/div>\n<\/div>\n<\/div>\n<\/div>\n<\/div>\n<\/div>\n<\/div>\n<\/div>\n<\/div>\n<\/div>\n<\/div>\n<\/div>\n<\/div>\n<\/div>\n<\/div>\n<\/div>\n<\/div>\n<\/div>\n<\/div>\n","protected":false},"excerpt":{"rendered":"<p>Hay una mayor din\u00e1mica en el sector servicios que incluye log\u00edstica, turismo y BPO; se mantienen el comercio y la construcci\u00f3n.\u00a0Sigue la llegada de empresas industriales de capital extranjero o nacional. La actividad econ\u00f3mica de\u00a0Barranquilla\u00a0en los \u00faltimos a\u00f1os se ha diversificado de tal manera que ya no est\u00e1 concentrada en unos pocos sectores. Se ha<\/p>\n","protected":false},"author":1,"featured_media":10908,"comment_status":"closed","ping_status":"closed","sticky":false,"template":"","format":"standard","meta":{"footnotes":""},"categories":[342,181],"tags":[],"class_list":["post-10907","post","type-post","status-publish","format-standard","has-post-thumbnail","hentry","category-news","category-noticias"],"views":108,"_links":{"self":[{"href":"https:\/\/www.amchambaq.com\/es_co\/wp-json\/wp\/v2\/posts\/10907","targetHints":{"allow":["GET"]}}],"collection":[{"href":"https:\/\/www.amchambaq.com\/es_co\/wp-json\/wp\/v2\/posts"}],"about":[{"href":"https:\/\/www.amchambaq.com\/es_co\/wp-json\/wp\/v2\/types\/post"}],"author":[{"embeddable":true,"href":"https:\/\/www.amchambaq.com\/es_co\/wp-json\/wp\/v2\/users\/1"}],"replies":[{"embeddable":true,"href":"https:\/\/www.amchambaq.com\/es_co\/wp-json\/wp\/v2\/comments?post=10907"}],"version-history":[{"count":1,"href":"https:\/\/www.amchambaq.com\/es_co\/wp-json\/wp\/v2\/posts\/10907\/revisions"}],"predecessor-version":[{"id":10909,"href":"https:\/\/www.amchambaq.com\/es_co\/wp-json\/wp\/v2\/posts\/10907\/revisions\/10909"}],"wp:featuredmedia":[{"embeddable":true,"href":"https:\/\/www.amchambaq.com\/es_co\/wp-json\/wp\/v2\/media\/10908"}],"wp:attachment":[{"href":"https:\/\/www.amchambaq.com\/es_co\/wp-json\/wp\/v2\/media?parent=10907"}],"wp:term":[{"taxonomy":"category","embeddable":true,"href":"https:\/\/www.amchambaq.com\/es_co\/wp-json\/wp\/v2\/categories?post=10907"},{"taxonomy":"post_tag","embeddable":true,"href":"https:\/\/www.amchambaq.com\/es_co\/wp-json\/wp\/v2\/tags?post=10907"}],"curies":[{"name":"wp","href":"https:\/\/api.w.org\/{rel}","templated":true}]}}