{"id":10884,"date":"2023-04-03T17:14:42","date_gmt":"2023-04-03T22:14:42","guid":{"rendered":"https:\/\/www.amchambaq.com\/?p=10884"},"modified":"2023-04-03T17:14:42","modified_gmt":"2023-04-03T22:14:42","slug":"olimpica-inaugura-su-central-de-produccion-de-panaderia-en-malambo","status":"publish","type":"post","link":"https:\/\/www.amchambaq.com\/es_co\/olimpica-inaugura-su-central-de-produccion-de-panaderia-en-malambo\/","title":{"rendered":"Ol\u00edmpica inaugura su central de producci\u00f3n de panader\u00eda en Malambo"},"content":{"rendered":"<p>Con el objetivo de incrementar su capacidad productiva,\u00a0<strong>Ol\u00edmpica\u00a0<\/strong>inaugura su\u00a0<strong>Central de Producci\u00f3n de Panader\u00eda<\/strong>, ocupando un \u00e1rea de 6.898 mt2, que la convierte en la m\u00e1s grande de la\u00a0<strong>Costa.<\/strong><\/p>\n<div class=\"field-item odd\">\n<div class=\"entity entity-paragraphs-item paragraphs-item-descripcion\">\n<div class=\"content\">\n<div class=\"field field-name-field-descripcion field-type-text-long field-label-hidden\">\n<div class=\"field-items\">\n<div class=\"field-item even\">\n<p>Esta planta, ubicada en\u00a0<strong>Malambo, Atl\u00e1ntico<\/strong>, es una las inversiones m\u00e1s importantes de la compa\u00f1\u00eda en materia de innovaci\u00f3n por un valor superior a<strong>\u00a0$40.000 millones\u00a0<\/strong>y cuenta con tecnolog\u00eda de primera calidad al interior de sus instalaciones.<\/p>\n<p>El proyecto impactar\u00e1 positivamente en cuatro l\u00edneas de producto (l\u00ednea industrial, pan a granel, reposter\u00eda y hojaldre), con capacidad hasta de\u00a0<strong>34.000 piezas<\/strong>\u00a0elaboradas por hora.<\/p>\n<p>Adem\u00e1s, su funcionamiento permitir\u00e1 generar aproximadamente\u00a0<strong>200 empleos<\/strong>\u00a0directos e indirectos, fundamentales para el desarrollo de la regi\u00f3n y la apertura de nuevas oportunidades para los integrantes de la cadena de valor.<\/p>\n<p>\u201cLe apostamos a la ampliaci\u00f3n de nuestra capacidad de producci\u00f3n, en un segmento que ha ganado relevancia como parte de la tradici\u00f3n colombiana, para satisfacer e incrementar la demanda del mercado, con productos de la m\u00e1s alta calidad. Estamos comprometidos con lograr un mayor reconocimiento de nuestra marca propia a trav\u00e9s de la entrega de una variedad de productos cuya frescura est\u00e1 asegurada desde el punto de fabricaci\u00f3n hasta los puntos de venta\u201d, indic\u00f3\u00a0<strong>Mauricio Char,<\/strong>\u00a0vicepresidente de<strong>\u00a0Operaciones en Supertiendas y Droguer\u00edas Ol\u00edmpica.<\/strong><\/p>\n<p>La panificadora se suma a los 71 establecimientos de\u00a0<strong>Ol\u00edmpica<\/strong>\u00a0que cuenta con paneles solares sobre sus cubiertas.<\/p>\n<p>De esta forma, la planta genera en promedio el\u00a0<strong>30 %\u00a0<\/strong>de la energ\u00eda que necesita para sus procesos operativos, lo que permite ser eficientes y reducir significativamente el impacto ambiental.<\/p>\n<p>Tomado de: EL HERALDO<\/p>\n<\/div>\n<\/div>\n<\/div>\n<\/div>\n<\/div>\n<\/div>\n<div class=\"field-item even\">\n<div id=\"relacionado-body\">\n<div class=\"box-title\"><\/div>\n<\/div>\n<\/div>\n","protected":false},"excerpt":{"rendered":"<p>Con el objetivo de incrementar su capacidad productiva,\u00a0Ol\u00edmpica\u00a0inaugura su\u00a0Central de Producci\u00f3n de Panader\u00eda, ocupando un \u00e1rea de 6.898 mt2, que la convierte en la m\u00e1s grande de la\u00a0Costa. Esta planta, ubicada en\u00a0Malambo, Atl\u00e1ntico, es una las inversiones m\u00e1s importantes de la compa\u00f1\u00eda en materia de innovaci\u00f3n por un valor superior a\u00a0$40.000 millones\u00a0y cuenta con tecnolog\u00eda<\/p>\n","protected":false},"author":1,"featured_media":10885,"comment_status":"closed","ping_status":"closed","sticky":false,"template":"","format":"standard","meta":{"footnotes":""},"categories":[342,181],"tags":[],"class_list":["post-10884","post","type-post","status-publish","format-standard","has-post-thumbnail","hentry","category-news","category-noticias"],"views":110,"_links":{"self":[{"href":"https:\/\/www.amchambaq.com\/es_co\/wp-json\/wp\/v2\/posts\/10884","targetHints":{"allow":["GET"]}}],"collection":[{"href":"https:\/\/www.amchambaq.com\/es_co\/wp-json\/wp\/v2\/posts"}],"about":[{"href":"https:\/\/www.amchambaq.com\/es_co\/wp-json\/wp\/v2\/types\/post"}],"author":[{"embeddable":true,"href":"https:\/\/www.amchambaq.com\/es_co\/wp-json\/wp\/v2\/users\/1"}],"replies":[{"embeddable":true,"href":"https:\/\/www.amchambaq.com\/es_co\/wp-json\/wp\/v2\/comments?post=10884"}],"version-history":[{"count":1,"href":"https:\/\/www.amchambaq.com\/es_co\/wp-json\/wp\/v2\/posts\/10884\/revisions"}],"predecessor-version":[{"id":10886,"href":"https:\/\/www.amchambaq.com\/es_co\/wp-json\/wp\/v2\/posts\/10884\/revisions\/10886"}],"wp:featuredmedia":[{"embeddable":true,"href":"https:\/\/www.amchambaq.com\/es_co\/wp-json\/wp\/v2\/media\/10885"}],"wp:attachment":[{"href":"https:\/\/www.amchambaq.com\/es_co\/wp-json\/wp\/v2\/media?parent=10884"}],"wp:term":[{"taxonomy":"category","embeddable":true,"href":"https:\/\/www.amchambaq.com\/es_co\/wp-json\/wp\/v2\/categories?post=10884"},{"taxonomy":"post_tag","embeddable":true,"href":"https:\/\/www.amchambaq.com\/es_co\/wp-json\/wp\/v2\/tags?post=10884"}],"curies":[{"name":"wp","href":"https:\/\/api.w.org\/{rel}","templated":true}]}}