{"id":10853,"date":"2023-03-31T09:12:36","date_gmt":"2023-03-31T14:12:36","guid":{"rendered":"https:\/\/www.amchambaq.com\/?p=10853"},"modified":"2023-03-31T09:12:36","modified_gmt":"2023-03-31T14:12:36","slug":"banco-de-la-republica-subio-la-tasa-a-13-la-mas-alta-en-23-anos","status":"publish","type":"post","link":"https:\/\/www.amchambaq.com\/es_co\/banco-de-la-republica-subio-la-tasa-a-13-la-mas-alta-en-23-anos\/","title":{"rendered":"Banco de la Rep\u00fablica subi\u00f3 la tasa a 13 %, la m\u00e1s alta en 23 a\u00f1os"},"content":{"rendered":"<p>La junta del Emisor\u00a0decidi\u00f3 un incremento de 25 puntos b\u00e1sicos.<\/p>\n<p>La Junta Directiva del Banco de la Rep\u00fablica decidi\u00f3 por unanimidad incrementar en\u00a0<strong>25 puntos b\u00e1sicos<\/strong>\u00a0la tasa de inter\u00e9s de pol\u00edtica monetaria llev\u00e1ndola a 13 %, convirti\u00e9ndola en la m\u00e1s alta en 23 a\u00f1os.<\/p>\n<p>Durante la reuni\u00f3n del\u00a0<strong>Emisor<\/strong>, se explic\u00f3 que la inflaci\u00f3n en enero y febrero present\u00f3 incrementos mensuales inferiores a los observados a lo largo de 2022.<\/p>\n<p>\u201cLa inflaci\u00f3n anual de alimentos inici\u00f3 2023 con descensos progresivos que la ubican en febrero en\u00a0<strong>24,1 %,<\/strong>\u00a0<strong>sensiblemente\u00a0<\/strong>por debajo del dato de diciembre (27,8 %). Estos resultados sugieren que la tasa de inflaci\u00f3n se\u00a0<strong>aproxima<\/strong>\u00a0a su techo, a partir del cual iniciar\u00eda el descenso previsto para 2023\u201d, explic\u00f3 Leonardo Villar, gerente del Banco de la Rep\u00fablica.<\/p>\n<div class=\"field-item odd\">\n<div class=\"entity entity-paragraphs-item paragraphs-item-descripcion\">\n<div class=\"content\">\n<div class=\"field field-name-field-descripcion field-type-text-long field-label-hidden\">\n<div class=\"field-items\">\n<div class=\"field-item even\">\n<p>Agreg\u00f3 que las expectativas de inflaci\u00f3n comienzan a incorporar estas noticias positivas sobre el\u00a0<strong>comportamiento\u00a0<\/strong>reciente de la inflaci\u00f3n.<\/p>\n<\/div>\n<\/div>\n<\/div>\n<\/div>\n<\/div>\n<\/div>\n<div class=\"field-item even\">\n<div class=\"box-title\">\n<p>\u201cLa encuesta a los\u00a0<strong>analistas econ\u00f3micos\u00a0<\/strong>que el Banco de la Rep\u00fablica llev\u00f3 a cabo en marzo mostr\u00f3 que la expectativa de inflaci\u00f3n a 12 meses cay\u00f3 de 7, 7% en enero a 7,2 % en marzo en la mediana de la muestra. Algo similar se observ\u00f3 para la correspondiente\u00a0<strong>expectativa\u00a0<\/strong>a 24 meses que descendi\u00f3 de 4,5 % a 4 %\u201d, puntualiz\u00f3 el gerente.<\/p>\n<p>Villar record\u00f3 que el \u00edndice de seguimiento a la econom\u00eda (ISE) registr\u00f3 una variaci\u00f3n anual de 5,8% en enero, mayor a la de diciembre (1,2 %) y a la\u00a0<strong>esperada\u00a0<\/strong>por el equipo t\u00e9cnico (3,2 %).<\/p>\n<p>\u201cEl equipo t\u00e9cnico aument\u00f3 su pron\u00f3stico de\u00a0<strong>crecimiento\u00a0<\/strong>del PIB para 2023 del 0,2 % al 0,84 %. A pesar de esta revisi\u00f3n al alza, la actividad econ\u00f3mica sigue caracterizada por una desaceleraci\u00f3n importante\u201d, dijo.<\/p>\n<p>Agreg\u00f3 que entre enero y marzo la volatilidad en los\u00a0<strong>mercados internacionales\u00a0<\/strong>ha sido excepcional, debido a los problemas de estabilidad financiera en Estados Unidos y algunos pa\u00edses europeos.<\/p>\n<p>\u201cEsta situaci\u00f3n ha a\u00f1adido incertidumbre sobre la evoluci\u00f3n de la econom\u00eda mundial, pero sus efectos sobre la\u00a0<strong>econom\u00eda colombiana\u00a0<\/strong>han sido limitados\u201d, destac\u00f3 el gerente del Banco de la Rep\u00fablica.<\/p>\n<p>El Emisor concluy\u00f3 que con la decisi\u00f3n, la\u00a0<strong>pol\u00edtica monetaria\u00a0<\/strong>contin\u00faa con su objetivo de llevar la inflaci\u00f3n hacia su meta de 3 %.<\/p>\n<p>El ministro de Hacienda, Jos\u00e9 Antonio Ocampo, mostr\u00f3 su optimismo ante un posible techo en los tipos de inter\u00e9s.<\/p>\n<p>\u201cSi en marzo se ve una disminuci\u00f3n de la inflaci\u00f3n es posible que lleguemos al techo en la tasa de inter\u00e9s, pero depender\u00e1 de los datos del mes. Igual soy optimista\u201d, sostuvo Ocampo.<\/p>\n<p>Tomado de : El Heraldo<\/p>\n<\/div>\n<\/div>\n","protected":false},"excerpt":{"rendered":"<p>La junta del Emisor\u00a0decidi\u00f3 un incremento de 25 puntos b\u00e1sicos. La Junta Directiva del Banco de la Rep\u00fablica decidi\u00f3 por unanimidad incrementar en\u00a025 puntos b\u00e1sicos\u00a0la tasa de inter\u00e9s de pol\u00edtica monetaria llev\u00e1ndola a 13 %, convirti\u00e9ndola en la m\u00e1s alta en 23 a\u00f1os. Durante la reuni\u00f3n del\u00a0Emisor, se explic\u00f3 que la inflaci\u00f3n en enero y<\/p>\n","protected":false},"author":1,"featured_media":10854,"comment_status":"closed","ping_status":"closed","sticky":false,"template":"","format":"standard","meta":{"footnotes":""},"categories":[342,181],"tags":[],"class_list":["post-10853","post","type-post","status-publish","format-standard","has-post-thumbnail","hentry","category-news","category-noticias"],"views":74,"_links":{"self":[{"href":"https:\/\/www.amchambaq.com\/es_co\/wp-json\/wp\/v2\/posts\/10853","targetHints":{"allow":["GET"]}}],"collection":[{"href":"https:\/\/www.amchambaq.com\/es_co\/wp-json\/wp\/v2\/posts"}],"about":[{"href":"https:\/\/www.amchambaq.com\/es_co\/wp-json\/wp\/v2\/types\/post"}],"author":[{"embeddable":true,"href":"https:\/\/www.amchambaq.com\/es_co\/wp-json\/wp\/v2\/users\/1"}],"replies":[{"embeddable":true,"href":"https:\/\/www.amchambaq.com\/es_co\/wp-json\/wp\/v2\/comments?post=10853"}],"version-history":[{"count":1,"href":"https:\/\/www.amchambaq.com\/es_co\/wp-json\/wp\/v2\/posts\/10853\/revisions"}],"predecessor-version":[{"id":10855,"href":"https:\/\/www.amchambaq.com\/es_co\/wp-json\/wp\/v2\/posts\/10853\/revisions\/10855"}],"wp:featuredmedia":[{"embeddable":true,"href":"https:\/\/www.amchambaq.com\/es_co\/wp-json\/wp\/v2\/media\/10854"}],"wp:attachment":[{"href":"https:\/\/www.amchambaq.com\/es_co\/wp-json\/wp\/v2\/media?parent=10853"}],"wp:term":[{"taxonomy":"category","embeddable":true,"href":"https:\/\/www.amchambaq.com\/es_co\/wp-json\/wp\/v2\/categories?post=10853"},{"taxonomy":"post_tag","embeddable":true,"href":"https:\/\/www.amchambaq.com\/es_co\/wp-json\/wp\/v2\/tags?post=10853"}],"curies":[{"name":"wp","href":"https:\/\/api.w.org\/{rel}","templated":true}]}}