{"id":10844,"date":"2023-03-30T09:42:56","date_gmt":"2023-03-30T14:42:56","guid":{"rendered":"https:\/\/www.amchambaq.com\/?p=10844"},"modified":"2023-03-30T09:42:56","modified_gmt":"2023-03-30T14:42:56","slug":"volcar-el-desarrollo-economico-hacia-el-turismo-debe-dejar-de-ser-una-retorica-y-volverse-una-prioridad-amcham-colombia","status":"publish","type":"post","link":"https:\/\/www.amchambaq.com\/es_co\/volcar-el-desarrollo-economico-hacia-el-turismo-debe-dejar-de-ser-una-retorica-y-volverse-una-prioridad-amcham-colombia\/","title":{"rendered":"Volcar el desarrollo econ\u00f3mico hacia el turismo debe dejar de ser una ret\u00f3rica y volverse una prioridad: AmCham Colombia"},"content":{"rendered":"<h2>La Presidenta de la C\u00e1mara Colombo Americana asegur\u00f3 que el turismo no solo contribuye significativamente al crecimiento econ\u00f3mico sino a la generaci\u00f3n de empleo, pero se debe fortalecer la seguridad que es el principal reto del sector en el Gobierno actual.<\/h2>\n<p><strong>Bogot\u00e1, 28 de marzo de 2023 (AmCham Colombia).-<\/strong>\u00a0Colombia debe avanzar en su determinaci\u00f3n de volcar el desarrollo econ\u00f3mico hacia el turismo, teniendo en cuenta que este sector impacta positivamente a toda una cadena de subsectores y es un gran generador de empleo en las regiones; as\u00ed mismo se debe fortalecer la seguridad f\u00edsica y jur\u00eddica para mantener el crecimiento tur\u00edstico que ha tenido el pa\u00eds en los \u00faltimos a\u00f1os.<\/p>\n<p>Este fue el llamado de la presidenta de la C\u00e1mara de Comercio Colombo Americana, AmCham Colombia, Mar\u00eda Claudia Lacouture, durante el foro \u2018Reto Regiones: una gran conversaci\u00f3n del territorio\u2019, organizado por Prisa Media, Caracol Radio, W Radio y EP Am\u00e9rica, en el que se discutieron los diferentes desaf\u00edos a los que se enfrentan actualmente las regiones en Colombia.<\/p>\n<p>\u201cEl turismo tiene una bondad que otros sectores no tienen y es que es un generador de una cadena de m\u00e1s de 50 subsectores, el turismo es agricultura, el turismo es vivienda, el turismo es transporte, el turismo es recurso humano, el turismo es paz, el turismo reacciona de forma positiva generando empleo y brindando una raz\u00f3n de vida para las regiones\u201d, destac\u00f3 Lacouture.<\/p>\n<p>Agreg\u00f3 que, por esas razones, la determinaci\u00f3n de volcar el desarrollo econ\u00f3mico hacia el turismo debe dejar de ser una ret\u00f3rica y volverse realmente una acci\u00f3n que se muestre en prioridad, recursos y, dentro de eso, la seguridad.<\/p>\n<p>\u201cEl principal reto del turismo en este Gobierno es la seguridad porque efectivamente para cualquier turista nacional o internacional lo que prima, m\u00e1s que el costo y la misma experiencia, es regresar a su hogar sano y salvo, esa es la principal variable para los turistas, sobre todo en un turismo donde nosotros tenemos toda la oportunidad para atraerlos que es un turismo de naturaleza\u201d, enfatiz\u00f3 la Presidenta de AmCham Colombia.<\/p>\n<p>En ese sentido, para Lacouture, la seguridad es una necesidad urgente en las regiones porque, cada vez m\u00e1s, no solo en los medios nacionales sino internacionales, se registran noticias de turistas extranjeros haciendo un llamado a otros para que no viajen a Colombia por temas de seguridad.<\/p>\n<p>\u201cEl tema de la seguridad que se logr\u00f3 de una u otra forma poner a un segundo lugar, no podemos darnos el lujo de que en Colombia vuelva al primer lugar. De ser as\u00ed, volvemos a una problem\u00e1tica muy grande y es que la percepci\u00f3n es muy dif\u00edcil de cambiar, toma tiempo y resultados con n\u00fameros contundentes, por eso, nuestro pa\u00eds no puede regresar a los niveles de inseguridad que en su momento tuvimos\u201d, advirti\u00f3 Lacouture.<\/p>\n<p>Vea la participaci\u00f3n de la Presidenta de AmCham Colombia en el Reto Regiones de Bogot\u00e1 aqu\u00ed:<\/p>\n<p>Al respecto,\u00a0el presidente de la Sociedad de Agricultores de Colombia (SAC),\u00a0Jorge Bedoya, coincidi\u00f3 en que, actualmente, el gran reto del turismo en la seguridad, no solo f\u00edsica sino jur\u00eddica.<\/p>\n<p>\u201cAdem\u00e1s de la seguridad f\u00edsica, se debe fortalecer la seguridad jur\u00eddica porque va de la mano de poder hacer inversiones. Nosotros en su momento lo vivimos en el \u00faltimo momento del Gobierno del presidente Santos con el decreto de la L\u00ednea Negra, aqu\u00ed hemos dado una discusi\u00f3n en Colombia sobre el Acuerdo de Escaz\u00fa y lo que eso va a generar en materia de inversiones, y ahora a prop\u00f3sito de las reformas que el Gobierno est\u00e1 llevando al Congreso, en particular la laboral\u201d, resalt\u00f3 Bedoya.<\/p>\n<p>Sobre este \u00faltimo punto, a\u00f1adi\u00f3 que ah\u00ed s\u00ed que hay una necesidad de tener seguridad jur\u00eddica para algo que es del coraz\u00f3n del campo tambi\u00e9n que es el agroturismo, las carreteras y otros aspectos clave como la generaci\u00f3n de empleo. \u201cEsa generaci\u00f3n de empleo precisamente, si se quiere que sea empleo formal, requiere de una buena reforma laboral\u201d, puntualiz\u00f3 el presidente de la SAC.<\/p>\n<p>Tomado de: Amcham Colombia<\/p>\n","protected":false},"excerpt":{"rendered":"<p>La Presidenta de la C\u00e1mara Colombo Americana asegur\u00f3 que el turismo no solo contribuye significativamente al crecimiento econ\u00f3mico sino a la generaci\u00f3n de empleo, pero se debe fortalecer la seguridad que es el principal reto del sector en el Gobierno actual. Bogot\u00e1, 28 de marzo de 2023 (AmCham Colombia).-\u00a0Colombia debe avanzar en su determinaci\u00f3n de<\/p>\n","protected":false},"author":1,"featured_media":10845,"comment_status":"closed","ping_status":"closed","sticky":false,"template":"","format":"standard","meta":{"footnotes":""},"categories":[342,181],"tags":[],"class_list":["post-10844","post","type-post","status-publish","format-standard","has-post-thumbnail","hentry","category-news","category-noticias"],"views":80,"_links":{"self":[{"href":"https:\/\/www.amchambaq.com\/es_co\/wp-json\/wp\/v2\/posts\/10844","targetHints":{"allow":["GET"]}}],"collection":[{"href":"https:\/\/www.amchambaq.com\/es_co\/wp-json\/wp\/v2\/posts"}],"about":[{"href":"https:\/\/www.amchambaq.com\/es_co\/wp-json\/wp\/v2\/types\/post"}],"author":[{"embeddable":true,"href":"https:\/\/www.amchambaq.com\/es_co\/wp-json\/wp\/v2\/users\/1"}],"replies":[{"embeddable":true,"href":"https:\/\/www.amchambaq.com\/es_co\/wp-json\/wp\/v2\/comments?post=10844"}],"version-history":[{"count":1,"href":"https:\/\/www.amchambaq.com\/es_co\/wp-json\/wp\/v2\/posts\/10844\/revisions"}],"predecessor-version":[{"id":10846,"href":"https:\/\/www.amchambaq.com\/es_co\/wp-json\/wp\/v2\/posts\/10844\/revisions\/10846"}],"wp:featuredmedia":[{"embeddable":true,"href":"https:\/\/www.amchambaq.com\/es_co\/wp-json\/wp\/v2\/media\/10845"}],"wp:attachment":[{"href":"https:\/\/www.amchambaq.com\/es_co\/wp-json\/wp\/v2\/media?parent=10844"}],"wp:term":[{"taxonomy":"category","embeddable":true,"href":"https:\/\/www.amchambaq.com\/es_co\/wp-json\/wp\/v2\/categories?post=10844"},{"taxonomy":"post_tag","embeddable":true,"href":"https:\/\/www.amchambaq.com\/es_co\/wp-json\/wp\/v2\/tags?post=10844"}],"curies":[{"name":"wp","href":"https:\/\/api.w.org\/{rel}","templated":true}]}}