{"id":10816,"date":"2023-03-24T09:07:08","date_gmt":"2023-03-24T14:07:08","guid":{"rendered":"https:\/\/www.amchambaq.com\/?p=10816"},"modified":"2023-03-24T09:07:08","modified_gmt":"2023-03-24T14:07:08","slug":"jefa-del-comando-sur-de-estados-unidos-dice-que-relacion-con-colombia-va-excelente","status":"publish","type":"post","link":"https:\/\/www.amchambaq.com\/es_co\/jefa-del-comando-sur-de-estados-unidos-dice-que-relacion-con-colombia-va-excelente\/","title":{"rendered":"Jefa del Comando Sur de Estados Unidos dice que relaci\u00f3n con Colombia va excelente"},"content":{"rendered":"<p>La declaraci\u00f3n se dio durante una audiencia en el Senado con funcionarios p\u00fablicos del Gobierno estadounidense, en Washington D.C.<\/p>\n<p>La general Laura Richardson, jefa del Comando Sur de Estados Unidos dijo que la relaci\u00f3n bilateral entre el Gobierno de Joe Biden y el de Gustavo Petro est\u00e1 en\u00a0<strong>&#8220;excelente estado&#8221;<\/strong>, durante una sesi\u00f3n con congresistas del pa\u00eds potencia en Washignton D.C.<\/p>\n<p>\u201cNuestra relaci\u00f3n con Colombia es muy, muy fuerte y sigue si\u00e9ndolo. No hemos cancelado nada.\u00a0<strong>Contin\u00faa toda la cooperaci\u00f3n y esa relaci\u00f3n no puede ser m\u00e1s fuerte de lo que hoy es\u201d<\/strong>, resalt\u00f3 Richardson en una audiencia en el Senado de los Estados Unidos.<\/p>\n<div class=\"news economiaSect\">\n<div class=\"html-content\">\n<p>Adem\u00e1s, durante la audiencia, la general Richardson respondi\u00f3 a preguntas respecto al Senador Timothy Kaine, dem\u00f3crata del estado de Virginia sobre la situaci\u00f3n actual de la relaci\u00f3n bilateral entre\u00a0<strong>Washington y Bogot\u00e1.<\/strong><\/p>\n<p>Dicha audiencia fue convocada para revisar el\u00a0<strong>presupuesto militar de Estados Unidos en lo que se refiere al a\u00f1o 2024.<\/strong>\u00a0En el espacio, tambi\u00e9n participaron miembros de la c\u00fapula militar de la administraci\u00f3n de Biden.<\/p>\n<\/div>\n<\/div>\n<div class=\"mt-5\">Tomado de: La Republica<\/div>\n","protected":false},"excerpt":{"rendered":"<p>La declaraci\u00f3n se dio durante una audiencia en el Senado con funcionarios p\u00fablicos del Gobierno estadounidense, en Washington D.C. La general Laura Richardson, jefa del Comando Sur de Estados Unidos dijo que la relaci\u00f3n bilateral entre el Gobierno de Joe Biden y el de Gustavo Petro est\u00e1 en\u00a0&#8220;excelente estado&#8221;, durante una sesi\u00f3n con congresistas del<\/p>\n","protected":false},"author":1,"featured_media":10817,"comment_status":"closed","ping_status":"closed","sticky":false,"template":"","format":"standard","meta":{"footnotes":""},"categories":[342,181],"tags":[],"class_list":["post-10816","post","type-post","status-publish","format-standard","has-post-thumbnail","hentry","category-news","category-noticias"],"views":55,"_links":{"self":[{"href":"https:\/\/www.amchambaq.com\/es_co\/wp-json\/wp\/v2\/posts\/10816","targetHints":{"allow":["GET"]}}],"collection":[{"href":"https:\/\/www.amchambaq.com\/es_co\/wp-json\/wp\/v2\/posts"}],"about":[{"href":"https:\/\/www.amchambaq.com\/es_co\/wp-json\/wp\/v2\/types\/post"}],"author":[{"embeddable":true,"href":"https:\/\/www.amchambaq.com\/es_co\/wp-json\/wp\/v2\/users\/1"}],"replies":[{"embeddable":true,"href":"https:\/\/www.amchambaq.com\/es_co\/wp-json\/wp\/v2\/comments?post=10816"}],"version-history":[{"count":1,"href":"https:\/\/www.amchambaq.com\/es_co\/wp-json\/wp\/v2\/posts\/10816\/revisions"}],"predecessor-version":[{"id":10818,"href":"https:\/\/www.amchambaq.com\/es_co\/wp-json\/wp\/v2\/posts\/10816\/revisions\/10818"}],"wp:featuredmedia":[{"embeddable":true,"href":"https:\/\/www.amchambaq.com\/es_co\/wp-json\/wp\/v2\/media\/10817"}],"wp:attachment":[{"href":"https:\/\/www.amchambaq.com\/es_co\/wp-json\/wp\/v2\/media?parent=10816"}],"wp:term":[{"taxonomy":"category","embeddable":true,"href":"https:\/\/www.amchambaq.com\/es_co\/wp-json\/wp\/v2\/categories?post=10816"},{"taxonomy":"post_tag","embeddable":true,"href":"https:\/\/www.amchambaq.com\/es_co\/wp-json\/wp\/v2\/tags?post=10816"}],"curies":[{"name":"wp","href":"https:\/\/api.w.org\/{rel}","templated":true}]}}