{"id":10812,"date":"2023-03-24T09:03:02","date_gmt":"2023-03-24T14:03:02","guid":{"rendered":"https:\/\/www.amchambaq.com\/?p=10812"},"modified":"2023-03-24T09:03:02","modified_gmt":"2023-03-24T14:03:02","slug":"mas-del-60-de-los-barranquilleros-estan-orgullosos-de-la-ciudad","status":"publish","type":"post","link":"https:\/\/www.amchambaq.com\/es_co\/mas-del-60-de-los-barranquilleros-estan-orgullosos-de-la-ciudad\/","title":{"rendered":"M\u00e1s del 60 % de los barranquilleros est\u00e1n orgullosos de la ciudad"},"content":{"rendered":"<p>Este mi\u00e9rcoles se conocieron los resultados de la m\u00e1s reciente encuesta de Barranquilla C\u00f3mo Vamos. Alcalde Jaime Pumarejo cuenta con una imagen favorable del 70 %.<\/p>\n<p>El\u00a0<strong>54 % de los barranquilleros<\/strong>\u00a0creen que las cosas van por buen camino en la ciudad. Este es el dato que se desprende de los resultados de la encuesta de percepci\u00f3n ciudadana\u00a0<strong>\u2018Barranquilla C\u00f3mo Vamos\u2019<\/strong>\u00a0correspondiente al a\u00f1o 2022 y que se dieron a conocer este martes.<\/p>\n<p>Seg\u00fan este resultado, el optimismo en la ciudad se vio duramente golpeado por la pandemia al tener una\u00a0<strong>disminuci\u00f3n\u00a0<\/strong>de 20 puntos porcentuales en comparaci\u00f3n con 2019, cuando el 74 % consideraba que la ciudad iba por\u00a0<strong>buen\u00a0camino<\/strong>.<\/p>\n<p>En este \u00edtem, los\u00a0<strong>residentes\u00a0<\/strong>de la localidad Norte-Centro Hist\u00f3rico (62 %) creen, en mayor medida, que la ciudad va por buen camino. Est\u00e1n seguidos por los habitantes de las localidades\u00a0<strong>Riomar\u00a0<\/strong>(57 %) y Metropolitana (53 %).<\/p>\n<p>El 62 % se siente orgulloso de Barranquilla y\u00a0 tambi\u00e9n sufri\u00f3 una\u00a0<strong>reducci\u00f3n\u00a0relevante<\/strong>\u00a0(25 puntos porcentuales) en comparaci\u00f3n con los resultados del a\u00f1o 2019, cuando se realiz\u00f3 la \u00faltima encuesta de forma presencial. En ese momento, el\u00a0<strong>87 %<\/strong>\u00a0de los encuestados se encontr\u00f3 de acuerdo con esta tesis.<\/p>\n<p>Al ser indagados sobre si se sienten satisfechos con Barranquilla como un lugar para vivir: el\u00a0<strong>73 %<\/strong>\u00a0asegur\u00f3 estar satisfecho, el 14 % se mostr\u00f3 neutro y el 13 % se declar\u00f3 como\u00a0<strong>insatisfecho<\/strong>.<\/p>\n<p>En\u00a0<strong>2019<\/strong>, cabe recordar, esta idea fue respaldada por el 85 % de los ciudadanos, lo que corresponde a una disminuci\u00f3n de\u00a0<strong>12 puntos porcentuales.<\/strong><\/p>\n<p>Al evaluar a la ciudad frente al a\u00f1o anterior, el 24 % piensa que ser\u00e1 mucho mejor y otro\u00a0<strong>35\u00a0%\u00a0<\/strong>cree que ser\u00e1 mejor. El 25 % se decant\u00f3 por la opci\u00f3n de \u2018ni mejor ni peor\u2019, mientras que el resto\u00a0 cree que\u00a0<strong>ser\u00e1\u00a0peor<\/strong>\u00a0y mucho peor (14 % y 3 %, respectivamente.)<\/p>\n<p>Tomado del : El Heraldo<\/p>\n","protected":false},"excerpt":{"rendered":"<p>Este mi\u00e9rcoles se conocieron los resultados de la m\u00e1s reciente encuesta de Barranquilla C\u00f3mo Vamos. Alcalde Jaime Pumarejo cuenta con una imagen favorable del 70 %. El\u00a054 % de los barranquilleros\u00a0creen que las cosas van por buen camino en la ciudad. Este es el dato que se desprende de los resultados de la encuesta de<\/p>\n","protected":false},"author":1,"featured_media":10813,"comment_status":"closed","ping_status":"closed","sticky":false,"template":"","format":"standard","meta":{"footnotes":""},"categories":[342,181],"tags":[],"class_list":["post-10812","post","type-post","status-publish","format-standard","has-post-thumbnail","hentry","category-news","category-noticias"],"views":47,"_links":{"self":[{"href":"https:\/\/www.amchambaq.com\/es_co\/wp-json\/wp\/v2\/posts\/10812","targetHints":{"allow":["GET"]}}],"collection":[{"href":"https:\/\/www.amchambaq.com\/es_co\/wp-json\/wp\/v2\/posts"}],"about":[{"href":"https:\/\/www.amchambaq.com\/es_co\/wp-json\/wp\/v2\/types\/post"}],"author":[{"embeddable":true,"href":"https:\/\/www.amchambaq.com\/es_co\/wp-json\/wp\/v2\/users\/1"}],"replies":[{"embeddable":true,"href":"https:\/\/www.amchambaq.com\/es_co\/wp-json\/wp\/v2\/comments?post=10812"}],"version-history":[{"count":2,"href":"https:\/\/www.amchambaq.com\/es_co\/wp-json\/wp\/v2\/posts\/10812\/revisions"}],"predecessor-version":[{"id":10815,"href":"https:\/\/www.amchambaq.com\/es_co\/wp-json\/wp\/v2\/posts\/10812\/revisions\/10815"}],"wp:featuredmedia":[{"embeddable":true,"href":"https:\/\/www.amchambaq.com\/es_co\/wp-json\/wp\/v2\/media\/10813"}],"wp:attachment":[{"href":"https:\/\/www.amchambaq.com\/es_co\/wp-json\/wp\/v2\/media?parent=10812"}],"wp:term":[{"taxonomy":"category","embeddable":true,"href":"https:\/\/www.amchambaq.com\/es_co\/wp-json\/wp\/v2\/categories?post=10812"},{"taxonomy":"post_tag","embeddable":true,"href":"https:\/\/www.amchambaq.com\/es_co\/wp-json\/wp\/v2\/tags?post=10812"}],"curies":[{"name":"wp","href":"https:\/\/api.w.org\/{rel}","templated":true}]}}