{"id":10806,"date":"2023-03-23T15:14:47","date_gmt":"2023-03-23T20:14:47","guid":{"rendered":"https:\/\/www.amchambaq.com\/?p=10806"},"modified":"2023-03-23T15:14:47","modified_gmt":"2023-03-23T20:14:47","slug":"barranquilla-abre-las-puertas-del-centro-integrate","status":"publish","type":"post","link":"https:\/\/www.amchambaq.com\/es_co\/barranquilla-abre-las-puertas-del-centro-integrate\/","title":{"rendered":"Barranquilla abre las puertas del Centro Int\u00e9grate"},"content":{"rendered":"<ul dir=\"ltr\">\n<li><strong id=\"m_-2291412896461544852m_6161987158707784143docs-internal-guid-3b131ba0-7fff-ef26-c153-d521c8ce4dba\">Este espacio es la evoluci\u00f3n del Centro de Integraci\u00f3n Local para Migrantes, el cual llega para fortalecer su capacidad institucional, y en una nueva ubicaci\u00f3n: calle 52 # 55 \u2013 75.<\/strong><\/li>\n<li><strong id=\"m_-2291412896461544852m_6161987158707784143docs-internal-guid-3b131ba0-7fff-ef26-c153-d521c8ce4dba\">La iniciativa hace parte de una estrategia nacional entre el Gobierno, la Agencia de los Estados Unidos para el Desarrollo Internacional (USAID), OIM y las alcald\u00edas locales para promover la integraci\u00f3n socioecon\u00f3mica de los migrantes.<\/strong><\/li>\n<li><strong id=\"m_-2291412896461544852m_6161987158707784143docs-internal-guid-3b131ba0-7fff-ef26-c153-d521c8ce4dba\">Para este 2023, el Centro Int\u00e9grate Barranquilla proyecta beneficiar a m\u00e1s de 20.000\u00a0personas bajo un enfoque de atenci\u00f3n transversal a todas las poblaciones que conviven hoy en la ciudad, entre nacionales, locales y migrantes.<\/strong><\/li>\n<\/ul>\n<p>Barranquilla se sigue consolidando como una ciudad equitativa y de oportunidades para todos. Con la apertura del Centro Int\u00e9grate, la evoluci\u00f3n del Centro de Integraci\u00f3n Local para Migrantes que opera en la ciudad desde 2019 y que sirvi\u00f3 de referente para que este modelo se implementara a nivel nacional, Barranquilla fortalece la atenci\u00f3n a poblaci\u00f3n local, as\u00ed como a los refugiados, migrantes, colombianos retornados y comunidad de acogida.<\/p>\n<p>Para este 2023, el Centro Int\u00e9grate Barranquilla proyecta beneficiar a m\u00e1s de 20.000 personas con una oferta de servicios consolidada a partir de alianzas con entidades p\u00fablicas, privadas, de cooperaci\u00f3n internacional y organizaciones de la sociedad civil en temas de regularizaci\u00f3n migratoria, atenci\u00f3n y afiliaci\u00f3n a salud, acceso a cupos escolares, rutas de empleabilidad y emprendimiento, atenci\u00f3n psicosocial, asesor\u00edas jur\u00eddicas, rutas de prevenci\u00f3n contra la trata de personas y violencia basada en g\u00e9nero, entre otros.<\/p>\n<p>Alfredo Carbonell, gerente de Desarrollo Social de la Alcald\u00eda Distrital, indic\u00f3 que \u201ccon esto, Barranquilla demuestra que sigue siendo una ciudad abierta, que se ha forjado econ\u00f3mica y culturalmente, gracias tambi\u00e9n a los migrantes y que, con esta estrategia, buscamos lograr integrarlos a nuestra sociedad y que hagan un aporte positivo a la ciudad\u201d.<\/p>\n<p>Barranquilla es la quinta ciudad del pa\u00eds con mayor n\u00famero de poblaci\u00f3n migrante, pese a no ser fronteriza, y en estos momentos acoge a cerca de 150.000 personas provenientes de Venezuela, seg\u00fan el Departamento Administrativo Nacional de Estad\u00edstica (DANE).<\/p>\n<p>El anteriormente denominado Centro de Integraci\u00f3n Local para Migrantes se ha consolidado como referente nacional e internacional. A nivel internacional, ONU H\u00e1bitat le entreg\u00f3 el primer sello de Red Global IntegrH\u00e1-bitat en el mundo; y la ONU lo galardon\u00f3 como la mejor experiencia de acogida a poblaci\u00f3n migrante.<\/p>\n<p>Asimismo, el modelo del CILM fue pionero en el pa\u00eds y fue el principal referente para la creaci\u00f3n de los Centros Int\u00e9grate que responden a una estrategia nacional entre el Gobierno, la Agencia de los Estados Unidos para el Desarrollo Internacional (USAID), OIM y las alcald\u00edas locales para promover la integraci\u00f3n socioecon\u00f3mica de estas poblaciones.<\/p>\n<p><strong>Apertura del centro<\/strong><\/p>\n<p>La apertura del centro, ubicado en la calle 52 # 55 \u2013 75 (antiguo Indeportes), se oficializ\u00f3 con la entrega simb\u00f3lica de las llaves a la representante de los migrantes y vicepresidente de \u2018De Pana que S\u00ed\u2019, organizaci\u00f3n de base comunitaria venezolana, Iliana Carina Reyes.<\/p>\n<p>Al acto tambi\u00e9n asistieron, adem\u00e1s del gerente de Desarrollo Social, Alfredo Carbonell, el director de Cooperaci\u00f3n Internacional (e) del Ministerio de Relaciones Exteriores, Jorge Torres, y el ministro consejero de la Embajada de los Estados Unidos en Colombia, Brendan O\u00b4Brien, quienes confirmaron una alianza fundamental para seguir enfrentando y superando los retos que suponen la gesti\u00f3n de una migraci\u00f3n masiva.<\/p>\n<p>Asimismo, estuvieron presentes miembros del gabinete distrital y de la Gobernaci\u00f3n del Atl\u00e1ntico, adem\u00e1s de empresarios, l\u00edderes gremiales, del sector acad\u00e9mico, de organizaciones de cooperaci\u00f3n internacional y representantes de la sociedad civil.<\/p>\n<p><strong>La oferta del Centro Int\u00e9grate<\/strong><\/p>\n<p>El Centro Int\u00e9grate es la evoluci\u00f3n del Centro de Integraci\u00f3n Local para Migrantes, que funciona desde 2019 bajo el liderazgo de la Alcald\u00eda de Barranquilla y gracias a la articulaci\u00f3n con varios actores. A trav\u00e9s de la iniciativa se han beneficiado m\u00e1s de 100.000 personas desde su apertura y, con esta nueva transici\u00f3n, fortalece sus instalaciones y capacidad institucional.<\/p>\n<p>La poblaci\u00f3n a impactar en el centro podr\u00e1 acceder a orientaci\u00f3n sobre la oferta de servicios institucionales, de cooperaci\u00f3n internacional, sector privado y organizaciones de la sociedad civil, de tal modo que se facilite su integraci\u00f3n social, cultural, productiva y urbana.<\/p>\n<p>Es as\u00ed como el centro tiene un enfoque de atenci\u00f3n transversal a todas las poblaciones que conviven hoy en la ciudad, desde nacionales y locales, hasta migrantes, entendiendo que la integraci\u00f3n nace cuando nos encontramos en un mismo espacio para acercar la institucionalidad a la ciudadan\u00eda y brindar garant\u00edas de derechos a todas las personas que habitan en el territorio.<\/p>\n<p>\u201cVer este centro nos permite afirmar que hemos cumplido aquello que nos propusimos. Desde el inicio de la llegada de personas desde Venezuela, Barranquilla fue l\u00edder en su respuesta. R\u00e1pidamente implement\u00f3 acciones que fueron ejemplo para el pa\u00eds y permitieron a las personas migrantes sentirse acogidas. Su Gobierno y sus habitantes han dicho s\u00ed a la integraci\u00f3n, s\u00ed a las oportunidades, s\u00ed a la experiencia y talentos que enriquecen a la ciudad cada d\u00eda\u201d, declar\u00f3 Brendan O\u2019Brien, ministro consejero de la Embajada de los Estados Unidos en Colombia.<\/p>\n<p>Por su parte, Jorge Torres, director de Cooperaci\u00f3n Internacional (e) del Ministerio de Relaciones Exteriores consider\u00f3 que cada Centro Int\u00e9grate es \u201cla piedra angular en la fase de integraci\u00f3n de la poblaci\u00f3n migrante a las comunidades de acogida. Desde el Gobierno nacional hemos venido implementando la estrategia de estos centros como una herramienta que facilita el acceso a la informaci\u00f3n y a los servicios a los que tienen derecho\u201d.<\/p>\n<p>Hoy, con la nueva ubicaci\u00f3n del Centro Int\u00e9grate, se honra a los barrios Montecristo y Barrio Abajo como aquellos que, desde la Aduana, le dieron la bienvenida hace un siglo a los migrantes en la pasada ola migratoria, y desde donde Barranquilla se proyecta como una ciudad con oportunidades para todos, sin distingo del sitio de origen.<\/p>\n<p>Tomomado de: Alcadia de Barranquilla<\/p>\n","protected":false},"excerpt":{"rendered":"<p>Este espacio es la evoluci\u00f3n del Centro de Integraci\u00f3n Local para Migrantes, el cual llega para fortalecer su capacidad institucional, y en una nueva ubicaci\u00f3n: calle 52 # 55 \u2013 75. La iniciativa hace parte de una estrategia nacional entre el Gobierno, la Agencia de los Estados Unidos para el Desarrollo Internacional (USAID), OIM y<\/p>\n","protected":false},"author":1,"featured_media":10807,"comment_status":"closed","ping_status":"closed","sticky":false,"template":"","format":"standard","meta":{"footnotes":""},"categories":[342,181],"tags":[],"class_list":["post-10806","post","type-post","status-publish","format-standard","has-post-thumbnail","hentry","category-news","category-noticias"],"views":98,"_links":{"self":[{"href":"https:\/\/www.amchambaq.com\/es_co\/wp-json\/wp\/v2\/posts\/10806","targetHints":{"allow":["GET"]}}],"collection":[{"href":"https:\/\/www.amchambaq.com\/es_co\/wp-json\/wp\/v2\/posts"}],"about":[{"href":"https:\/\/www.amchambaq.com\/es_co\/wp-json\/wp\/v2\/types\/post"}],"author":[{"embeddable":true,"href":"https:\/\/www.amchambaq.com\/es_co\/wp-json\/wp\/v2\/users\/1"}],"replies":[{"embeddable":true,"href":"https:\/\/www.amchambaq.com\/es_co\/wp-json\/wp\/v2\/comments?post=10806"}],"version-history":[{"count":1,"href":"https:\/\/www.amchambaq.com\/es_co\/wp-json\/wp\/v2\/posts\/10806\/revisions"}],"predecessor-version":[{"id":10808,"href":"https:\/\/www.amchambaq.com\/es_co\/wp-json\/wp\/v2\/posts\/10806\/revisions\/10808"}],"wp:featuredmedia":[{"embeddable":true,"href":"https:\/\/www.amchambaq.com\/es_co\/wp-json\/wp\/v2\/media\/10807"}],"wp:attachment":[{"href":"https:\/\/www.amchambaq.com\/es_co\/wp-json\/wp\/v2\/media?parent=10806"}],"wp:term":[{"taxonomy":"category","embeddable":true,"href":"https:\/\/www.amchambaq.com\/es_co\/wp-json\/wp\/v2\/categories?post=10806"},{"taxonomy":"post_tag","embeddable":true,"href":"https:\/\/www.amchambaq.com\/es_co\/wp-json\/wp\/v2\/tags?post=10806"}],"curies":[{"name":"wp","href":"https:\/\/api.w.org\/{rel}","templated":true}]}}