{"id":10803,"date":"2023-03-23T09:58:56","date_gmt":"2023-03-23T14:58:56","guid":{"rendered":"https:\/\/www.amchambaq.com\/?p=10803"},"modified":"2023-03-23T09:58:56","modified_gmt":"2023-03-23T14:58:56","slug":"inflacion-en-estados-unidos-se-reduce-a-6-en-febrero-y-presiona-nueva-decision-de-tasas-de-interes","status":"publish","type":"post","link":"https:\/\/www.amchambaq.com\/es_co\/inflacion-en-estados-unidos-se-reduce-a-6-en-febrero-y-presiona-nueva-decision-de-tasas-de-interes\/","title":{"rendered":"Inflaci\u00f3n en Estados Unidos se reduce a 6% en febrero y presiona nueva decisi\u00f3n de tasas de inter\u00e9s"},"content":{"rendered":"<h2>AmCham Colombia presenta una nueva edici\u00f3n del Observatorio Estados Unidos, una actualizaci\u00f3n semanal sobre las noticias e informaci\u00f3n m\u00e1s relevantes con respecto a la econom\u00eda y comercio de este pa\u00eds.<\/h2>\n<p><strong>Bogot\u00e1, 21 de marzo de 2023 (AmCham Colombia).<\/strong>\u00a0\u2013 El nivel general de precios en Estados Unidos continu\u00f3 su tendencia a la baja y descendi\u00f3 por octavo mes consecutivo en febrero, equivalente a\u00a0<a href=\"https:\/\/www.bls.gov\/news.release\/archives\/cpi_03142023.pdf\">una variaci\u00f3n anual de 6%,<\/a>\u00a0de acuerdo con la Oficina de Estad\u00edsticas Laborales. Sobre esto, el \u00cdndice de Precios al Consumidor (IPC) estuvo 0,4 puntos porcentuales por debajo de la cifra de 6,4% registrada para enero y reafirm\u00f3 la estimaci\u00f3n de 6% realizada por analistas econ\u00f3micos encuestados por\u00a0<em>Bloomberg.\u00a0<\/em><\/p>\n<p>Al cierre de febrero, la inflaci\u00f3n subi\u00f3 un 0,4% mensualmente, reflejando una disminuci\u00f3n de 0,1 puntos porcentuales con referencia a la revisi\u00f3n de 0,5% reportada para enero, cuando los precios atendieron a ajustes caracter\u00edsticos de la temporada de inicio de a\u00f1o. No obstante, la inflaci\u00f3n b\u00e1sica, que excluye la volatilidad de los precios de los alimentos y combustibles, repunt\u00f3 a un ritmo mensual de 0,5% en febrero, siendo un contraste frente al dato de 0,4% notificado para enero de 2023.<\/p>\n<p>Dentro de las divisiones econ\u00f3micas que m\u00e1s explicaron el nivel general de precios en febrero fueron, tarifas de aerol\u00edneas (+6,4%); seguros de veh\u00edculos a motor (+0,9%); recreaci\u00f3n (+0,9%); y mobiliario y operaciones para el hogar (+0,8%). Entre tanto, los precios de la vivienda sobresalieron nuevamente como uno de los mayores componentes de la inflaci\u00f3n, con un alza mensual de 0,8% en febrero, lo cual fue propiciado por un aumento de 0,8% en el valor de los arrendamientos.<\/p>\n<p>A su vez, los alimentos presentaron un incremento de 0,4% en febrero, impulsado por rubros como bebidas no alcoh\u00f3licas, alimentos diversos en el hogar, cereales, frutas, vegetales y productos l\u00e1cteos, aunque desaceler\u00e1ndose con base el nivel de 0,5% de enero. No obstante, las tarifas de la energ\u00eda lograron disminuir 0,6% en febrero, luego de la elevaci\u00f3n de 2% de enero, como consecuencia de un decrecimiento de 8% en el gas natural, la mayor ca\u00edda observada desde octubre de 2006.<\/p>\n<p>Tras el colapso del\u00a0<em>Silicon Valley Bank<\/em>\u00a0y la incertidumbre en el sector financiero estadounidense, las perspectivas del mercado anticipan un endurecimiento moderado de la pol\u00edtica monetaria al t\u00e9rmino de la pr\u00f3xima reuni\u00f3n de la Fed. Seg\u00fan\u00a0<em>CME FedWatch<\/em>, las tasas de inter\u00e9s tendr\u00edan una subida de 25 puntos b\u00e1sicos, correspondiente a un rango de 4,75% y 5% al final de marzo, incluso ante eventuales riesgos relacionados con el desarrollo de la actividad econ\u00f3mica.<\/p>\n<p><strong>Ventas minoristas se contraen 0,4% en febrero\u00a0<\/strong><\/p>\n<p>Las compras de productos al por menos y servicios de alimentaci\u00f3n descendieron a\u00a0<a href=\"https:\/\/www2.census.gov\/retail\/releases\/historical\/marts\/adv2302.pdf\">US$ 697.900 millones<\/a>\u00a0en febrero, equiparable con una ca\u00edda mensual de 0,5% con respecto a enero de 2023, cuando el sector minorista tuvo un alza de 3,2%, de acuerdo con el Departamento de Comercio. Bajo este escenario, el desempe\u00f1o mensual tuvo un deterioro mayor a la contracci\u00f3n de 0,3% prevista por economistas consultados por\u00a0<em>Bloomberg<\/em>\u00a0y sugiere un panorama contraproducente en la medida que el encarecimiento del cr\u00e9dito sigue restringiendo los niveles de consumo.<\/p>\n<p>El grupo de control, compuesto por ventas minoristas que excluyen componentes vol\u00e1tiles como autom\u00f3viles, alimentos y materiales de construcci\u00f3n, logr\u00f3 hacer frente al retroceso generalizado y tuvo un ascenso mensual de 0,5% en febrero. Si bien el resultado denota un dinamismo positivo, el ritmo de crecimiento present\u00f3 una disminuci\u00f3n de 1,8 puntos porcentuales en comparaci\u00f3n el dato revisado para enero, cuya lectura termin\u00f3 en 3,2%.<\/p>\n<p>En febrero, las ventas al por menor respondieron principalmente a categor\u00edas, tales como comercio electr\u00f3nico (+1,6%); tiendas de salud y cuidado personal (+0,9%); establecimientos de alimentos y bebidas (+0,5%); y locales minoristas generales (+0,5%). En contraste, los muebles y art\u00edculos para el hogar resaltaron como el segmento que m\u00e1s se debilit\u00f3 mensualmente, con una reducci\u00f3n de 2,5%, adicional al comportamiento de los servicios de alimentaci\u00f3n y bares, los cuales bajaron un 2,2%, respectivamente. \u00a0\u00a0 Dentro de los factores que suponen una ralentizaci\u00f3n de la demanda, el desbordamiento de la inflaci\u00f3n y los incrementos en las tasas de inter\u00e9s continuaron siendo uno de los factores predominantes en la toma de decisiones de gasto de los consumidores. Lo anterior pese a que el mercado laboral sigue superando las expectativas en la creaci\u00f3n de nuevos puestos de trabajo y el desempleo permanece oscilando alrededor de registros m\u00ednimos en cinco d\u00e9cadas.<\/p>\n<p>&nbsp;<\/p>\n<p>Tomado de: Amcham Colombia<\/p>\n","protected":false},"excerpt":{"rendered":"<p>AmCham Colombia presenta una nueva edici\u00f3n del Observatorio Estados Unidos, una actualizaci\u00f3n semanal sobre las noticias e informaci\u00f3n m\u00e1s relevantes con respecto a la econom\u00eda y comercio de este pa\u00eds. Bogot\u00e1, 21 de marzo de 2023 (AmCham Colombia).\u00a0\u2013 El nivel general de precios en Estados Unidos continu\u00f3 su tendencia a la baja y descendi\u00f3 por<\/p>\n","protected":false},"author":1,"featured_media":10804,"comment_status":"closed","ping_status":"closed","sticky":false,"template":"","format":"standard","meta":{"footnotes":""},"categories":[342,181],"tags":[],"class_list":["post-10803","post","type-post","status-publish","format-standard","has-post-thumbnail","hentry","category-news","category-noticias"],"views":59,"_links":{"self":[{"href":"https:\/\/www.amchambaq.com\/es_co\/wp-json\/wp\/v2\/posts\/10803","targetHints":{"allow":["GET"]}}],"collection":[{"href":"https:\/\/www.amchambaq.com\/es_co\/wp-json\/wp\/v2\/posts"}],"about":[{"href":"https:\/\/www.amchambaq.com\/es_co\/wp-json\/wp\/v2\/types\/post"}],"author":[{"embeddable":true,"href":"https:\/\/www.amchambaq.com\/es_co\/wp-json\/wp\/v2\/users\/1"}],"replies":[{"embeddable":true,"href":"https:\/\/www.amchambaq.com\/es_co\/wp-json\/wp\/v2\/comments?post=10803"}],"version-history":[{"count":1,"href":"https:\/\/www.amchambaq.com\/es_co\/wp-json\/wp\/v2\/posts\/10803\/revisions"}],"predecessor-version":[{"id":10805,"href":"https:\/\/www.amchambaq.com\/es_co\/wp-json\/wp\/v2\/posts\/10803\/revisions\/10805"}],"wp:featuredmedia":[{"embeddable":true,"href":"https:\/\/www.amchambaq.com\/es_co\/wp-json\/wp\/v2\/media\/10804"}],"wp:attachment":[{"href":"https:\/\/www.amchambaq.com\/es_co\/wp-json\/wp\/v2\/media?parent=10803"}],"wp:term":[{"taxonomy":"category","embeddable":true,"href":"https:\/\/www.amchambaq.com\/es_co\/wp-json\/wp\/v2\/categories?post=10803"},{"taxonomy":"post_tag","embeddable":true,"href":"https:\/\/www.amchambaq.com\/es_co\/wp-json\/wp\/v2\/tags?post=10803"}],"curies":[{"name":"wp","href":"https:\/\/api.w.org\/{rel}","templated":true}]}}