{"id":10800,"date":"2023-03-23T09:56:54","date_gmt":"2023-03-23T14:56:54","guid":{"rendered":"https:\/\/www.amchambaq.com\/?p=10800"},"modified":"2023-03-23T09:56:54","modified_gmt":"2023-03-23T14:56:54","slug":"en-medio-de-la-crisis-bancaria-fed-sube-tasas-de-interes-en-ee-uu","status":"publish","type":"post","link":"https:\/\/www.amchambaq.com\/es_co\/en-medio-de-la-crisis-bancaria-fed-sube-tasas-de-interes-en-ee-uu\/","title":{"rendered":"En medio de la crisis bancaria, Fed sube tasas de inter\u00e9s en EE. UU."},"content":{"rendered":"<p>Se trata del noveno aumento de los tipos en un a\u00f1o para combatir la inflaci\u00f3n, aunque es menor que el anticipado cuando todav\u00eda no hab\u00eda estallado la situaci\u00f3n econ\u00f3mica.<\/p>\n<p>La\u00a0<strong>Reserva Federal\u00a0<\/strong>(Fed) de EE.UU. anunci\u00f3 este mi\u00e9rcoles una subida de los tipos de inter\u00e9s de 0,25 puntos, que se sit\u00faan en una horquilla de entre el 4,75 % y el 5 %, en medio de la crisis causada por el colapso de dos\u00a0<strong>bancos\u00a0<\/strong>en el pa\u00eds y el rescate de un tercero.<\/p>\n<p>Se trata del noveno aumento de los tipos en un a\u00f1o para combatir la inflaci\u00f3n, aunque es menor que el anticipado por la Fed, que hab\u00eda hablado de acelerar el ritmo de las subidas cuando todav\u00eda no hab\u00eda estallado la crisis bancaria.<\/p>\n<p>El<strong>\u00a0Comit\u00e9 Federal de Mercado Abierto<\/strong>\u00a0(FOMC) de la Fed, que tom\u00f3 la decisi\u00f3n tras una reuni\u00f3n de dos d\u00edas, asegur\u00f3 que el &#8220;sistema bancario de<strong>\u00a0EE. UU.\u00a0<\/strong>es sano y resistente&#8221;.<\/p>\n<p>&#8220;Es probable que los acontecimientos recientes resulten en condiciones crediticias m\u00e1s estrictas para los hogares y empresas, y que pesen en la\u00a0<strong>actividad econ\u00f3mica<\/strong>, la contrataci\u00f3n y la inflaci\u00f3n. El alcance de estos efectos es incierto. El comit\u00e9 sigue muy atento a los riesgos de la inflaci\u00f3n&#8221;, dijo en la nota.<\/p>\n<p>Augur\u00f3 adem\u00e1s que &#8220;puede ser adecuado un cierto endurecimiento adicional&#8221; de su pol\u00edtica monetaria para lograr su objetivo de inflaci\u00f3n, aunque subray\u00f3 que seguir\u00e1 vigilando las repercusiones que pueda tener.<\/p>\n<p>Se espera que el presidente del banco central estadounidense,\u00a0<strong>Jerome Powell<\/strong>, comparezca en breve ante la prensa para dar detalles sobre la decisi\u00f3n adoptada por el Comit\u00e9 Federal de Mercado Abierto (<strong>FOMC<\/strong>, en ingl\u00e9s) del organismo tras una reuni\u00f3n de dos d\u00edas.<\/p>\n<p>Para tratar de poner coto a la inflaci\u00f3n, la\u00a0<strong>Fed\u00a0<\/strong>inici\u00f3 en marzo de 2022 las subidas con un t\u00edmido 0,25. En mayo elev\u00f3 los tipos 0,5 puntos y en junio ya comenz\u00f3 una racha de aumentos de 0,75 enteros, antes de bajar el ritmo a 0,50 el pasado diciembre y reducirlos a\u00fan m\u00e1s, a 0,25, en febrero.<\/p>\n<div class=\"field-item odd\">\n<div class=\"entity entity-paragraphs-item paragraphs-item-descripcion\">\n<div class=\"content\">\n<div class=\"field field-name-field-descripcion field-type-text-long field-label-hidden\">\n<div class=\"field-items\">\n<div class=\"field-item even\">\n<p>Hace dos semanas, la pregunta que se hac\u00edan los expertos era si la Fed incrementar\u00eda esta vez 0,25 o 0,5 puntos los tipos de inter\u00e9s, pero todo cambi\u00f3 con la quiebra del\u00a0<strong>Silicon Valley Bank\u00a0<\/strong>(SVB) y\u00a0<strong>Signature Bank<\/strong>, cuya situaci\u00f3n financiera empeor\u00f3 por la pol\u00edtica monetaria del organismo, hasta el punto que se hab\u00eda especulado con la posibilidad de que el banco central pausara las subidas.<\/p>\n<p>Finalmente, la Fed ha decidido continuar con los aumentos, ya que la inflaci\u00f3n en EE.UU. todav\u00eda est\u00e1 muy por encima de su objetivo del 2 % y con un mercado laboral robusto. En febrero, la\u00a0<strong>inflaci\u00f3n\u00a0<\/strong>en el pa\u00eds se situ\u00f3 en el 6 % interanual, su tasa m\u00e1s baja desde septiembre de 2021, tras bajar cuatro d\u00e9cimas respecto a enero.<\/p>\n<p>Ante el panorama actual, los principales responsables econ\u00f3micos del pa\u00eds, y en particular la secretaria del Tesoro,\u00a0<strong>Janet Yellen<\/strong>, y\u00a0<strong>Powell\u00a0<\/strong>han tratado de asegurar a los ciudadanos y a los mercados que la situaci\u00f3n no desembocar\u00e1 en una crisis financiera.<\/p>\n<\/div>\n<\/div>\n<\/div>\n<\/div>\n<\/div>\n<\/div>\n<div class=\"field-item even\">\n<div class=\"box-title\">\n<p>La Fed, de hecho, ha puesto en marcha un nuevo fondo para que los bancos que necesiten asegurar los dep\u00f3sitos de sus clientes tengan dinero para hacerlo, y ha aumentado la frecuencia con la que ofrece operaciones de cambio de divisas para garantizar que hay suficientes\u00a0<strong>d\u00f3lares\u00a0<\/strong>disponibles en el sistema financiero.<\/p>\n<p>Adem\u00e1s, los principales bancos de\u00a0<strong>Estados Unidos\u00a0<\/strong>se unieron la semana pasada para rescatar al\u00a0<strong>First Republic Bank\u00a0<\/strong>con\u00a0<strong>30.000 millones de d\u00f3lares<\/strong>, que amenazaba con seguir el camino del SVB y el Signature tras una fuerte ca\u00edda del valor de sus acciones.<\/p>\n<p>El p\u00e1nico cruz\u00f3 tambi\u00e9n el charco y casi acaba con el banco suizo<strong>\u00a0Credit Suisse<\/strong>, que finalmente tuvo que ser adquirido durante el fin de semana por su competidor\u00a0<strong>UBS\u00a0<\/strong>tras la crisis de confianza que estaba hundiendo su cotizaci\u00f3n en el mercado.<\/p>\n<p>Antes del anuncio de la Fed,<strong>\u00a0Wall Street<\/strong>\u00a0abri\u00f3 este mi\u00e9rcoles en rojo, aunque pr\u00e1cticamente plano, y el\u00a0<strong>Dow Jones<\/strong>\u00a0de Industriales, su principal indicador, perd\u00eda un 0,12 %, mientras que las bolsas europeas iniciaron la sesi\u00f3n a la baja, con ligeras ca\u00eddas, a la espera del resultado de la reuni\u00f3n del banco central estadounidense.<\/p>\n<p>Tomado de: El Heraldo<\/p>\n<\/div>\n<\/div>\n","protected":false},"excerpt":{"rendered":"<p>Se trata del noveno aumento de los tipos en un a\u00f1o para combatir la inflaci\u00f3n, aunque es menor que el anticipado cuando todav\u00eda no hab\u00eda estallado la situaci\u00f3n econ\u00f3mica. La\u00a0Reserva Federal\u00a0(Fed) de EE.UU. anunci\u00f3 este mi\u00e9rcoles una subida de los tipos de inter\u00e9s de 0,25 puntos, que se sit\u00faan en una horquilla de entre el<\/p>\n","protected":false},"author":1,"featured_media":10801,"comment_status":"closed","ping_status":"closed","sticky":false,"template":"","format":"standard","meta":{"footnotes":""},"categories":[342,181],"tags":[],"class_list":["post-10800","post","type-post","status-publish","format-standard","has-post-thumbnail","hentry","category-news","category-noticias"],"views":83,"_links":{"self":[{"href":"https:\/\/www.amchambaq.com\/es_co\/wp-json\/wp\/v2\/posts\/10800","targetHints":{"allow":["GET"]}}],"collection":[{"href":"https:\/\/www.amchambaq.com\/es_co\/wp-json\/wp\/v2\/posts"}],"about":[{"href":"https:\/\/www.amchambaq.com\/es_co\/wp-json\/wp\/v2\/types\/post"}],"author":[{"embeddable":true,"href":"https:\/\/www.amchambaq.com\/es_co\/wp-json\/wp\/v2\/users\/1"}],"replies":[{"embeddable":true,"href":"https:\/\/www.amchambaq.com\/es_co\/wp-json\/wp\/v2\/comments?post=10800"}],"version-history":[{"count":1,"href":"https:\/\/www.amchambaq.com\/es_co\/wp-json\/wp\/v2\/posts\/10800\/revisions"}],"predecessor-version":[{"id":10802,"href":"https:\/\/www.amchambaq.com\/es_co\/wp-json\/wp\/v2\/posts\/10800\/revisions\/10802"}],"wp:featuredmedia":[{"embeddable":true,"href":"https:\/\/www.amchambaq.com\/es_co\/wp-json\/wp\/v2\/media\/10801"}],"wp:attachment":[{"href":"https:\/\/www.amchambaq.com\/es_co\/wp-json\/wp\/v2\/media?parent=10800"}],"wp:term":[{"taxonomy":"category","embeddable":true,"href":"https:\/\/www.amchambaq.com\/es_co\/wp-json\/wp\/v2\/categories?post=10800"},{"taxonomy":"post_tag","embeddable":true,"href":"https:\/\/www.amchambaq.com\/es_co\/wp-json\/wp\/v2\/tags?post=10800"}],"curies":[{"name":"wp","href":"https:\/\/api.w.org\/{rel}","templated":true}]}}