{"id":10791,"date":"2023-03-22T08:47:23","date_gmt":"2023-03-22T13:47:23","guid":{"rendered":"https:\/\/www.amchambaq.com\/?p=10791"},"modified":"2023-03-22T08:47:23","modified_gmt":"2023-03-22T13:47:23","slug":"congreso-ya-aprobo-el-84-del-pnd-en-su-primer-debate","status":"publish","type":"post","link":"https:\/\/www.amchambaq.com\/es_co\/congreso-ya-aprobo-el-84-del-pnd-en-su-primer-debate\/","title":{"rendered":"Congreso ya aprob\u00f3 el 84% del PND en su primer debate"},"content":{"rendered":"<p>Las comisiones econ\u00f3micas iniciaron ayer la votaci\u00f3n de la ponencia y le dieron luz verde a 303 art\u00edculos en tres grandes bloques.<\/p>\n<p id=\"pnull-m176-175-177\" class=\"parrafo first-parrafo\">Tras varias semanas de discusi\u00f3n entre los coordinadores y ponentes del\u00a0<b>Plan Nacional de Desarrollo 2022-2026<\/b>, la ponencia para primer debate lleg\u00f3 ayer ante las comisiones econ\u00f3micas del\u00a0<b>Congreso de la Rep\u00fablica<\/b>, donde inici\u00f3 su discusi\u00f3n y tambi\u00e9n su posterior votaci\u00f3n.<\/p>\n<p id=\"pnull-m200-3-201\" class=\"parrafo\">En estas semanas, el proyecto recibi\u00f3 cerca de 3.000 proposiciones en el\u00a0<b>Congreso<\/b>, y el articulado lleg\u00f3 con 358 puntos a las comisiones terceras y cuartas de\u00a0<b>Senado\u00a0<\/b>y C\u00e1mara.\u00a0<b>Frente al proyecto original se propuso la eliminaci\u00f3n de 22 art\u00edculos, mientras que ingresaron 58 art\u00edculos nuevos.<\/b><\/p>\n<p>Entre los art\u00edculos eliminados est\u00e1 el 20, que suger\u00eda que el\u00a0<b>ICA\u00a0<\/b>pasar\u00eda al\u00a0<b>Ministerio de Ambiente<\/b>, tambi\u00e9n se elimin\u00f3 el art\u00edculo 31, que conten\u00eda disposiciones frente a la organizaci\u00f3n de la<b>\u00a0gesti\u00f3n catastral<\/b>, pero esto tambi\u00e9n estaba contenido en otro punto del articulado.<\/p>\n<p>Tras un par de horas de discusi\u00f3n en la ma\u00f1ana, y la negaci\u00f3n de una proposici\u00f3n de archivo radicada por el Centro Democr\u00e1tico, la votaci\u00f3n del proyecto inici\u00f3 hacia el mediod\u00eda, y avanz\u00f3 en bloques.\u00a0<b>Al cierre de esta edici\u00f3n se ten\u00edan aprobados 303 art\u00edculos del proyecto, es decir, 84% de la ponencia.<\/b><\/p>\n<p>En principio se aprob\u00f3 un bloque 64 art\u00edculos que ven\u00edan sin proposici\u00f3n en la ponencia y tras ello se vot\u00f3 un bloque de 218 art\u00edculos que ten\u00edan proposici\u00f3n y quedaron como constancias para su debate en plenarias. Adem\u00e1s, se vot\u00f3 la eliminaci\u00f3n de 21 art\u00edculos.\u00a0<b>Es decir, se votaron 303 art\u00edculos de la ponencia.<br \/>\nLas comisiones acordaron continuar con la discusi\u00f3n del proyecto hoy.<\/b><\/p>\n<div id=\"pnull-m250-3-251\" class=\"highlighted\">\n<div id=\"m255-254-256\" class=\"tiemposBold3\">Las facultades a Petro<\/div>\n<\/div>\n<p id=\"pnull-m263-4-264\" class=\"parrafo\">Entre los 58 puntos nuevos que tra\u00eda la ponencia, destacan, en particular, las facultades extraordinarias que recibir\u00eda el Presidente para reformar varios aspectos normativos. En el art\u00edculo 301 se le otorgan facultades por seis meses al primer mandatario para que expida normas con fuerza de ley\u00a0<b>para modificar los programas de Familias y J\u00f3venes en Acci\u00f3n, e incorporarlos al Sistema de Transferencias que crea el Plan de Desarrollo.<\/b><\/p>\n<p>El art\u00edculo 302 hace lo propio, pero para la recuperaci\u00f3n del\u00a0<b>Hospital San Juan de Dios<\/b>\u00a0y entre otras facultades el proyecto incluye disposiciones para que el Presidente pueda crear una entidad p\u00fablica adscrita al Ministerio de Transporte para el fomento a la construcci\u00f3n, mejoramiento y conservaci\u00f3n de caminos vecinales y tambi\u00e9n para la creaci\u00f3n de una<b>\u00a0Agencia Nacional de Ciencia, Tecnolog\u00eda e Innovaci\u00f3n.<\/b><\/p>\n<p>Sumado a ello, la ponencia establece que el primer mandatario tambi\u00e9n tendr\u00e1 facultades extraordinarias para todo lo relacionado con el\u00a0<b>Grupo Bicentenario<\/b>, el holding financiero estatal con el que quieren impulsar la denominada econom\u00eda popular.<\/p>\n<p>Y se reincorpor\u00f3 en el texto un elemento que hab\u00eda quedado fuera del proyecto radicado, pero s\u00ed estaba en los borradores: la facultad extraordinaria para que el Presidente pueda crear un grupo empresarial para el sector el\u00e9ctrico, integrando a las empresas detr\u00e1s de las principales centrales el\u00e9ctricas del pa\u00eds.\u00a0<b>Estos art\u00edculos quedaron excluidos de los bloques y se someter\u00e1n a votaci\u00f3n hoy.<\/b><\/p>\n<p>Otro de los puntos nuevos que qued\u00f3 en el plan est\u00e1 en el art\u00edculo 311, que dice que el\u00a0<b>Instituto Geogr\u00e1fico Agust\u00edn Codazzi (Igac)<\/b>\u00a0adoptar\u00e1 metodolog\u00edas y modelos de actualizaci\u00f3n masiva de valores catastrales rezagados,\u00a0<b>para realizar, por una sola vez, un ajuste autom\u00e1tico de los aval\u00faos catastrales de todos los predios del pa\u00eds.<\/b><\/p>\n<p>Otra de las propuestas nuevas tiene que ver con el\u00a0<b>Dane<\/b>. El art\u00edculo 319 establece que la entidad \u201c<i>elaborar\u00e1 y publicar\u00e1 nuevas mediciones de desigualdad en torno a la tierra, la propiedad inmueble, la tenencia de activos financieros y la riqueza en el pa\u00eds<\/i>\u201d.<\/p>\n<p>En el art\u00edculo 324 se establece adem\u00e1s que \u201c<i>todas las inversiones y programas proyectados a ejecutarse en las regiones deber\u00e1n contratar como m\u00ednimo el 50% de mano de obra local<\/i>\u201d, siempre y cuando exista el personal con estas capacidades en las regiones.<\/p>\n<p>El art\u00edculo 330, por otra parte, propone la creaci\u00f3n de distritos mineros especiales para la diversificaci\u00f3n productiva, para \u201c<i>promover la asociatividad entre mineros y mineras de peque\u00f1a escala, as\u00ed como la industrializaci\u00f3n a partir de minerales estrat\u00e9gicos<\/i>\u201d.<\/p>\n<p>El art\u00edculo 333 habla de flexibilixar las inversiones de los operadores de red que hayan cumplido con las metas de calidad del servicio y otorgar mayores plazos para ejecutar dichos planes de inversi\u00f3n.\u00a0<b>Estas condiciones quedar\u00e1n definidas por la comisi\u00f3n de regulaci\u00f3n de energ\u00eda y gas (CREG).<\/b><\/p>\n<p>Adem\u00e1s, en el art\u00edculo 337 se indica que la Naci\u00f3n podr\u00e1 asignar recursos adicionales a\u00a0<b>la base presupuestal de funcionamiento de las Instituciones de\u00a0Educaci\u00f3n Superior P\u00fablicas, sujeto a la disponibilidad presupuestal.<\/b><\/p>\n<p>Tomado del: Portafolio<\/p>\n","protected":false},"excerpt":{"rendered":"<p>Las comisiones econ\u00f3micas iniciaron ayer la votaci\u00f3n de la ponencia y le dieron luz verde a 303 art\u00edculos en tres grandes bloques. Tras varias semanas de discusi\u00f3n entre los coordinadores y ponentes del\u00a0Plan Nacional de Desarrollo 2022-2026, la ponencia para primer debate lleg\u00f3 ayer ante las comisiones econ\u00f3micas del\u00a0Congreso de la Rep\u00fablica, donde inici\u00f3 su<\/p>\n","protected":false},"author":1,"featured_media":10792,"comment_status":"closed","ping_status":"closed","sticky":false,"template":"","format":"standard","meta":{"footnotes":""},"categories":[342,181],"tags":[],"class_list":["post-10791","post","type-post","status-publish","format-standard","has-post-thumbnail","hentry","category-news","category-noticias"],"views":34,"_links":{"self":[{"href":"https:\/\/www.amchambaq.com\/es_co\/wp-json\/wp\/v2\/posts\/10791","targetHints":{"allow":["GET"]}}],"collection":[{"href":"https:\/\/www.amchambaq.com\/es_co\/wp-json\/wp\/v2\/posts"}],"about":[{"href":"https:\/\/www.amchambaq.com\/es_co\/wp-json\/wp\/v2\/types\/post"}],"author":[{"embeddable":true,"href":"https:\/\/www.amchambaq.com\/es_co\/wp-json\/wp\/v2\/users\/1"}],"replies":[{"embeddable":true,"href":"https:\/\/www.amchambaq.com\/es_co\/wp-json\/wp\/v2\/comments?post=10791"}],"version-history":[{"count":1,"href":"https:\/\/www.amchambaq.com\/es_co\/wp-json\/wp\/v2\/posts\/10791\/revisions"}],"predecessor-version":[{"id":10793,"href":"https:\/\/www.amchambaq.com\/es_co\/wp-json\/wp\/v2\/posts\/10791\/revisions\/10793"}],"wp:featuredmedia":[{"embeddable":true,"href":"https:\/\/www.amchambaq.com\/es_co\/wp-json\/wp\/v2\/media\/10792"}],"wp:attachment":[{"href":"https:\/\/www.amchambaq.com\/es_co\/wp-json\/wp\/v2\/media?parent=10791"}],"wp:term":[{"taxonomy":"category","embeddable":true,"href":"https:\/\/www.amchambaq.com\/es_co\/wp-json\/wp\/v2\/categories?post=10791"},{"taxonomy":"post_tag","embeddable":true,"href":"https:\/\/www.amchambaq.com\/es_co\/wp-json\/wp\/v2\/tags?post=10791"}],"curies":[{"name":"wp","href":"https:\/\/api.w.org\/{rel}","templated":true}]}}