{"id":10777,"date":"2023-03-17T10:33:28","date_gmt":"2023-03-17T15:33:28","guid":{"rendered":"https:\/\/www.amchambaq.com\/?p=10777"},"modified":"2023-03-17T10:47:27","modified_gmt":"2023-03-17T15:47:27","slug":"consulte-aqui-el-texto-completo-de-la-reforma-laboral","status":"publish","type":"post","link":"https:\/\/www.amchambaq.com\/es_co\/consulte-aqui-el-texto-completo-de-la-reforma-laboral\/","title":{"rendered":"Consulte aqu\u00ed el texto completo de la reforma laboral"},"content":{"rendered":"<p>El documento de 40 p\u00e1ginas fue radicado este jueves por el gobierno del presidente Petro. Estas son sus bases.<\/p>\n<p>&nbsp;<\/p>\n<p>En un documento de 40 p\u00e1ginas est\u00e1 compilado el proyecto de la reforma laboral del gobierno de Gustavo Petro, que este jueves 16 de marzo fue radicado para discusi\u00f3n en el Congreso de la Rep\u00fablica.<\/p>\n<p>Seg\u00fan el texto, en \u00e9l\u00a0<i>&#8220;se adopta una reforma laboral para el Trabajo digno y decente en Colombia y se modifican parcialmente el C\u00f3digo Sustantivo del trabajo, ley 50 de 1990, la ley 789 de 2002 y otras normas laborales&#8221;.\u00a0<\/i>La iniciativa se\u00f1ala que la finalidad primordial de este C\u00f3digo es la de lograr la justicia en las relaciones de trabajo, dentro de un esp\u00edritu de coordinaci\u00f3n econ\u00f3mica y equilibrio social.<\/p>\n<p>El proyecto busca proteger y reivindicar l<b>os derechos laborales de 22 millones 32 mil ocupados en el pa\u00eds, de los cuales 8 millones 992 mil son mujeres (40,8%) y 13 millones 40 mil hombres (59,2%).<\/b><\/p>\n<p>La reforma laboral denominada<i>\u00a0&#8216;Trabajo por el Cambio&#8217;,<\/i> se construy\u00f3 desde las mesas tripartitas con participaci\u00f3n de las centrales sindicales, los gremios de la producci\u00f3n y el gobierno, se recogieron cerca de 3 mil propuestas de 34 mesas realizadas en los territorios, iniciativas presentadas en los di\u00e1logos regionales vinculantes y analizadas en las subcomisiones de la reforma laboral, donde la mayor preocupaci\u00f3n de los trabajadores fue la estabilidad laboral.<\/p>\n<p>Tomado de: Portafolio<\/p>\n<p>&nbsp;<\/p>\n","protected":false},"excerpt":{"rendered":"<p>El documento de 40 p\u00e1ginas fue radicado este jueves por el gobierno del presidente Petro. Estas son sus bases. &nbsp; En un documento de 40 p\u00e1ginas est\u00e1 compilado el proyecto de la reforma laboral del gobierno de Gustavo Petro, que este jueves 16 de marzo fue radicado para discusi\u00f3n en el Congreso de la Rep\u00fablica.<\/p>\n","protected":false},"author":1,"featured_media":10780,"comment_status":"closed","ping_status":"closed","sticky":false,"template":"","format":"standard","meta":{"footnotes":""},"categories":[342,181],"tags":[],"class_list":["post-10777","post","type-post","status-publish","format-standard","has-post-thumbnail","hentry","category-news","category-noticias"],"views":94,"_links":{"self":[{"href":"https:\/\/www.amchambaq.com\/es_co\/wp-json\/wp\/v2\/posts\/10777","targetHints":{"allow":["GET"]}}],"collection":[{"href":"https:\/\/www.amchambaq.com\/es_co\/wp-json\/wp\/v2\/posts"}],"about":[{"href":"https:\/\/www.amchambaq.com\/es_co\/wp-json\/wp\/v2\/types\/post"}],"author":[{"embeddable":true,"href":"https:\/\/www.amchambaq.com\/es_co\/wp-json\/wp\/v2\/users\/1"}],"replies":[{"embeddable":true,"href":"https:\/\/www.amchambaq.com\/es_co\/wp-json\/wp\/v2\/comments?post=10777"}],"version-history":[{"count":1,"href":"https:\/\/www.amchambaq.com\/es_co\/wp-json\/wp\/v2\/posts\/10777\/revisions"}],"predecessor-version":[{"id":10779,"href":"https:\/\/www.amchambaq.com\/es_co\/wp-json\/wp\/v2\/posts\/10777\/revisions\/10779"}],"wp:featuredmedia":[{"embeddable":true,"href":"https:\/\/www.amchambaq.com\/es_co\/wp-json\/wp\/v2\/media\/10780"}],"wp:attachment":[{"href":"https:\/\/www.amchambaq.com\/es_co\/wp-json\/wp\/v2\/media?parent=10777"}],"wp:term":[{"taxonomy":"category","embeddable":true,"href":"https:\/\/www.amchambaq.com\/es_co\/wp-json\/wp\/v2\/categories?post=10777"},{"taxonomy":"post_tag","embeddable":true,"href":"https:\/\/www.amchambaq.com\/es_co\/wp-json\/wp\/v2\/tags?post=10777"}],"curies":[{"name":"wp","href":"https:\/\/api.w.org\/{rel}","templated":true}]}}