{"id":10772,"date":"2023-03-15T09:30:51","date_gmt":"2023-03-15T14:30:51","guid":{"rendered":"https:\/\/www.amchambaq.com\/?p=10772"},"modified":"2023-03-15T09:30:51","modified_gmt":"2023-03-15T14:30:51","slug":"mercado-laboral-en-estados-unidos-impulso-nuevos-empleos-en-febrero-y-anticipa-nueva-alza-de-tasas","status":"publish","type":"post","link":"https:\/\/www.amchambaq.com\/es_co\/mercado-laboral-en-estados-unidos-impulso-nuevos-empleos-en-febrero-y-anticipa-nueva-alza-de-tasas\/","title":{"rendered":"Mercado laboral en Estados Unidos impuls\u00f3 nuevos empleos en febrero y anticipa nueva alza de tasas"},"content":{"rendered":"<h2>AmCham Colombia presenta una nueva edici\u00f3n del Observatorio Estados Unidos, una actualizaci\u00f3n semanal sobre las noticias e informaci\u00f3n m\u00e1s relevantes con respecto a la econom\u00eda y comercio de este pa\u00eds.<\/h2>\n<p><strong>Bogot\u00e1, 14 de marzo de 2023 (AmCham Colombia).<\/strong>\u00a0<strong>\u2013\u00a0<\/strong>Los niveles de desempleo en Estados Unidos se ubicaron en 3,6% al cierre de febrero, apoyado por el dinamismo del empleo y las tasas de contrataci\u00f3n actuales, de acuerdo con el Departamento de Trabajo. Si bien el indicador aument\u00f3 desde el m\u00ednimo en cinco d\u00e9cadas de 3,4% registrado en enero, los indicios de solidez en el mercado laboral todav\u00eda siguen siendo vigentes conforme a los ritmos de generaci\u00f3n de empleo, seg\u00fan analistas econ\u00f3micos encuestados por\u00a0<em>Bloomberg.<\/em><\/p>\n<p>En febrero, la creaci\u00f3n de nuevos puestos de trabajos alcanz\u00f3 la cifra de 311.000, superando la estimaci\u00f3n de 205.000 prevista por el mercado y reflejando un desempe\u00f1o resistente frente al endurecimiento de la pol\u00edtica monetaria durante el curso del \u00faltimo a\u00f1o. Al respecto, el control de la inflaci\u00f3n permanece como prioridad para la Reserva Federal, especialmente ante el objetivo de preservar el poder adquisitivo de los consumidores y propender la estabilidad econ\u00f3mica estadounidense.<\/p>\n<p>Dentro de las divisiones econ\u00f3micas que m\u00e1s aportaron al crecimiento de los puestos de trabajo en febrero fueron, en su orden, ocio y hoteler\u00eda (+105.000); comercio minorista (+50.000); sector gobierno (+46.000); y servicios profesionales y empresariales (+45.000). En contraste, los rubros asociados con las actividades de la informaci\u00f3n, junto con el transporte y almacenamiento presentaron descensos en el n\u00famero de vacantes disponibles en el mercado laboral, con ca\u00eddas de 25.000 y 22.000, respectivamente.<\/p>\n<p>La remuneraci\u00f3n promedio por hora de los trabajadores contratados por empresas privadas no agr\u00edcola tuvo un incremento de 8 centavos hasta los US$ 33,09 en febrero, lo correspondiente a una subida de 0,2% en comparaci\u00f3n con enero de 2023. Los segmentos que percibieron una mayor retribuci\u00f3n salarial fueron, servicios p\u00fablicos (US$ 48,74); informaci\u00f3n (US$ 48,05); sector financiero (US$ 42,65); y servicios empresariales y profesionales (US$ 39,76), cada uno.<\/p>\n<p>Entre tanto, las personas desocupadas laboralmente ascendieron a 5,9 millones en febrero, lo que significa el ingreso de 200.000 personas al desempleo al tomarse como referencia los 5,7 millones de personas en dicha situaci\u00f3n en lo corrido de enero de 2023. Aun as\u00ed, actualmente existen cerca de dos empleos por cada persona desempleada, tras considerar las 10,8 millones de ofertas laborales vigentes al inicio de a\u00f1o, lo que sugiere un nivel tradicionalmente alto y que refuerza la perspectiva de un mercado laboral muy ajustado.<\/p>\n<p><strong>Nuevas alzas en el radar de la Fed\u00a0<\/strong><\/p>\n<p>El presidente de la Reserva Federal, Jerome Powell, refiri\u00f3 ante el Congreso de Estados Unidos la funci\u00f3n de la autoridad monetaria de\u00a0<a href=\"https:\/\/www.federalreserve.gov\/newsevents\/testimony\/powell20230307a.htm\">continuar evaluando las condiciones econ\u00f3micas<\/a>\u00a0en funci\u00f3n de establecer un mayor endurecimiento de las tasas de inter\u00e9s. Bajo este planteamiento, se destac\u00f3 que el restablecimiento de la inflaci\u00f3n a su nivel meta de 2% a largo plazo todav\u00eda est\u00e1 sujeto a riesgos relacionados con las se\u00f1ales de rigidez en el mercado laboral.<\/p>\n<p>\u201cAunque la inflaci\u00f3n se ha moderado en los \u00faltimos meses, el proceso para volver a situarla en el 2% tiene un largo camino por recorrer y es probable que sea accidentado (\u2026). Los \u00faltimos datos econ\u00f3micos han sido mejores de lo esperado, lo que sugiere que el nivel final de los tipos de inter\u00e9s ser\u00e1 probablemente m\u00e1s alto de lo previsto\u201d, sostuvo Powell al Congreso.<\/p>\n<p>La resistencia del empleo, el gasto de los consumidores, la producci\u00f3n industrial y la inflaci\u00f3n en el transcurso de enero fueron un factor por destacar para la Fed dado su impacto en la estabilidad de precios durante los pr\u00f3ximos meses. Sobre esto, vale la pena mencionar que el desempleo alcanz\u00f3 el 3,4% en enero de 2023, el nivel m\u00e1s bajo desde 1969, y superando las expectativas del mercado en la creaci\u00f3n de nuevos puestos de trabajo, los cuales ascendieron a 519.000 en el primer mes del a\u00f1o.<\/p>\n<p>De acuerdo con\u00a0<em>CME FedWatch,<\/em>\u00a0analistas econ\u00f3micos anticipan una elevaci\u00f3n de las tasas de inter\u00e9s de 25 puntos b\u00e1sicos al cierre de pr\u00f3xima reuni\u00f3n del Comit\u00e9 Federal de Mercado Abierto de la Reserva Federal, debido a los temores de crisis en el sector financiero. Lo anterior despu\u00e9s del\u00a0<a href=\"https:\/\/www.economist.com\/finance-and-economics\/2023\/03\/10\/what-does-silicon-valley-banks-collapse-mean-for-the-financial-system\">colapso del\u00a0<em>Silicon Valley Bank<\/em><\/a><em>\u00a0<\/em>y los temores de su efecto domin\u00f3 en las dem\u00e1s entidades financieras, lo que hace previsible un rango de intervenci\u00f3n de las tasas de inter\u00e9s entre el 4,75% y 5% al t\u00e9rmino de la pr\u00f3xima reuni\u00f3n de la Fed, que se llevar\u00e1 a cabo el 21 y 22 de marzo.<\/p>\n<p>Tomado de Amcham Colombia<\/p>\n","protected":false},"excerpt":{"rendered":"<p>AmCham Colombia presenta una nueva edici\u00f3n del Observatorio Estados Unidos, una actualizaci\u00f3n semanal sobre las noticias e informaci\u00f3n m\u00e1s relevantes con respecto a la econom\u00eda y comercio de este pa\u00eds. Bogot\u00e1, 14 de marzo de 2023 (AmCham Colombia).\u00a0\u2013\u00a0Los niveles de desempleo en Estados Unidos se ubicaron en 3,6% al cierre de febrero, apoyado por el<\/p>\n","protected":false},"author":1,"featured_media":10773,"comment_status":"closed","ping_status":"closed","sticky":false,"template":"","format":"standard","meta":{"footnotes":""},"categories":[342,181],"tags":[],"class_list":["post-10772","post","type-post","status-publish","format-standard","has-post-thumbnail","hentry","category-news","category-noticias"],"views":79,"_links":{"self":[{"href":"https:\/\/www.amchambaq.com\/es_co\/wp-json\/wp\/v2\/posts\/10772","targetHints":{"allow":["GET"]}}],"collection":[{"href":"https:\/\/www.amchambaq.com\/es_co\/wp-json\/wp\/v2\/posts"}],"about":[{"href":"https:\/\/www.amchambaq.com\/es_co\/wp-json\/wp\/v2\/types\/post"}],"author":[{"embeddable":true,"href":"https:\/\/www.amchambaq.com\/es_co\/wp-json\/wp\/v2\/users\/1"}],"replies":[{"embeddable":true,"href":"https:\/\/www.amchambaq.com\/es_co\/wp-json\/wp\/v2\/comments?post=10772"}],"version-history":[{"count":1,"href":"https:\/\/www.amchambaq.com\/es_co\/wp-json\/wp\/v2\/posts\/10772\/revisions"}],"predecessor-version":[{"id":10774,"href":"https:\/\/www.amchambaq.com\/es_co\/wp-json\/wp\/v2\/posts\/10772\/revisions\/10774"}],"wp:featuredmedia":[{"embeddable":true,"href":"https:\/\/www.amchambaq.com\/es_co\/wp-json\/wp\/v2\/media\/10773"}],"wp:attachment":[{"href":"https:\/\/www.amchambaq.com\/es_co\/wp-json\/wp\/v2\/media?parent=10772"}],"wp:term":[{"taxonomy":"category","embeddable":true,"href":"https:\/\/www.amchambaq.com\/es_co\/wp-json\/wp\/v2\/categories?post=10772"},{"taxonomy":"post_tag","embeddable":true,"href":"https:\/\/www.amchambaq.com\/es_co\/wp-json\/wp\/v2\/tags?post=10772"}],"curies":[{"name":"wp","href":"https:\/\/api.w.org\/{rel}","templated":true}]}}