{"id":10766,"date":"2023-03-15T08:37:04","date_gmt":"2023-03-15T13:37:04","guid":{"rendered":"https:\/\/www.amchambaq.com\/?p=10766"},"modified":"2023-03-15T08:37:04","modified_gmt":"2023-03-15T13:37:04","slug":"ee-uu-apoya-a-colombia-en-su-transicion-energetica","status":"publish","type":"post","link":"https:\/\/www.amchambaq.com\/es_co\/ee-uu-apoya-a-colombia-en-su-transicion-energetica\/","title":{"rendered":"EE. UU. apoya a Colombia en su transici\u00f3n energ\u00e9tica"},"content":{"rendered":"<p>Ryan Klang, asociado econ\u00f3mico del Departamento de Estado, manifest\u00f3 que existe inter\u00e9s por parte del presidente Joe Biden.<\/p>\n<div id=\"body\" class=\"content-article size-m\">\n<p>Seguir fortaleciendo las relaciones entre\u00a0<strong>Colombia y Estados Unidos\u00a0<\/strong>para avanzar en el desarrollo de energ\u00edas limpias fue una de las conclusiones que dej\u00f3 el foro\u00a0<strong>Transici\u00f3n Energ\u00e9tica:<\/strong>\u00a0mejorando la calidad de vida del Caribe.<\/p>\n<\/div>\n<div id=\"paragraphs\" class=\"content-article paragraphs size-m\">\n<div class=\"field-collection-container clearfix\">\n<div class=\"field field-name-field-contenido-articulos-2 field-type-field-collection field-label-hidden\">\n<div class=\"field-item even\">\n<div class=\"field-collection-view clearfix view-mode-full field-collection-view-final\">\n<div>\n<div class=\"content\">\n<div class=\"paragraphs-items paragraphs-items-field-campos paragraphs-items-field-campos-full paragraphs-items-full\">\n<div class=\"field field-name-field-campos field-type-paragraphs field-label-hidden\">\n<div class=\"field-item even\">\n<div id=\"relacionado-body\">\n<div class=\"box-title\">\n<div class=\"field-item odd\">\n<div class=\"entity entity-paragraphs-item paragraphs-item-descripcion\">\n<div class=\"content\">\n<div class=\"field field-name-field-descripcion field-type-text-long field-label-hidden\">\n<div class=\"field-items\">\n<div class=\"field-item even\">\n<p>Seg\u00fan\u00a0<strong>Ryan Klang<\/strong>, asociado econ\u00f3mico del Departamento de Estado de EE. UU., el presidente\u00a0<strong>Joe Biden<\/strong>\u00a0ha elevado el cambio clim\u00e1tico como uno de los principios centrales de su pol\u00edtica exterior, por lo que hay gran expectativa frente lo que pueda pasar en Colombia.<\/p>\n<p>\u201cEstamos entusiasmados de continuar fortaleciendo nuestra relaci\u00f3n bilateral con Colombia, aportando al\u00a0<strong>cambio clim\u00e1tico<\/strong>\u00a0y promoviendo juntos la transici\u00f3n energ\u00e9tica, y a su vez acelerar la transici\u00f3n global hacia un futuro bajo en carbono, ya que es una parte clave de ese trabajo\u201d, manifest\u00f3 Klang.<\/p>\n<p>Agreg\u00f3 que Colombia viene avanzando significativamente en materia de transici\u00f3n energ\u00e9tica, por lo que el apoyo de Estados Unidos ser\u00e1 fundamental en este proceso. El foro lo organiz\u00f3 la\u00a0<strong>C\u00e1mara de Comercio Colombo Americana\u00a0<\/strong>(AmCham Colombia).<\/p>\n<\/div>\n<\/div>\n<\/div>\n<\/div>\n<\/div>\n<\/div>\n<div class=\"field-item even\">\n<div id=\"relacionado-body\">\n<div class=\"box-title\">Tomado de: El Heraldo<\/div>\n<\/div>\n<\/div>\n<\/div>\n<\/div>\n<\/div>\n<\/div>\n<\/div>\n<\/div>\n<\/div>\n<\/div>\n<\/div>\n<\/div>\n<\/div>\n<\/div>\n","protected":false},"excerpt":{"rendered":"<p>Ryan Klang, asociado econ\u00f3mico del Departamento de Estado, manifest\u00f3 que existe inter\u00e9s por parte del presidente Joe Biden. Seguir fortaleciendo las relaciones entre\u00a0Colombia y Estados Unidos\u00a0para avanzar en el desarrollo de energ\u00edas limpias fue una de las conclusiones que dej\u00f3 el foro\u00a0Transici\u00f3n Energ\u00e9tica:\u00a0mejorando la calidad de vida del Caribe. Seg\u00fan\u00a0Ryan Klang, asociado econ\u00f3mico del Departamento<\/p>\n","protected":false},"author":1,"featured_media":10767,"comment_status":"closed","ping_status":"closed","sticky":false,"template":"","format":"standard","meta":{"footnotes":""},"categories":[342,181],"tags":[],"class_list":["post-10766","post","type-post","status-publish","format-standard","has-post-thumbnail","hentry","category-news","category-noticias"],"views":99,"_links":{"self":[{"href":"https:\/\/www.amchambaq.com\/es_co\/wp-json\/wp\/v2\/posts\/10766","targetHints":{"allow":["GET"]}}],"collection":[{"href":"https:\/\/www.amchambaq.com\/es_co\/wp-json\/wp\/v2\/posts"}],"about":[{"href":"https:\/\/www.amchambaq.com\/es_co\/wp-json\/wp\/v2\/types\/post"}],"author":[{"embeddable":true,"href":"https:\/\/www.amchambaq.com\/es_co\/wp-json\/wp\/v2\/users\/1"}],"replies":[{"embeddable":true,"href":"https:\/\/www.amchambaq.com\/es_co\/wp-json\/wp\/v2\/comments?post=10766"}],"version-history":[{"count":1,"href":"https:\/\/www.amchambaq.com\/es_co\/wp-json\/wp\/v2\/posts\/10766\/revisions"}],"predecessor-version":[{"id":10768,"href":"https:\/\/www.amchambaq.com\/es_co\/wp-json\/wp\/v2\/posts\/10766\/revisions\/10768"}],"wp:featuredmedia":[{"embeddable":true,"href":"https:\/\/www.amchambaq.com\/es_co\/wp-json\/wp\/v2\/media\/10767"}],"wp:attachment":[{"href":"https:\/\/www.amchambaq.com\/es_co\/wp-json\/wp\/v2\/media?parent=10766"}],"wp:term":[{"taxonomy":"category","embeddable":true,"href":"https:\/\/www.amchambaq.com\/es_co\/wp-json\/wp\/v2\/categories?post=10766"},{"taxonomy":"post_tag","embeddable":true,"href":"https:\/\/www.amchambaq.com\/es_co\/wp-json\/wp\/v2\/tags?post=10766"}],"curies":[{"name":"wp","href":"https:\/\/api.w.org\/{rel}","templated":true}]}}