{"id":10756,"date":"2023-03-10T09:45:32","date_gmt":"2023-03-10T14:45:32","guid":{"rendered":"https:\/\/www.amchambaq.com\/?p=10756"},"modified":"2023-03-10T09:45:32","modified_gmt":"2023-03-10T14:45:32","slug":"el-42-de-las-empresas-en-el-atlantico-aumento-sus-ventas","status":"publish","type":"post","link":"https:\/\/www.amchambaq.com\/es_co\/el-42-de-las-empresas-en-el-atlantico-aumento-sus-ventas\/","title":{"rendered":"El 42 % de las empresas en el Atl\u00e1ntico aument\u00f3 sus ventas"},"content":{"rendered":"<p>Resaltan que a pesar de que la econom\u00eda local ha venido sufriendo una desaceleraci\u00f3n, se evidencia una buena din\u00e1mica.<\/p>\n<p>Para el segundo semestre de 2022, el 42,1 % de las empresas afiliadas a la C\u00e1mara de Comercio de Barranquilla (CCB) indic\u00f3\u00a0<strong>aumentos en sus ventas<\/strong>, seg\u00fan la Encuesta de Ritmo Empresarial.<\/p>\n<p>La\u00a0<strong>vicepresidenta ejecutiva de la CCB<\/strong>, Mireylle Julliard Amador, resalt\u00f3 que a pesar de que la econom\u00eda local ha venido sufriendo una desaceleraci\u00f3n se evidencia una\u00a0<strong>buena din\u00e1mica\u00a0<\/strong>con respecto a las ventas y el empleo por parte de los empresarios.<\/p>\n<p>\u201cPara la \u00faltima mitad de 2022, 4 de cada 10 empleados dijeron que sus ventas experimentaron variaciones positivas,<strong>\u00a07 puntos porcentuales por encima\u00a0<\/strong>de la medida anterior. As\u00ed mismo, el n\u00famero de personal contratado aument\u00f3 5 puntos porcentuales por encima del semestre anterior, convirti\u00e9ndose en la cifra m\u00e1s alta desde la pandemia\u201d, dijo\u00a0<strong>Julliard Amador<\/strong>.<\/p>\n<p>A\u00f1adi\u00f3: \u201cEsto da un mensaje positivo del\u00a0<strong>dinamismo econ\u00f3mico<\/strong>, que a pesar de las presiones de desaceleraci\u00f3n que se tuvo en el \u00faltimo trimestre del a\u00f1o, arroj\u00f3 resultados positivos para el departamento del Atl\u00e1ntico\u201d.<\/p>\n<p>Tomado de: EL heraldo<\/p>\n","protected":false},"excerpt":{"rendered":"<p>Resaltan que a pesar de que la econom\u00eda local ha venido sufriendo una desaceleraci\u00f3n, se evidencia una buena din\u00e1mica. Para el segundo semestre de 2022, el 42,1 % de las empresas afiliadas a la C\u00e1mara de Comercio de Barranquilla (CCB) indic\u00f3\u00a0aumentos en sus ventas, seg\u00fan la Encuesta de Ritmo Empresarial. La\u00a0vicepresidenta ejecutiva de la CCB,<\/p>\n","protected":false},"author":1,"featured_media":10757,"comment_status":"closed","ping_status":"closed","sticky":false,"template":"","format":"standard","meta":{"footnotes":""},"categories":[342,181],"tags":[],"class_list":["post-10756","post","type-post","status-publish","format-standard","has-post-thumbnail","hentry","category-news","category-noticias"],"views":114,"_links":{"self":[{"href":"https:\/\/www.amchambaq.com\/es_co\/wp-json\/wp\/v2\/posts\/10756","targetHints":{"allow":["GET"]}}],"collection":[{"href":"https:\/\/www.amchambaq.com\/es_co\/wp-json\/wp\/v2\/posts"}],"about":[{"href":"https:\/\/www.amchambaq.com\/es_co\/wp-json\/wp\/v2\/types\/post"}],"author":[{"embeddable":true,"href":"https:\/\/www.amchambaq.com\/es_co\/wp-json\/wp\/v2\/users\/1"}],"replies":[{"embeddable":true,"href":"https:\/\/www.amchambaq.com\/es_co\/wp-json\/wp\/v2\/comments?post=10756"}],"version-history":[{"count":1,"href":"https:\/\/www.amchambaq.com\/es_co\/wp-json\/wp\/v2\/posts\/10756\/revisions"}],"predecessor-version":[{"id":10758,"href":"https:\/\/www.amchambaq.com\/es_co\/wp-json\/wp\/v2\/posts\/10756\/revisions\/10758"}],"wp:featuredmedia":[{"embeddable":true,"href":"https:\/\/www.amchambaq.com\/es_co\/wp-json\/wp\/v2\/media\/10757"}],"wp:attachment":[{"href":"https:\/\/www.amchambaq.com\/es_co\/wp-json\/wp\/v2\/media?parent=10756"}],"wp:term":[{"taxonomy":"category","embeddable":true,"href":"https:\/\/www.amchambaq.com\/es_co\/wp-json\/wp\/v2\/categories?post=10756"},{"taxonomy":"post_tag","embeddable":true,"href":"https:\/\/www.amchambaq.com\/es_co\/wp-json\/wp\/v2\/tags?post=10756"}],"curies":[{"name":"wp","href":"https:\/\/api.w.org\/{rel}","templated":true}]}}