{"id":10750,"date":"2023-03-10T09:39:34","date_gmt":"2023-03-10T14:39:34","guid":{"rendered":"https:\/\/www.amchambaq.com\/?p=10750"},"modified":"2023-03-10T09:39:34","modified_gmt":"2023-03-10T14:39:34","slug":"america-latina-cerca-de-ser-un-gigante-en-energias-renovables","status":"publish","type":"post","link":"https:\/\/www.amchambaq.com\/es_co\/america-latina-cerca-de-ser-un-gigante-en-energias-renovables\/","title":{"rendered":"Am\u00e9rica Latina, cerca de ser un gigante en energ\u00edas renovables"},"content":{"rendered":"<p>El continente lanzar\u00e1 proyectos de energ\u00eda solar y e\u00f3lica a gran escala para generar lo equivalente a alrededor del 70% de la capacidad regional.<\/p>\n<p>Am\u00e9rica Latina est\u00e1 a punto de convertirse en\u00a0<b>un importante productor de energ\u00edas renovables,<\/b>\u00a0con un equivalente a mil millones de paneles solares en proyectos a gran escala que entrar\u00e1n en funcionamiento hasta 2030, seg\u00fan un informe publicado el jueves.<\/p>\n<p>En una buena noticia en la lucha contra el cambio clim\u00e1tico, los investigadores se\u00f1alaron que el continente lanzar\u00e1 proyectos de energ\u00eda solar y e\u00f3lica a gran escala para generar m\u00e1s de 319 gigavatios,\u00a0<b>equivalente a alrededor del 70% de la capacidad regional\u00a0<\/b>de todas las fuentes de generaci\u00f3n combinadas en la actualidad.<\/p>\n<p>&#8220;<i>Rica en recursos e\u00f3licos y solares, Am\u00e9rica Latina tiene el potencial de ser un l\u00edder mundial en energ\u00eda renovable<\/i>&#8220;, dice el informe de Global Energy Monitor (GEM), una organizaci\u00f3n sin fines de lucro basada en Estados Unidos que monitorea el desarrollo de energ\u00eda limpia.<\/p>\n<p>Los proyectos,\u00a0<b>que incluyen instalaciones planificadas y en construcci\u00f3n, expandir\u00e1n en m\u00e1s de 460%\u00a0<\/b>la producci\u00f3n de energ\u00eda solar y e\u00f3lica, indica el estudio. Eso convertir\u00e1 a la regi\u00f3n en un &#8220;destacado&#8221; actor global en la producci\u00f3n de energ\u00edas renovables, dijo Kasandra O&#8217;Malia, gerente de proyectos de GEM.<\/p>\n<p id=\"p579671-m274-4-275\" class=\"parrafo\">&#8220;<i>Ya estamos viendo un gran repunte. Y con todos los proyectos planeados, ser\u00e1 una explosi\u00f3n exponencial<\/i>&#8220;, dijo a la AFP. Incluso si no se concretaran, la regi\u00f3n parece estar en un punto de inflexi\u00f3n y es probable que se anuncien m\u00e1s proyectos en los pr\u00f3ximos a\u00f1os, a\u00f1adi\u00f3.<\/p>\n<div id=\"p579671-m280-5-281\" class=\"highlighted\">\n<div id=\"m285-284-286\" class=\"tiemposBold3\">Brasil, l\u00edder del auge verde<\/div>\n<\/div>\n<p id=\"p579671-m292-6-293\" class=\"parrafo\">Brasil, la mayor econom\u00eda de Am\u00e9rica Latina, lidera el auge de la energ\u00eda verde, con 27 gigavatios de\u00a0<b>plantas solares y e\u00f3licas a gran escala en funcionamiento, y otros 217 gigavatios esperados hasta 2030<\/b>.<\/p>\n<p>El presidente Luiz In\u00e1cio Lula da Silva, quien asumi\u00f3 el poder en enero, prometi\u00f3 incrementar las energ\u00edas limpias y recomponer el liderazgo del pa\u00eds en la cuesti\u00f3n clim\u00e1tica, t<b>ras cuatro a\u00f1os de deterioro durante el gobierno del ultraderechista Jair Bolsonaro.<br \/>\n<\/b><br \/>\nPero este desarrollo\u00a0<b>se explica concretamente por una ley de 2012 que incentiv\u00f3 la energ\u00eda solar en Brasil<\/b>\u00a0al permitir que los productores privados vendieran electricidad directamente a la red, seg\u00fan Roberto Zilles, director del Instituto de Energ\u00eda y Medio Ambiente de la Universidad de Sao Paulo.<\/p>\n<p id=\"p579671-m298-7-299\" class=\"parrafo\">&#8220;Hoy es m\u00e1s barato producir tu propia energ\u00eda&#8221; que comprarla, explic\u00f3 a la AFP. El informe tambi\u00e9n destaca los desarrollos en Chile, tradicionalmente importador de combustibles f\u00f3siles, donde la energ\u00eda e\u00f3lica y solar ya representan 37% de la capacidad instalada. De su lado,\u00a0<b>Colombia proyecta incorporar 37 gigavatios de energ\u00edas solar y e\u00f3lica hasta 2030.<\/b><\/p>\n<div id=\"p579671-m304-8-305\" class=\"highlighted\">\n<div id=\"m309-308-310\" class=\"tiemposBold3\">M\u00e9xico, estancado<\/div>\n<\/div>\n<p id=\"p579671-m316-9-317\" class=\"parrafo\">Al contrario, M\u00e9xico, la segunda econom\u00eda latinoamericana, es un caso de preocupaci\u00f3n. El pa\u00eds, uno de los primeros en adoptar las energ\u00edas renovables,<b>\u00a0alberga actualmente los mayores proyectos solares y e\u00f3licos de Am\u00e9rica Latina.<\/b><\/p>\n<p>Pero los avances\u00a0<b>han disminuido desde las reformas energ\u00e9ticas de 2021 impulsadas por el presidente Andr\u00e9s Manuel L\u00f3pez Obrador<\/b>, un defensor de los combustibles f\u00f3siles que hizo de la revitalizaci\u00f3n de la petrolera estatal Pemex una piedra angular de su administraci\u00f3n. &#8220;M\u00e9xico se ha estancado&#8221;, dice el informe.<\/p>\n<p><i>&#8220;Incluso si todos los proyectos potenciales se pusieran en marcha, el pa\u00eds solo alcanzar\u00eda un 70% de su compromiso de generar 40 gigavatios de energ\u00eda solar y e\u00f3lica para 2030<\/i>&#8220;, agrega.<\/p>\n<p id=\"p579671-m322-10-323\" class=\"parrafo\">Por otra parte, el informe destaca que Am\u00e9rica Latina tiene un potencial especialmente\u00a0<b>grande como productor de energ\u00eda e\u00f3lica offshore (marina)<\/b>. Indica tambi\u00e9n que las exportaciones de energ\u00eda verde podr\u00edan otorgarle una ganancia econ\u00f3mica, ya sea exportando el excedente de electricidad o usando energ\u00edas renovables para producir hidr\u00f3geno verde para afuera.<\/p>\n<p id=\"p579671-m322-10-323\" class=\"parrafo\">La producci\u00f3n de energ\u00edas renovables se ha disparado en el mundo\u00a0<b>ante el descenso de los precios de los paneles solares y las turbinas e\u00f3licas<\/b>, una tendencia acentuada en el \u00faltimo a\u00f1o por el aumento de los combustibles f\u00f3siles impulsado por la invasi\u00f3n rusa a Ucrania.<\/p>\n<p>La Agencia Internacional de Energ\u00eda se\u00f1al\u00f3 en un informe en diciembre que las energ\u00edas renovables se convertir\u00e1n en la mayor fuente de generaci\u00f3n de electricidad mundial a principios de 2025, superando al carb\u00f3n. Pero la transici\u00f3n debe acelerarse para cumplir con el objetivo del acuerdo clim\u00e1tico de Par\u00eds de mantener el calentamiento global en +1,5 grados cent\u00edgrados, dijo O&#8217;Malia. Norteam\u00e9rica, Europa y China deben seguir el ejemplo de Am\u00e9rica Latina, indic\u00f3. &#8220;El resto del mundo no est\u00e1 haciendo su parte&#8221;.<\/p>\n<p id=\"p579671-m328-11-329\" class=\"parrafo\">Tomado de: Portafolio<\/p>\n","protected":false},"excerpt":{"rendered":"<p>El continente lanzar\u00e1 proyectos de energ\u00eda solar y e\u00f3lica a gran escala para generar lo equivalente a alrededor del 70% de la capacidad regional. Am\u00e9rica Latina est\u00e1 a punto de convertirse en\u00a0un importante productor de energ\u00edas renovables,\u00a0con un equivalente a mil millones de paneles solares en proyectos a gran escala que entrar\u00e1n en funcionamiento hasta<\/p>\n","protected":false},"author":1,"featured_media":10751,"comment_status":"closed","ping_status":"closed","sticky":false,"template":"","format":"standard","meta":{"footnotes":""},"categories":[342,181],"tags":[],"class_list":["post-10750","post","type-post","status-publish","format-standard","has-post-thumbnail","hentry","category-news","category-noticias"],"views":89,"_links":{"self":[{"href":"https:\/\/www.amchambaq.com\/es_co\/wp-json\/wp\/v2\/posts\/10750","targetHints":{"allow":["GET"]}}],"collection":[{"href":"https:\/\/www.amchambaq.com\/es_co\/wp-json\/wp\/v2\/posts"}],"about":[{"href":"https:\/\/www.amchambaq.com\/es_co\/wp-json\/wp\/v2\/types\/post"}],"author":[{"embeddable":true,"href":"https:\/\/www.amchambaq.com\/es_co\/wp-json\/wp\/v2\/users\/1"}],"replies":[{"embeddable":true,"href":"https:\/\/www.amchambaq.com\/es_co\/wp-json\/wp\/v2\/comments?post=10750"}],"version-history":[{"count":1,"href":"https:\/\/www.amchambaq.com\/es_co\/wp-json\/wp\/v2\/posts\/10750\/revisions"}],"predecessor-version":[{"id":10752,"href":"https:\/\/www.amchambaq.com\/es_co\/wp-json\/wp\/v2\/posts\/10750\/revisions\/10752"}],"wp:featuredmedia":[{"embeddable":true,"href":"https:\/\/www.amchambaq.com\/es_co\/wp-json\/wp\/v2\/media\/10751"}],"wp:attachment":[{"href":"https:\/\/www.amchambaq.com\/es_co\/wp-json\/wp\/v2\/media?parent=10750"}],"wp:term":[{"taxonomy":"category","embeddable":true,"href":"https:\/\/www.amchambaq.com\/es_co\/wp-json\/wp\/v2\/categories?post=10750"},{"taxonomy":"post_tag","embeddable":true,"href":"https:\/\/www.amchambaq.com\/es_co\/wp-json\/wp\/v2\/tags?post=10750"}],"curies":[{"name":"wp","href":"https:\/\/api.w.org\/{rel}","templated":true}]}}